{"id":10450,"date":"2020-05-12T23:53:17","date_gmt":"2020-05-13T02:53:17","guid":{"rendered":"https:\/\/kriocomics.com.br\/site\/?p=10450"},"modified":"2020-05-13T00:00:23","modified_gmt":"2020-05-13T03:00:23","slug":"conheca-os-seis-titulos-do-projeto-narrativas-perifericas-que-serao-lancados-em-maio-pela-editora-mino","status":"publish","type":"post","link":"https:\/\/kriocomics.com.br\/site\/conheca-os-seis-titulos-do-projeto-narrativas-perifericas-que-serao-lancados-em-maio-pela-editora-mino\/","title":{"rendered":"Conhe\u00e7a os seis t\u00edtulos do projeto Narrativas Perif\u00e9ricas que ser\u00e3o lan\u00e7ados em maio pela Editora Mino"},"content":{"rendered":"<p style=\"text-align: justify;\">Como o\u00a0<strong>Universo HQ<\/strong>\u00a0noticiou em mar\u00e7o,\u00a0o\u00a0projeto\u00a0<strong>Narrativas Perif\u00e9ricas<\/strong>\u00a0\u00e9 uma parceria entre a\u00a0<strong>Editora Mino<\/strong>,\u00a0<strong>Chiaroscuro Studios<\/strong>\u00a0e\u00a0<strong>PerifaCon<\/strong>\u00a0com o objetivo de trazer as vozes da periferia para dentro do cen\u00e1rio de quadrinhos do Brasil, criando maior diversidade de narrativas e perspectivas.<\/p>\n<p style=\"text-align: justify;\">Ap\u00f3s a bem-sucedida campanha no\u00a0<strong>Catarse<\/strong>, os t\u00edtulos ganharam data de lan\u00e7amento e sair\u00e3o no final de maio.<\/p>\n<p style=\"text-align: justify;\">Ao todo ser\u00e3o seis revistas produzidas por quadrinhistas iniciantes que passaram por um processo de sele\u00e7\u00e3o e participaram de diversos\u00a0<em>workshops<\/em>\u00a0ministrados por profissionais da \u00e1rea.<\/p>\n<p style=\"text-align: justify;\">Um pacote especial reunindo os t\u00edtulos\u00a0<strong><span style=\"color: #000080;\"><a style=\"color: #000080;\" href=\"http:\/\/editoramino.com\/loja\/produto\/pacote-narrativas-perifericas\/\" target=\"_blank\" rel=\"noopener noreferrer\">est\u00e1 em pr\u00e9-venda no site da\u00a0Mino<\/a><\/span><\/strong>, com 35% de desconto. Tamb\u00e9m \u00e9 poss\u00edvel comprar as edi\u00e7\u00f5es avulsas.<\/p>\n<p style=\"text-align: justify;\"><strong><span style=\"color: #000080;\"><a style=\"color: #000080;\" href=\"http:\/\/editoramino.com\/loja\/produto\/criancas-selvagens\/\" target=\"_blank\" rel=\"noopener noreferrer\"><em>Crian\u00e7as Selvagens<\/em><\/a><\/span><\/strong>\u00a0(formato 20 x 28 cm, 56 p\u00e1ginas, capa cartonada, R$ 35,00), por Gabu Brito. Ariel foge de seu lar abusivo e se junta a outros meninos de rua numa gangue. Juntos, descobrem a magia da amizade ao mesmo tempo em que lidam com a brutalidade da vida marginal. Uma hist\u00f3ria extremamente po\u00e9tica sobre os limites da inf\u00e2ncia e da imagina\u00e7\u00e3o num mundo desigual.<\/p>\n<p>&nbsp;<\/p>\n<p style=\"text-align: justify;\"><strong><span style=\"color: #000080;\"><a style=\"color: #000080;\" href=\"http:\/\/editoramino.com\/loja\/produto\/para-todos-os-tipos-de-vermes\/\" target=\"_blank\" rel=\"noopener noreferrer\"><em>Para todos os tipos de vermes<\/em><\/a><\/span><\/strong>\u00a0(formato 17 x 25 cm, 44 p\u00e1ginas, capa cartonada, R$ 35,00), por Kione Ayo. Ap\u00f3s perderem uma amiga de forma traum\u00e1tica e descobrirem o cruel funcionamento da sociedade com divis\u00e3o de classes do verme em que vivem, um grupo de jovens bola um plano para melhorar de vida e trapacear o sistema \u2013 o dif\u00edcil vai ser execut\u00e1-lo.<\/p>\n<p>&nbsp;<\/p>\n<p style=\"text-align: justify;\"><strong><span style=\"color: #000080;\"><a style=\"color: #000080;\" href=\"http:\/\/editoramino.com\/loja\/produto\/pomo\/\" target=\"_blank\" rel=\"noopener noreferrer\"><em>Pomo<\/em><\/a><\/span><\/strong>\u00a0(formato 17 x 25 cm, 64 p\u00e1ginas, capa cartonada, R$ 35,00), por Eryk Souza.\u00a0Num futuro dist\u00f3pico, um homem resgata e abriga ilegalmente um alien\u00edgena andr\u00f3gino cuja nave caiu. Enquanto tenta lidar com seus pr\u00f3prios desejos pela estranha criatura de outra ra\u00e7a, o c\u00edrculo come\u00e7a a se fechar ao redor dos dois enquanto toda a cidade parte numa ca\u00e7ada odiosa contra o intruso.<\/p>\n<p>&nbsp;<\/p>\n<p style=\"text-align: justify;\"><strong><span style=\"color: #000080;\"><a style=\"color: #000080;\" href=\"http:\/\/editoramino.com\/loja\/produto\/quando-a-musica-acabar\/\" target=\"_blank\" rel=\"noopener noreferrer\"><em>Quando a m\u00fasica acabar<\/em><\/a><\/span><\/strong>\u00a0(formato 17 x 25 cm, 44 p\u00e1ginas, capa cartonada, R$ 35,00), por Isaque Sagara. Era pra ser s\u00f3 uma festa de anivers\u00e1rio na periferia \u2013 mas os problemas de um grupo de amigos explodem como uma bomba e levam a vida de todos \u00e0s \u00faltimas consequ\u00eancia, numa noite que ir\u00e1 mudar o destino de todos eles.<\/p>\n<p>&nbsp;<\/p>\n<p style=\"text-align: justify;\"><strong><span style=\"color: #000080;\"><a style=\"color: #000080;\" href=\"http:\/\/editoramino.com\/loja\/produto\/shin\/\" target=\"_blank\" rel=\"noopener noreferrer\"><em>Shin<\/em><\/a><\/span><\/strong>\u00a0(formato 17 x 25 cm, 56 p\u00e1ginas, capa cartonada, R$ 35,00), por Isaac Santos.\u00a0Numa metr\u00f3pole futurista, a cultura shinobi respira novamente, dessa vez em meio ao caos urbano. Shin \u00e9 a hist\u00f3ria da miss\u00e3o final de um ninja com habilidades extraordin\u00e1rias \u2013 que, ap\u00f3s anos preso num emprego de mesa ordin\u00e1rio, est\u00e1 disposto a fazer o que for preciso para trazer um futuro melhor para sua filha.<\/p>\n<p>&nbsp;<\/p>\n<p style=\"text-align: justify;\"><strong><span style=\"color: #000080;\"><a style=\"color: #000080;\" href=\"http:\/\/editoramino.com\/loja\/produto\/thomas-la-vie-en-rose\/\" target=\"_blank\" rel=\"noopener noreferrer\"><em>Thomas \u2013 La vie en rose<\/em><\/a><\/span><\/strong> (formato 15 x 21,5 cm, 72 p\u00e1ginas, capa cartonada, R$ 35,00), por Arthur Pigs. Preso num emprego que odeia e sem conseguir superar o t\u00e9rmino de seu namoro, Thomas est\u00e1 deixando a vida passar \u2013 at\u00e9 o dia em que conhece Sara. Auxiliado por seu melhor amigo escrachado e por seu psic\u00f3logo fajuto, ele parte em uma jornada c\u00f4mica e tocante em busca da felicidade. O problema \u00e9 que nada \u00e9 assim t\u00e3o simples na vida de Thomas.<\/p>\n<p>&nbsp;<\/p>\n<p>&nbsp;<\/p>\n<p><em>Por: Samir Naliato<\/em><br \/>\n<em>Fonte: <strong><span style=\"color: #000080;\"><a style=\"color: #000080;\" href=\"http:\/\/www.universohq.com\/\" target=\"_blank\" rel=\"noopener noreferrer\">Universo HQ<\/a><\/span><\/strong><\/em><\/p>\n","protected":false},"excerpt":{"rendered":"<p>Como o\u00a0Universo HQ\u00a0noticiou em mar\u00e7o,\u00a0o\u00a0projeto\u00a0Narrativas Perif\u00e9ricas\u00a0\u00e9 uma parceria entre a\u00a0Editora Mino,\u00a0Chiaroscuro Studios\u00a0e\u00a0PerifaCon\u00a0com o objetivo de trazer as vozes da periferia<\/p>\n","protected":false},"author":2,"featured_media":10451,"comment_status":"open","ping_status":"open","sticky":false,"template":"","format":"standard","meta":{"sfsi_plus_gutenberg_text_before_share":"","sfsi_plus_gutenberg_show_text_before_share":"","sfsi_plus_gutenberg_icon_type":"","sfsi_plus_gutenberg_icon_alignemt":"","sfsi_plus_gutenburg_max_per_row":"","footnotes":""},"categories":[5],"tags":[134,4309,2779,4310,2595,1811],"class_list":["post-10450","post","type-post","status-publish","format-standard","has-post-thumbnail","hentry","category-noticias","tag-catarse","tag-chiaroscuro-studios","tag-editora-mino","tag-narrativas-perifericas","tag-perifacon","tag-universo-hq"],"_links":{"self":[{"href":"https:\/\/kriocomics.com.br\/site\/wp-json\/wp\/v2\/posts\/10450","targetHints":{"allow":["GET"]}}],"collection":[{"href":"https:\/\/kriocomics.com.br\/site\/wp-json\/wp\/v2\/posts"}],"about":[{"href":"https:\/\/kriocomics.com.br\/site\/wp-json\/wp\/v2\/types\/post"}],"author":[{"embeddable":true,"href":"https:\/\/kriocomics.com.br\/site\/wp-json\/wp\/v2\/users\/2"}],"replies":[{"embeddable":true,"href":"https:\/\/kriocomics.com.br\/site\/wp-json\/wp\/v2\/comments?post=10450"}],"version-history":[{"count":2,"href":"https:\/\/kriocomics.com.br\/site\/wp-json\/wp\/v2\/posts\/10450\/revisions"}],"predecessor-version":[{"id":10453,"href":"https:\/\/kriocomics.com.br\/site\/wp-json\/wp\/v2\/posts\/10450\/revisions\/10453"}],"wp:featuredmedia":[{"embeddable":true,"href":"https:\/\/kriocomics.com.br\/site\/wp-json\/wp\/v2\/media\/10451"}],"wp:attachment":[{"href":"https:\/\/kriocomics.com.br\/site\/wp-json\/wp\/v2\/media?parent=10450"}],"wp:term":[{"taxonomy":"category","embeddable":true,"href":"https:\/\/kriocomics.com.br\/site\/wp-json\/wp\/v2\/categories?post=10450"},{"taxonomy":"post_tag","embeddable":true,"href":"https:\/\/kriocomics.com.br\/site\/wp-json\/wp\/v2\/tags?post=10450"}],"curies":[{"name":"wp","href":"https:\/\/api.w.org\/{rel}","templated":true}]}}