{"id":10807,"date":"2020-06-20T04:19:23","date_gmt":"2020-06-20T07:19:23","guid":{"rendered":"https:\/\/kriocomics.com.br\/site\/?p=10807"},"modified":"2020-06-26T03:57:59","modified_gmt":"2020-06-26T06:57:59","slug":"mariguela-livre-editora-draco-publica-importante-hq-sobre-carlos-marighella","status":"publish","type":"post","link":"https:\/\/kriocomics.com.br\/site\/mariguela-livre-editora-draco-publica-importante-hq-sobre-carlos-marighella\/","title":{"rendered":"Mariguela #Livre &#8211; Editora Draco publica importante HQ sobre Carlos Marighella"},"content":{"rendered":"<p style=\"text-align: justify;\"><img loading=\"lazy\" decoding=\"async\" class=\"size-full wp-image-10809 alignleft\" src=\"https:\/\/kriocomics.com.br\/site\/wp-content\/uploads\/2020\/06\/Marighella-Livre-1.jpg\" alt=\"\" width=\"400\" height=\"204\" srcset=\"https:\/\/kriocomics.com.br\/site\/wp-content\/uploads\/2020\/06\/Marighella-Livre-1.jpg 400w, https:\/\/kriocomics.com.br\/site\/wp-content\/uploads\/2020\/06\/Marighella-Livre-1-300x153.jpg 300w\" sizes=\"auto, (max-width: 400px) 100vw, 400px\" \/>A\u00a0<strong>Editora Draco<\/strong>\u00a0est\u00e1 lan\u00e7ando um importante peda\u00e7o da hist\u00f3ria do Brasil. A HQ\u00a0<strong>Marighella #Livre<\/strong>\u00a0tem roteiro de<strong>\u00a0Rog\u00e9rio Faria<\/strong>\u00a0e artes de<strong>\u00a0Ricardo Sousa<\/strong>\u00a0e\u00a0<strong>Jefferson Costa<\/strong>. <!--more-->A publica\u00e7\u00e3o foi concebida depois de um vitorioso processo de financiamento coletivo no Catarse no ano passado. A publica\u00e7\u00e3o conta a trajet\u00f3ria do jovem comunista\u00a0<strong>Carlos Marighella<\/strong>, na d\u00e9cada de 30, durante a ditadura na era de Get\u00falio Vargas.<\/p>\n<p style=\"text-align: justify;\"><strong>Marighella #LIVRE<\/strong>\u00a0\u00e9 uma viagem pela vida do brasileiro que n\u00e3o teve tempo para ter medo a partir de uma perspectiva original e com uma mesma abordagem tem\u00e1tica: Carlos Marighella est\u00e1 livre. Nunca conseguiram derrot\u00e1-lo. A publica\u00e7\u00e3o se divide em tr\u00eas epis\u00f3dios:<\/p>\n<p style=\"text-align: justify;\">A pris\u00e3o e tortura do jovem comunista de 24 anos em 1936, \u00e0s v\u00e9speras do Estado Novo, quando era um desconhecido militante do PCB. A pris\u00e3o do revolucion\u00e1rio no cinema em 1964, durante a ditadura Civil-Militar, quando, com 52 anos e um tiro no peito, lutou contra 14 policiais. A covarde execu\u00e7\u00e3o do c\u00e9lebre guerrilheiro em 1969, \u00e9poca em que era reconhecido pelos militares como o Inimigo P\u00fablico n\u00ba 1 do Regime Militar.<\/p>\n<p style=\"text-align: justify;\"><strong>Marighella #Livre<\/strong>\u00a0tem base em diversas obras e relatos, como o da pris\u00e3o em<em>\u00a0\u201cSe fores preso, camarada\u201d<\/em>, em escritos de Marighella, como\u00a0<em>\u201cPor que resisti \u00e0 pris\u00e3o\u201d<\/em>\u00a0e\u00a0<em>\u201cMini manual do Guerrilheiro Urbano\u201d<\/em>. Nas obras como a biografia<strong>\u00a0Marighella: O guerrilheiro que incendiou o mundo<\/strong>, de\u00a0<strong>M\u00e1rio Magalh\u00e3es<\/strong>, e o document\u00e1rio<strong>\u00a0Marighella (2012)<\/strong>, de\u00a0<strong>Isa Grinspum Ferraz<\/strong>. E muitas pesquisas em revistas e jornais da d\u00e9cada de 60. A obra\u00a0<strong>Olga<\/strong>, de\u00a0<strong>Fernando Morais<\/strong>, e a sua vers\u00e3o cinematogr\u00e1fica (2004) de\u00a0<strong>Jayme Monjardim<\/strong>, que ajudaram com a contextualiza\u00e7\u00e3o da \u00e9poca e na constru\u00e7\u00e3o de outros personagens. At\u00e9 uma novela de \u00e9poca,\u00a0<strong>Esperan\u00e7a<\/strong>, de\u00a0<strong>Benedito Ruy Barbosa<\/strong>, foi importante para ambienta\u00e7\u00e3o e caracteriza\u00e7\u00e3o.<\/p>\n<p style=\"text-align: justify;\"><strong>Marighella #Livre<\/strong>\u00a0tem formato\u00a0<em>17 X 24 cm<\/em>, 64 p\u00e1ginas e j\u00e1 est\u00e1 \u00e0 venda no site da\u00a0<strong>Editora Draco<\/strong>, \u00e9 s\u00f3 clicar<strong><span style=\"color: #000080;\"><a style=\"color: #000080;\" href=\"https:\/\/editoradraco.com\/produto\/marighella-livre\/\" target=\"_blank\" rel=\"noopener noreferrer\">\u00a0AQUI<\/a><\/span><\/strong>.<\/p>\n<p>&nbsp;<\/p>\n<p><em>Por: Ricardo Ramos<\/em><br \/>\n<em>Fonte: <strong><span style=\"color: #000080;\"><a style=\"color: #000080;\" href=\"https:\/\/www.torredevigilancia.com\/\" target=\"_blank\" rel=\"noopener noreferrer\">Torre de Vigil\u00e2ncia<\/a><\/span><\/strong><\/em><\/p>\n<p>&nbsp;<\/p>\n","protected":false},"excerpt":{"rendered":"<p>A\u00a0Editora Draco\u00a0est\u00e1 lan\u00e7ando um importante peda\u00e7o da hist\u00f3ria do Brasil. A HQ\u00a0Marighella #Livre\u00a0tem roteiro de\u00a0Rog\u00e9rio Faria\u00a0e artes de\u00a0Ricardo Sousa\u00a0e\u00a0Jefferson Costa.<\/p>\n","protected":false},"author":2,"featured_media":10808,"comment_status":"open","ping_status":"open","sticky":false,"template":"","format":"standard","meta":{"sfsi_plus_gutenberg_text_before_share":"","sfsi_plus_gutenberg_show_text_before_share":"","sfsi_plus_gutenberg_icon_type":"","sfsi_plus_gutenberg_icon_alignemt":"","sfsi_plus_gutenburg_max_per_row":"","footnotes":""},"categories":[5,1],"tags":[4477,4478],"class_list":["post-10807","post","type-post","status-publish","format-standard","has-post-thumbnail","hentry","category-noticias","category-ultimas-noticias","tag-editora-draco","tag-marighella-livre"],"_links":{"self":[{"href":"https:\/\/kriocomics.com.br\/site\/wp-json\/wp\/v2\/posts\/10807","targetHints":{"allow":["GET"]}}],"collection":[{"href":"https:\/\/kriocomics.com.br\/site\/wp-json\/wp\/v2\/posts"}],"about":[{"href":"https:\/\/kriocomics.com.br\/site\/wp-json\/wp\/v2\/types\/post"}],"author":[{"embeddable":true,"href":"https:\/\/kriocomics.com.br\/site\/wp-json\/wp\/v2\/users\/2"}],"replies":[{"embeddable":true,"href":"https:\/\/kriocomics.com.br\/site\/wp-json\/wp\/v2\/comments?post=10807"}],"version-history":[{"count":1,"href":"https:\/\/kriocomics.com.br\/site\/wp-json\/wp\/v2\/posts\/10807\/revisions"}],"predecessor-version":[{"id":10810,"href":"https:\/\/kriocomics.com.br\/site\/wp-json\/wp\/v2\/posts\/10807\/revisions\/10810"}],"wp:featuredmedia":[{"embeddable":true,"href":"https:\/\/kriocomics.com.br\/site\/wp-json\/wp\/v2\/media\/10808"}],"wp:attachment":[{"href":"https:\/\/kriocomics.com.br\/site\/wp-json\/wp\/v2\/media?parent=10807"}],"wp:term":[{"taxonomy":"category","embeddable":true,"href":"https:\/\/kriocomics.com.br\/site\/wp-json\/wp\/v2\/categories?post=10807"},{"taxonomy":"post_tag","embeddable":true,"href":"https:\/\/kriocomics.com.br\/site\/wp-json\/wp\/v2\/tags?post=10807"}],"curies":[{"name":"wp","href":"https:\/\/api.w.org\/{rel}","templated":true}]}}