{"id":10928,"date":"2020-07-02T03:16:47","date_gmt":"2020-07-02T06:16:47","guid":{"rendered":"https:\/\/kriocomics.com.br\/site\/?p=10928"},"modified":"2020-08-01T00:50:52","modified_gmt":"2020-08-01T03:50:52","slug":"paracuellos-obra-premiada-de-carlos-gimenez-chega-ao-brasil-pela-editora-comix-zone","status":"publish","type":"post","link":"https:\/\/kriocomics.com.br\/site\/paracuellos-obra-premiada-de-carlos-gimenez-chega-ao-brasil-pela-editora-comix-zone\/","title":{"rendered":"Paracuellos, obra premiada de Carlos Gim\u00e9nez chega ao Brasil pela Editora Comix Zone"},"content":{"rendered":"<p style=\"text-align: justify;\">Est\u00e1 chegando no Brasil a graphic novel\u00a0<strong>Paracuellos<\/strong>\u00a0do ic\u00f4nico quadrinhista espanhol\u00a0<strong>Carlos Gim\u00e9nez<\/strong>. <!--more-->Iniciada como uma s\u00e9rie autobiogr\u00e1fica no ano de 1976 na revista\u00a0<strong>Muchas Gracias<\/strong>\u00a0e logo se tornou uma importante publica\u00e7\u00e3o do autor, sendo vencedora de pr\u00eamios na Europa como\u00a0<strong>Melhor \u00c1lbum<\/strong>\u00a0no\u00a0<strong>Festival de Angoul\u00eame<\/strong>\u00a0(1981) e o<strong>\u00a0Pr\u00eamio do Patrim\u00f4nio<\/strong>\u00a0(2010). A publica\u00e7\u00e3o \u00e9 da\u00a0<strong>Editora Comix Zone<\/strong>.<\/p>\n<p style=\"text-align: justify;\"><strong>Carlos Gim\u00e9nez<\/strong>\u00a0conta em\u00a0<strong>Paracuellos<\/strong>\u00a0as torturas e as dificuldades de seus anos vivendo em uma casa de assist\u00eancia social com outras crian\u00e7as, com a situa\u00e7\u00e3o pol\u00edtica espanhola permeando como pano de fundo. Confira a sinopse abaixo:<\/p>\n<p style=\"text-align: justify;\"><em>\u201cNa Espanha franquista do p\u00f3s-guerra, in\u00fameras crian\u00e7as \u00f3rf\u00e3s ou abandonadas cresceram em abrigos do Aux\u00edlio Social. Desamparadas e longe de suas fam\u00edlias, os tempos s\u00e3o duros para elas e os momentos de alegria, raros. <\/em><em>Pablito, Adolfo, Perib\u00e1\u00f1ez e muitos outros aprender\u00e3o nessas dif\u00edceis condi\u00e7\u00f5es o que \u00e9 medo, crueldade e vingan\u00e7a, mas tamb\u00e9m amizade e fraternidade. Eles criar\u00e3o la\u00e7os indissol\u00faveis que lhes permitir\u00e3o tornar-se os homens do amanh\u00e3.\u201d<\/em><\/p>\n<p style=\"text-align: justify;\"><strong>Carlos Gim\u00e9nez<\/strong>\u00a0busca dramatizar o elo entre o corpo humano e o corpo pol\u00edtico em\u00a0<strong>Paracuellos<\/strong>. Sendo um espelho que muitos na pr\u00f3pria Espanha consideravam um cap\u00edtulo da hist\u00f3ria que n\u00e3o era mais discutido. De como os ac\u00f3litos de Francisco Franco usavam de todas as ferramentas para subjuga\u00e7\u00e3o (disciplina, regulamenta\u00e7\u00e3o do tempo, classifica\u00e7\u00e3o corporal e segrega\u00e7\u00e3o for\u00e7ada) para reeducar as mentes jovens. Gim\u00e9nez come\u00e7ou a produzir\u00a0<strong>Paracuellos<\/strong>\u00a0um ano ap\u00f3s a morte do Ditador Franco.<\/p>\n<p style=\"text-align: justify;\"><strong>Paracuellos<\/strong>\u00a0tem o formato\u00a0<em>21,5 x 29 cm<\/em>, 208 p\u00e1ginas, capa dura, tradu\u00e7\u00e3o de\u00a0<strong>Jana Bianchi<\/strong>\u00a0e pre\u00e7o de capa de R$ 89,90. Mas na pr\u00e9-venda exclusiva na\u00a0<strong><span style=\"color: #000080;\"><a style=\"color: #000080;\" href=\"https:\/\/amzn.to\/38ec0XC\" target=\"_blank\" rel=\"noopener noreferrer\">Amazon est\u00e1 com 30% de desconto<\/a><\/span><\/strong>\u00a0e frete gr\u00e1tis para os usu\u00e1rios\u00a0<strong>Prime<\/strong>.<\/p>\n<p>&nbsp;<\/p>\n<p><em>Por: Ricardo Ramos<\/em><br \/>\n<em>Fonte: <strong><span style=\"color: #000080;\"><a style=\"color: #000080;\" href=\"https:\/\/www.torredevigilancia.com\/\" target=\"_blank\" rel=\"noopener noreferrer\">Torre de Vigil\u00e2ncia<\/a><\/span><\/strong><\/em><\/p>\n","protected":false},"excerpt":{"rendered":"<p>Est\u00e1 chegando no Brasil a graphic novel\u00a0Paracuellos\u00a0do ic\u00f4nico quadrinhista espanhol\u00a0Carlos Gim\u00e9nez.<\/p>\n","protected":false},"author":2,"featured_media":10929,"comment_status":"open","ping_status":"open","sticky":false,"template":"","format":"standard","meta":{"sfsi_plus_gutenberg_text_before_share":"","sfsi_plus_gutenberg_show_text_before_share":"","sfsi_plus_gutenberg_icon_type":"","sfsi_plus_gutenberg_icon_alignemt":"","sfsi_plus_gutenburg_max_per_row":"","footnotes":""},"categories":[5,1],"tags":[4534,632,4535],"class_list":["post-10928","post","type-post","status-publish","format-standard","has-post-thumbnail","hentry","category-noticias","category-ultimas-noticias","tag-carlos-gimenez","tag-graphic-novel","tag-paracuellos"],"_links":{"self":[{"href":"https:\/\/kriocomics.com.br\/site\/wp-json\/wp\/v2\/posts\/10928","targetHints":{"allow":["GET"]}}],"collection":[{"href":"https:\/\/kriocomics.com.br\/site\/wp-json\/wp\/v2\/posts"}],"about":[{"href":"https:\/\/kriocomics.com.br\/site\/wp-json\/wp\/v2\/types\/post"}],"author":[{"embeddable":true,"href":"https:\/\/kriocomics.com.br\/site\/wp-json\/wp\/v2\/users\/2"}],"replies":[{"embeddable":true,"href":"https:\/\/kriocomics.com.br\/site\/wp-json\/wp\/v2\/comments?post=10928"}],"version-history":[{"count":3,"href":"https:\/\/kriocomics.com.br\/site\/wp-json\/wp\/v2\/posts\/10928\/revisions"}],"predecessor-version":[{"id":10932,"href":"https:\/\/kriocomics.com.br\/site\/wp-json\/wp\/v2\/posts\/10928\/revisions\/10932"}],"wp:featuredmedia":[{"embeddable":true,"href":"https:\/\/kriocomics.com.br\/site\/wp-json\/wp\/v2\/media\/10929"}],"wp:attachment":[{"href":"https:\/\/kriocomics.com.br\/site\/wp-json\/wp\/v2\/media?parent=10928"}],"wp:term":[{"taxonomy":"category","embeddable":true,"href":"https:\/\/kriocomics.com.br\/site\/wp-json\/wp\/v2\/categories?post=10928"},{"taxonomy":"post_tag","embeddable":true,"href":"https:\/\/kriocomics.com.br\/site\/wp-json\/wp\/v2\/tags?post=10928"}],"curies":[{"name":"wp","href":"https:\/\/api.w.org\/{rel}","templated":true}]}}