{"id":13726,"date":"2021-02-12T02:30:37","date_gmt":"2021-02-12T05:30:37","guid":{"rendered":"https:\/\/kriocomics.com.br\/site\/?p=13726"},"modified":"2021-02-14T02:29:51","modified_gmt":"2021-02-14T05:29:51","slug":"revolta-da-vacina-hq-que-retrata-crise-sanitaria-de-1904-e-lancada-pela-darkside","status":"publish","type":"post","link":"https:\/\/kriocomics.com.br\/site\/revolta-da-vacina-hq-que-retrata-crise-sanitaria-de-1904-e-lancada-pela-darkside\/","title":{"rendered":"Revolta da Vacina, HQ que retrata crise sanit\u00e1ria de 1904, \u00e9 lan\u00e7ada pela Darkside"},"content":{"rendered":"<p style=\"text-align: center;\"><em>Obra \u00e9 a primeira de Andr\u00e9 Diniz a sair pela editora<\/em><\/p>\n<p style=\"text-align: justify;\">A vacina\u00e7\u00e3o \u00e9 uma das mais importantes medidas sanit\u00e1rias tomadas na preven\u00e7\u00e3o de doen\u00e7as e, em 1904, o Brasil vivia uma grande crise envolvendo essa quest\u00e3o, a chamada Revolta da Vacina. Esse importante marco na hist\u00f3ria do pa\u00eds \u00e9 pano de fundo da nova HQ de\u00a0<strong>Andr\u00e9 Diniz<\/strong>, intitulada\u00a0<em><strong>Revolta da Vacina<\/strong><\/em>, lan\u00e7ada pela editora\u00a0<strong>DarkSide Books<\/strong>.<\/p>\n<p style=\"text-align: justify;\">Na mudan\u00e7a de Imp\u00e9rio para Rep\u00fablica, o pa\u00eds tentava se ajustar \u00e0s mudan\u00e7as de governo ao mesmo tempo em que doen\u00e7as come\u00e7aram a se proliferar, como var\u00edola, febre amarela e peste bub\u00f4nica. O epicentro de toda essa crise era o Rio de Janeiro, a ent\u00e3o Capital Federal do Brasil, onde a crise social era tamb\u00e9m uma crise urbana. Em meio ao caos, o sanitarista Oswaldo Cruz encontrou uma solu\u00e7\u00e3o: a vacina compuls\u00f3ria, o que gerou uma grande revolta popular.<\/p>\n<p style=\"text-align: justify;\">Em meio a todo este contexto hist\u00f3rico,\u00a0<em>Revolta da Vacina<\/em>\u00a0acompanha a trajet\u00f3ria de Zelito, um\u00a0 um jovem ilustrador cearense que parte para o Rio de Janeiro e tem seis meses para provar ao pai que poder\u00e1 construir uma carreira de futuro. Na capital, enquanto procura trabalho como cartunista nos jornais, ele se envolve nas manifesta\u00e7\u00f5es que iriam culminar na rebeli\u00e3o que sacudiu a cidade naquele ano de 1904.<\/p>\n<p style=\"text-align: justify;\"><em>Revolta da Vacina<\/em>\u00a0\u00e9 a primeira obra do quadrinista Andr\u00e9 Diniz a ser lan\u00e7ada pela Darkside Books.<\/p>\n<p>&nbsp;<\/p>\n<p><em>Por: Fernanda Talarico<\/em><br \/>\n<em>Fonte: <strong><span style=\"color: #000080;\"><a style=\"color: #000080;\" href=\"https:\/\/jovemnerd.com.br\/\" target=\"_blank\" rel=\"noopener noreferrer\">Jovem Nerd<\/a><\/span><\/strong><\/em><\/p>\n<p>&nbsp;<\/p>\n","protected":false},"excerpt":{"rendered":"<p>Obra \u00e9 a primeira de Andr\u00e9 Diniz a sair pela editora A vacina\u00e7\u00e3o \u00e9 uma das mais importantes medidas sanit\u00e1rias<\/p>\n","protected":false},"author":2,"featured_media":13728,"comment_status":"open","ping_status":"open","sticky":false,"template":"","format":"standard","meta":{"sfsi_plus_gutenberg_text_before_share":"","sfsi_plus_gutenberg_show_text_before_share":"","sfsi_plus_gutenberg_icon_type":"","sfsi_plus_gutenberg_icon_alignemt":"","sfsi_plus_gutenburg_max_per_row":"","footnotes":""},"categories":[5,1],"tags":[5638,4644,5637],"class_list":["post-13726","post","type-post","status-publish","format-standard","has-post-thumbnail","hentry","category-noticias","category-ultimas-noticias","tag-andre-diniz","tag-darkside-books","tag-revolta-da-vacina"],"_links":{"self":[{"href":"https:\/\/kriocomics.com.br\/site\/wp-json\/wp\/v2\/posts\/13726","targetHints":{"allow":["GET"]}}],"collection":[{"href":"https:\/\/kriocomics.com.br\/site\/wp-json\/wp\/v2\/posts"}],"about":[{"href":"https:\/\/kriocomics.com.br\/site\/wp-json\/wp\/v2\/types\/post"}],"author":[{"embeddable":true,"href":"https:\/\/kriocomics.com.br\/site\/wp-json\/wp\/v2\/users\/2"}],"replies":[{"embeddable":true,"href":"https:\/\/kriocomics.com.br\/site\/wp-json\/wp\/v2\/comments?post=13726"}],"version-history":[{"count":3,"href":"https:\/\/kriocomics.com.br\/site\/wp-json\/wp\/v2\/posts\/13726\/revisions"}],"predecessor-version":[{"id":13730,"href":"https:\/\/kriocomics.com.br\/site\/wp-json\/wp\/v2\/posts\/13726\/revisions\/13730"}],"wp:featuredmedia":[{"embeddable":true,"href":"https:\/\/kriocomics.com.br\/site\/wp-json\/wp\/v2\/media\/13728"}],"wp:attachment":[{"href":"https:\/\/kriocomics.com.br\/site\/wp-json\/wp\/v2\/media?parent=13726"}],"wp:term":[{"taxonomy":"category","embeddable":true,"href":"https:\/\/kriocomics.com.br\/site\/wp-json\/wp\/v2\/categories?post=13726"},{"taxonomy":"post_tag","embeddable":true,"href":"https:\/\/kriocomics.com.br\/site\/wp-json\/wp\/v2\/tags?post=13726"}],"curies":[{"name":"wp","href":"https:\/\/api.w.org\/{rel}","templated":true}]}}