{"id":14159,"date":"2021-02-25T12:28:12","date_gmt":"2021-02-25T15:28:12","guid":{"rendered":"https:\/\/kriocomics.com.br\/site\/?p=14159"},"modified":"2021-02-25T12:28:12","modified_gmt":"2021-02-25T15:28:12","slug":"panorama-jangada-inicia-chamada-publica-de-projetos-liderados-por-artistas-do-rio-de-janeiro","status":"publish","type":"post","link":"https:\/\/kriocomics.com.br\/site\/panorama-jangada-inicia-chamada-publica-de-projetos-liderados-por-artistas-do-rio-de-janeiro\/","title":{"rendered":"Panorama Jangada inicia chamada p\u00fablica de projetos liderados por artistas do Rio de Janeiro"},"content":{"rendered":"<div id=\"v1gmail-m_1390906071224596330replybody1\">\n<div dir=\"ltr\">\n<p style=\"text-align: justify;\">O Festival Panorama, um dos principais eventos art\u00edsticos do Brasil, lan\u00e7a este ano o Panorama Jangada, um projeto criado no per\u00edodo da pandemia, que tem como principal miss\u00e3o abrir ainda mais o leque de oportunidades para os artistas. Em um momento delicado como esse para a classe art\u00edstica, a iniciativa vai apoiar cinco cria\u00e7\u00f5es fluminenses com R$16 mil reais. No segundo semestre, ser\u00e1 a vez do Panorama Raft, que vai contemplar obras de outros estados e pa\u00edses.<\/p>\n<p style=\"text-align: justify;\">Para os interessados em participar da primeira sele\u00e7\u00e3o, basta preencher o formul\u00e1rio no link: <strong><span style=\"color: #000080;\"><a style=\"color: #000080;\" href=\"https:\/\/cutt.ly\/ZkEFqjO\" target=\"_blank\" rel=\"noopener noreferrer\">https:\/\/cutt.ly\/ZkEFqjO<\/a><\/span><\/strong> O projeto inscrito deve ser pensado em colabora\u00e7\u00e3o com outros artistas, ter no m\u00ednimo 30 minutos e ser criado para exibi\u00e7\u00e3o online ou de forma h\u00edbrida. Al\u00e9m disso, pode ter outras fontes de recurso ou coprodutores, mas precisa ser visto pela primeira vez no Panorama Jangada em abril de 2021. As inscri\u00e7\u00f5es podem ser realizadas at\u00e9 quinta-feira, 25 de fevereiro, e o resultado com as cinco obras selecionadas ser\u00e1 divulgado no dia 5 de mar\u00e7o.<\/p>\n<p style=\"text-align: justify;\">A iniciativa \u00e9 financiada com recursos da Lei Aldir Blanc, atrav\u00e9s da Chamada Emergencial no 4\/2020 &#8211; Fomenta Festival RJ, da Secretaria de Estado de Cultura e Economia Criativa do Rio de Janeiro.<\/p>\n<\/div>\n<\/div>\n<p>&nbsp;<\/p>\n<p><em>Por: Michelle Antelo<\/em><\/p>\n","protected":false},"excerpt":{"rendered":"<p>O Festival Panorama, um dos principais eventos art\u00edsticos do Brasil, lan\u00e7a este ano o Panorama Jangada, um projeto criado no<\/p>\n","protected":false},"author":2,"featured_media":14160,"comment_status":"open","ping_status":"open","sticky":false,"template":"","format":"standard","meta":{"sfsi_plus_gutenberg_text_before_share":"","sfsi_plus_gutenberg_show_text_before_share":"","sfsi_plus_gutenberg_icon_type":"","sfsi_plus_gutenberg_icon_alignemt":"","sfsi_plus_gutenburg_max_per_row":"","footnotes":""},"categories":[5],"tags":[5797,5798],"class_list":["post-14159","post","type-post","status-publish","format-standard","has-post-thumbnail","hentry","category-noticias","tag-festival-panorama","tag-panorama-jangada"],"_links":{"self":[{"href":"https:\/\/kriocomics.com.br\/site\/wp-json\/wp\/v2\/posts\/14159","targetHints":{"allow":["GET"]}}],"collection":[{"href":"https:\/\/kriocomics.com.br\/site\/wp-json\/wp\/v2\/posts"}],"about":[{"href":"https:\/\/kriocomics.com.br\/site\/wp-json\/wp\/v2\/types\/post"}],"author":[{"embeddable":true,"href":"https:\/\/kriocomics.com.br\/site\/wp-json\/wp\/v2\/users\/2"}],"replies":[{"embeddable":true,"href":"https:\/\/kriocomics.com.br\/site\/wp-json\/wp\/v2\/comments?post=14159"}],"version-history":[{"count":1,"href":"https:\/\/kriocomics.com.br\/site\/wp-json\/wp\/v2\/posts\/14159\/revisions"}],"predecessor-version":[{"id":14161,"href":"https:\/\/kriocomics.com.br\/site\/wp-json\/wp\/v2\/posts\/14159\/revisions\/14161"}],"wp:featuredmedia":[{"embeddable":true,"href":"https:\/\/kriocomics.com.br\/site\/wp-json\/wp\/v2\/media\/14160"}],"wp:attachment":[{"href":"https:\/\/kriocomics.com.br\/site\/wp-json\/wp\/v2\/media?parent=14159"}],"wp:term":[{"taxonomy":"category","embeddable":true,"href":"https:\/\/kriocomics.com.br\/site\/wp-json\/wp\/v2\/categories?post=14159"},{"taxonomy":"post_tag","embeddable":true,"href":"https:\/\/kriocomics.com.br\/site\/wp-json\/wp\/v2\/tags?post=14159"}],"curies":[{"name":"wp","href":"https:\/\/api.w.org\/{rel}","templated":true}]}}