{"id":15092,"date":"2021-04-06T01:28:32","date_gmt":"2021-04-06T04:28:32","guid":{"rendered":"https:\/\/kriocomics.com.br\/site\/?p=15092"},"modified":"2021-04-06T01:29:15","modified_gmt":"2021-04-06T04:29:15","slug":"santos-comic-expo-agora-tambem-e-editora-e-lanca-hq-guerreiro","status":"publish","type":"post","link":"https:\/\/kriocomics.com.br\/site\/santos-comic-expo-agora-tambem-e-editora-e-lanca-hq-guerreiro\/","title":{"rendered":"Santos Comic Expo agora tamb\u00e9m \u00e9 editora e lan\u00e7a HQ Guerreiro"},"content":{"rendered":"<p style=\"text-align: justify;\"><img loading=\"lazy\" decoding=\"async\" class=\"size-full wp-image-15093 alignleft\" src=\"https:\/\/kriocomics.com.br\/site\/wp-content\/uploads\/2021\/04\/Guerreiro.jpg\" alt=\"\" width=\"250\" height=\"382\" srcset=\"https:\/\/kriocomics.com.br\/site\/wp-content\/uploads\/2021\/04\/Guerreiro.jpg 250w, https:\/\/kriocomics.com.br\/site\/wp-content\/uploads\/2021\/04\/Guerreiro-196x300.jpg 196w\" sizes=\"auto, (max-width: 250px) 100vw, 250px\" \/>Criada em 2013 para promover as hist\u00f3rias em quadrinhos no litoral paulista, a\u00a0<strong><span style=\"color: #000080;\"><a style=\"color: #000080;\" href=\"http:\/\/www.facebook.com\/santoscomicexpo\" target=\"_blank\" rel=\"noopener noreferrer\">Santos Comic Expo<\/a><\/span><\/strong>\u00a0virou uma das principais conven\u00e7\u00f5es de gibis do pa\u00eds e, desde ent\u00e3o, tem ajudado a formar novos leitores para a nona arte, al\u00e9m de movimentar a cadeia produtiva, cultural e tur\u00edstica da regi\u00e3o.<\/p>\n<p style=\"text-align: justify;\">A pandemia impossibilitou a realiza\u00e7\u00e3o do evento em 2020, mas em 2021 o evento est\u00e1 confirmado, em edi\u00e7\u00e3o inicialmente virtual.<\/p>\n<p style=\"text-align: justify;\">Agora tamb\u00e9m como editora, a conven\u00e7\u00e3o lan\u00e7a uma revista reunindo materiais nacionais com autores da regi\u00e3o da Baixada Santista. Trata-se de\u00a0<em>Guerreiro<\/em>\u00a0(formato 17 x 26 cm, 48 p\u00e1ginas, R$ 15,00), com cinco hist\u00f3rias completas com muita a\u00e7\u00e3o e aventura.<\/p>\n<p style=\"text-align: justify;\">A HQ est\u00e1 em pr\u00e9-venda na\u00a0<strong><span style=\"color: #000080;\"><a style=\"color: #000080;\" href=\"https:\/\/www.catarse.me\/guerreirohq\" target=\"_blank\" rel=\"noopener noreferrer\">plataforma colaborativa\u00a0Catarse<\/a><\/span><\/strong>.<\/p>\n<p style=\"text-align: justify;\">A capa de\u00a0<em>Guerreiro<\/em>\u00a0\u00e9 assinada por Gabriel Jardim. \u00a0Tamb\u00e9m participam da edi\u00e7\u00e3o Amilton Santos, Irapuan Luiz, Clayton Inloco e Jazz Miranda.<\/p>\n<p>&nbsp;<\/p>\n<p><em>Por: Marcelo Naranjo<\/em><br \/>\n<em>Fonte: <strong><span style=\"color: #000080;\"><a style=\"color: #000080;\" href=\"http:\/\/universohq.com\/\" target=\"_blank\" rel=\"noopener noreferrer\">Universo HQ<\/a><\/span><\/strong><\/em><\/p>\n","protected":false},"excerpt":{"rendered":"<p>Criada em 2013 para promover as hist\u00f3rias em quadrinhos no litoral paulista, a\u00a0Santos Comic Expo\u00a0virou uma das principais conven\u00e7\u00f5es de<\/p>\n","protected":false},"author":2,"featured_media":15094,"comment_status":"open","ping_status":"open","sticky":false,"template":"","format":"standard","meta":{"sfsi_plus_gutenberg_text_before_share":"","sfsi_plus_gutenberg_show_text_before_share":"","sfsi_plus_gutenberg_icon_type":"","sfsi_plus_gutenberg_icon_alignemt":"","sfsi_plus_gutenburg_max_per_row":"","footnotes":""},"categories":[5],"tags":[],"class_list":["post-15092","post","type-post","status-publish","format-standard","has-post-thumbnail","hentry","category-noticias"],"_links":{"self":[{"href":"https:\/\/kriocomics.com.br\/site\/wp-json\/wp\/v2\/posts\/15092","targetHints":{"allow":["GET"]}}],"collection":[{"href":"https:\/\/kriocomics.com.br\/site\/wp-json\/wp\/v2\/posts"}],"about":[{"href":"https:\/\/kriocomics.com.br\/site\/wp-json\/wp\/v2\/types\/post"}],"author":[{"embeddable":true,"href":"https:\/\/kriocomics.com.br\/site\/wp-json\/wp\/v2\/users\/2"}],"replies":[{"embeddable":true,"href":"https:\/\/kriocomics.com.br\/site\/wp-json\/wp\/v2\/comments?post=15092"}],"version-history":[{"count":2,"href":"https:\/\/kriocomics.com.br\/site\/wp-json\/wp\/v2\/posts\/15092\/revisions"}],"predecessor-version":[{"id":15096,"href":"https:\/\/kriocomics.com.br\/site\/wp-json\/wp\/v2\/posts\/15092\/revisions\/15096"}],"wp:featuredmedia":[{"embeddable":true,"href":"https:\/\/kriocomics.com.br\/site\/wp-json\/wp\/v2\/media\/15094"}],"wp:attachment":[{"href":"https:\/\/kriocomics.com.br\/site\/wp-json\/wp\/v2\/media?parent=15092"}],"wp:term":[{"taxonomy":"category","embeddable":true,"href":"https:\/\/kriocomics.com.br\/site\/wp-json\/wp\/v2\/categories?post=15092"},{"taxonomy":"post_tag","embeddable":true,"href":"https:\/\/kriocomics.com.br\/site\/wp-json\/wp\/v2\/tags?post=15092"}],"curies":[{"name":"wp","href":"https:\/\/api.w.org\/{rel}","templated":true}]}}