{"id":15098,"date":"2021-04-06T01:40:31","date_gmt":"2021-04-06T04:40:31","guid":{"rendered":"https:\/\/kriocomics.com.br\/site\/?p=15098"},"modified":"2021-04-06T01:41:24","modified_gmt":"2021-04-06T04:41:24","slug":"perseguicao-e-censura-aos-quadrinhos-no-novo-titulo-da-editora-pipoca-nanquim","status":"publish","type":"post","link":"https:\/\/kriocomics.com.br\/site\/perseguicao-e-censura-aos-quadrinhos-no-novo-titulo-da-editora-pipoca-nanquim\/","title":{"rendered":"Persegui\u00e7\u00e3o e censura aos quadrinhos no novo t\u00edtulo da editora Pipoca &#038; Nanquim"},"content":{"rendered":"<p style=\"text-align: justify;\"><strong><span style=\"color: #000080;\"><a style=\"color: #000080;\" href=\"https:\/\/amzn.to\/3sSpCRM\" target=\"_blank\" rel=\"noopener noreferrer\"><em><img loading=\"lazy\" decoding=\"async\" class=\" wp-image-15100 alignleft\" src=\"https:\/\/kriocomics.com.br\/site\/wp-content\/uploads\/2021\/04\/Fredric-William-e-a-Amazona-\u2013-Persegui\u00e7\u00e3o-e-Censura-aos-Quadrinhos..jpg\" alt=\"\" width=\"300\" height=\"397\" srcset=\"https:\/\/kriocomics.com.br\/site\/wp-content\/uploads\/2021\/04\/Fredric-William-e-a-Amazona-\u2013-Persegui\u00e7\u00e3o-e-Censura-aos-Quadrinhos..jpg 350w, https:\/\/kriocomics.com.br\/site\/wp-content\/uploads\/2021\/04\/Fredric-William-e-a-Amazona-\u2013-Persegui\u00e7\u00e3o-e-Censura-aos-Quadrinhos.-227x300.jpg 227w\" sizes=\"auto, (max-width: 300px) 100vw, 300px\" \/>Fredric, William e a Amazona \u2013 Persegui\u00e7\u00e3o e Censura aos Quadrinhos<\/em><\/a><\/span><\/strong>\u00a0(116 p\u00e1ginas, capa dura, R$ 41,90), dos franceses Jean-Marc Lain\u00e9 e Thierry Olivier,\u00a0 \u00e9 um lan\u00e7amento da editora\u00a0<strong>Pipoca &amp; Nanquim<\/strong>.<!--more--><\/p>\n<p style=\"text-align: justify;\">A edi\u00e7\u00e3o\u00a0<strong><span style=\"color: #000080;\"><a style=\"color: #000080;\" href=\"https:\/\/amzn.to\/3sSpCRM\" target=\"_blank\" rel=\"noopener noreferrer\">est\u00e1 em pr\u00e9-venda na\u00a0Amazon\u00a0com 30% de desconto e frete gr\u00e1tis<\/a><\/span><\/strong>\u00a0para assinantes\u00a0<strong>Prime<\/strong>.<\/p>\n<p style=\"text-align: justify;\">Dois homens com vis\u00f5es opostas sobre o efeito dos quadrinhos nos jovens leitores. Um deles escreveu um livro que quase acabou com os gibis nos Estados Unidos. O outro, ajudou na expans\u00e3o inicial da ind\u00fastria trazendo milh\u00f5es de garotas para o g\u00eanero dos super-her\u00f3is. O que os levou a pensarem de forma t\u00e3o diferente e a trilharem caminhos t\u00e3o opostos?<\/p>\n<p style=\"text-align: justify;\">O primeiro \u00e9 o psiquiatra Dr. Fredric Wertham, autor do infame\u00a0<em>Sedu\u00e7\u00e3o do Inocente<\/em>, no qual sugeriu que os quadrinhos eram perigosos para as crian\u00e7as. O segundo \u00e9 o multifacetado William Moulton Marston, psic\u00f3logo criador da Mulher-Maravilha e estudioso do potencial educacional dos quadrinhos.<\/p>\n<p style=\"text-align: justify;\">Nesta\u00a0<em>graphic novel<\/em>, autores narram, por meio da trajet\u00f3ria dessas duas influentes personalidades da \u00e9poca, os bastidores do conturbado cen\u00e1rio que levou \u00e0 cria\u00e7\u00e3o do<strong>\u00a0Comics Code Authority<\/strong>, em 1954, ferramenta de censura que passou a cercear o conte\u00fado dessas publica\u00e7\u00f5es e que por pouco n\u00e3o causou a ru\u00edna desse mercado.<\/p>\n<p style=\"text-align: justify;\">Permeada pelo clima fervilhante e paranoico do Macarthismo, a obra mostra como Wertham, uma autoridade em psiquiatria forense, relacionou a delinqu\u00eancia juvenil \u00e0s HQs e desencadeou um inqu\u00e9rito sobre elas no Congresso dos Estados Unidos, culminando em uma batalha jur\u00eddica e moral que obrigou os homens que estavam por tr\u00e1s das p\u00e1ginas de quadrinhos a readequarem seus t\u00edtulos para poderem continuar trabalhando.<\/p>\n<p style=\"text-align: justify;\">A obra \u00e9 um registro hist\u00f3rico desse conturbado e fascinante per\u00edodo.<\/p>\n<p>&nbsp;<\/p>\n<p><em>Por: Marcelo Naranjo<\/em><br \/>\n<em>Fonte:\u00a0<span style=\"color: #000080;\"><strong><a style=\"color: #000080;\" href=\"http:\/\/universohq.com\/\" target=\"_blank\" rel=\"noopener noreferrer\">Universo HQ<\/a><\/strong><\/span><\/em><\/p>\n<p>&nbsp;<\/p>\n","protected":false},"excerpt":{"rendered":"<p>Fredric, William e a Amazona \u2013 Persegui\u00e7\u00e3o e Censura aos Quadrinhos\u00a0(116 p\u00e1ginas, capa dura, R$ 41,90), dos franceses Jean-Marc Lain\u00e9<\/p>\n","protected":false},"author":2,"featured_media":15099,"comment_status":"open","ping_status":"open","sticky":false,"template":"","format":"standard","meta":{"sfsi_plus_gutenberg_text_before_share":"","sfsi_plus_gutenberg_show_text_before_share":"","sfsi_plus_gutenberg_icon_type":"","sfsi_plus_gutenberg_icon_alignemt":"","sfsi_plus_gutenburg_max_per_row":"","footnotes":""},"categories":[5],"tags":[6104,6102,3143,6103,6105],"class_list":["post-15098","post","type-post","status-publish","format-standard","has-post-thumbnail","hentry","category-noticias","tag-fredric","tag-jean-marc-laine","tag-pipoca-nanquim","tag-thierry-olivier","tag-william-e-a-amazona-perseguicao-e-censura-aos-quadrinhos"],"_links":{"self":[{"href":"https:\/\/kriocomics.com.br\/site\/wp-json\/wp\/v2\/posts\/15098","targetHints":{"allow":["GET"]}}],"collection":[{"href":"https:\/\/kriocomics.com.br\/site\/wp-json\/wp\/v2\/posts"}],"about":[{"href":"https:\/\/kriocomics.com.br\/site\/wp-json\/wp\/v2\/types\/post"}],"author":[{"embeddable":true,"href":"https:\/\/kriocomics.com.br\/site\/wp-json\/wp\/v2\/users\/2"}],"replies":[{"embeddable":true,"href":"https:\/\/kriocomics.com.br\/site\/wp-json\/wp\/v2\/comments?post=15098"}],"version-history":[{"count":2,"href":"https:\/\/kriocomics.com.br\/site\/wp-json\/wp\/v2\/posts\/15098\/revisions"}],"predecessor-version":[{"id":15102,"href":"https:\/\/kriocomics.com.br\/site\/wp-json\/wp\/v2\/posts\/15098\/revisions\/15102"}],"wp:featuredmedia":[{"embeddable":true,"href":"https:\/\/kriocomics.com.br\/site\/wp-json\/wp\/v2\/media\/15099"}],"wp:attachment":[{"href":"https:\/\/kriocomics.com.br\/site\/wp-json\/wp\/v2\/media?parent=15098"}],"wp:term":[{"taxonomy":"category","embeddable":true,"href":"https:\/\/kriocomics.com.br\/site\/wp-json\/wp\/v2\/categories?post=15098"},{"taxonomy":"post_tag","embeddable":true,"href":"https:\/\/kriocomics.com.br\/site\/wp-json\/wp\/v2\/tags?post=15098"}],"curies":[{"name":"wp","href":"https:\/\/api.w.org\/{rel}","templated":true}]}}