{"id":15184,"date":"2021-04-10T04:21:01","date_gmt":"2021-04-10T07:21:01","guid":{"rendered":"https:\/\/kriocomics.com.br\/site\/?p=15184"},"modified":"2021-04-14T02:13:59","modified_gmt":"2021-04-14T05:13:59","slug":"exclusivo-sesi-sp-anuncia-os-dois-ultimos-albuns-de-valerian-integral","status":"publish","type":"post","link":"https:\/\/kriocomics.com.br\/site\/exclusivo-sesi-sp-anuncia-os-dois-ultimos-albuns-de-valerian-integral\/","title":{"rendered":"Exclusivo: Sesi-SP anuncia os dois \u00faltimos \u00e1lbuns de Valerian \u2013 Integral"},"content":{"rendered":"<p style=\"text-align: justify;\">Depois de anunciar a retomada da publica\u00e7\u00e3o de quadrinhos para o segundo semestre de 2021, com\u00a0<strong><span style=\"color: #000080;\"><a style=\"color: #000080;\" href=\"http:\/\/universohq.com\/noticias\/exclusivo-sesi-sp-anuncia-blacksad-integral-para-o-segundo-semestre\/\" target=\"_blank\" rel=\"noopener noreferrer\"><em>Blacksad \u2013 Integral<\/em><\/a><\/span><\/strong>, de Juan D\u00edaz Canales (roteiro) e Juanjo Guarnido (arte), a\u00a0<strong>Sesi-SP<\/strong>\u00a0revelou, com exclusividade para o\u00a0<strong>Universo HQ<\/strong>, que concluir\u00e1 a s\u00e9rie\u00a0<em>Valerian \u2013 Integral<\/em>, escrita por Pierre Christin e desenhada por Jean-Claude M\u00e9zi\u00e8res.<\/p>\n<p style=\"text-align: justify;\">Segundo a editora, o sexto volume ser\u00e1 publicado em outubro de 2021 e o s\u00e9timo (e \u00faltimo) sair\u00e1 em mar\u00e7o de 2022.<\/p>\n<p style=\"text-align: justify;\"><em>Valerian<\/em>\u00a0estreou em 1967, nas p\u00e1ginas da revista francesa\u00a0<em>Pilote<\/em>, e logo conquistou os leitores f\u00e3s de fic\u00e7\u00e3o cient\u00edfica. No Brasil, a s\u00e9rie s\u00f3 havia sido publicada como tira, nos anos 1980, pelo suplemento de quadrinhos do jornal\u00a0<strong>O Globo<\/strong>.<\/p>\n<p style=\"text-align: justify;\">Ent\u00e3o, em 2017, a\u00a0<strong>Sesi-SP<\/strong>\u00a0passou a lan\u00e7ar as aventuras de Valerian e de sua companheira Laureline em formato de livro. Foram dois \u00e1lbuns lan\u00e7ados naquele ano, um em 2018 e mais dois em 2019.<\/p>\n<p style=\"text-align: justify;\">Agora, ap\u00f3s um hiato superior a dois anos, o leitor brasileiro enfim poder\u00e1 concluir a s\u00e9rie. As edi\u00e7\u00f5es seguir\u00e3o o formato adotado anteriormente: 22 x 29 cm e capa cartonada com orelhas. De acordo com as edi\u00e7\u00f5es francesas, os volumes 6 e 7 ter\u00e3o 192 e 176 p\u00e1ginas, respectivamente.<\/p>\n<p>&nbsp;<\/p>\n<p>Por: Sidney Gusman<br \/>\nFonte: <strong><span style=\"color: #000080;\"><a style=\"color: #000080;\" href=\"http:\/\/universohq.com\" target=\"_blank\" rel=\"noopener noreferrer\">Universo HQ<\/a><\/span><\/strong><\/p>\n","protected":false},"excerpt":{"rendered":"<p>Depois de anunciar a retomada da publica\u00e7\u00e3o de quadrinhos para o segundo semestre de 2021, com\u00a0Blacksad \u2013 Integral, de Juan<\/p>\n","protected":false},"author":2,"featured_media":15185,"comment_status":"open","ping_status":"open","sticky":false,"template":"","format":"standard","meta":{"sfsi_plus_gutenberg_text_before_share":"","sfsi_plus_gutenberg_show_text_before_share":"","sfsi_plus_gutenberg_icon_type":"","sfsi_plus_gutenberg_icon_alignemt":"","sfsi_plus_gutenburg_max_per_row":"","footnotes":""},"categories":[5,1],"tags":[6128,6129],"class_list":["post-15184","post","type-post","status-publish","format-standard","has-post-thumbnail","hentry","category-noticias","category-ultimas-noticias","tag-blacksad-integra","tag-valerian-integral"],"_links":{"self":[{"href":"https:\/\/kriocomics.com.br\/site\/wp-json\/wp\/v2\/posts\/15184","targetHints":{"allow":["GET"]}}],"collection":[{"href":"https:\/\/kriocomics.com.br\/site\/wp-json\/wp\/v2\/posts"}],"about":[{"href":"https:\/\/kriocomics.com.br\/site\/wp-json\/wp\/v2\/types\/post"}],"author":[{"embeddable":true,"href":"https:\/\/kriocomics.com.br\/site\/wp-json\/wp\/v2\/users\/2"}],"replies":[{"embeddable":true,"href":"https:\/\/kriocomics.com.br\/site\/wp-json\/wp\/v2\/comments?post=15184"}],"version-history":[{"count":2,"href":"https:\/\/kriocomics.com.br\/site\/wp-json\/wp\/v2\/posts\/15184\/revisions"}],"predecessor-version":[{"id":15187,"href":"https:\/\/kriocomics.com.br\/site\/wp-json\/wp\/v2\/posts\/15184\/revisions\/15187"}],"wp:featuredmedia":[{"embeddable":true,"href":"https:\/\/kriocomics.com.br\/site\/wp-json\/wp\/v2\/media\/15185"}],"wp:attachment":[{"href":"https:\/\/kriocomics.com.br\/site\/wp-json\/wp\/v2\/media?parent=15184"}],"wp:term":[{"taxonomy":"category","embeddable":true,"href":"https:\/\/kriocomics.com.br\/site\/wp-json\/wp\/v2\/categories?post=15184"},{"taxonomy":"post_tag","embeddable":true,"href":"https:\/\/kriocomics.com.br\/site\/wp-json\/wp\/v2\/tags?post=15184"}],"curies":[{"name":"wp","href":"https:\/\/api.w.org\/{rel}","templated":true}]}}