{"id":16351,"date":"2021-06-13T02:24:15","date_gmt":"2021-06-13T05:24:15","guid":{"rendered":"https:\/\/kriocomics.com.br\/site\/?p=16351"},"modified":"2021-06-30T23:49:25","modified_gmt":"2021-07-01T02:49:25","slug":"contos-ordinarios-de-uma-sociedade-resignada-e-o-mais-novo-lancamento-da-editora-comix-zone","status":"publish","type":"post","link":"https:\/\/kriocomics.com.br\/site\/contos-ordinarios-de-uma-sociedade-resignada-e-o-mais-novo-lancamento-da-editora-comix-zone\/","title":{"rendered":"Contos ordin\u00e1rios de uma sociedade resignada \u00e9 o mais novo lan\u00e7amento da Editora Comix Zone"},"content":{"rendered":"<p style=\"text-align: justify;\"><strong>Contos Ordin\u00e1rios de uma Sociedade Resignada<\/strong>\u00a0\u00e9 o mais novo lan\u00e7amento da editora<strong>\u00a0Comix Zone<\/strong>.<!--more--> A graphic novel de autoria do turco\u00a0<strong>Ersin Karabulut<\/strong>\u00a0j\u00e1 est\u00e1 em pr\u00e9-venda na\u00a0<strong><span style=\"color: #000080;\"><a style=\"color: #000080;\" href=\"https:\/\/amzn.to\/3pmnzED\" target=\"_blank\" rel=\"noopener noreferrer\">Amazon com 30% de desconto<\/a><\/span><\/strong>\u00a0e com um bookplate, n\u00e3o autografado, exclusivo.<\/p>\n<p style=\"text-align: justify;\">Com a poesia, o imagin\u00e1rio e o car\u00e1ter sombrio de um Edgar Allan Poe,\u00a0<strong>Ersin Karabulut<\/strong> nos apresenta o retrato de uma sociedade que renunciou aos seus sonhos diante da servid\u00e3o familiar e dos poderes pol\u00edticos e financeiros. Uma colet\u00e2nea de f\u00e1bulas po\u00e9ticas e perturbadoras que servem de advert\u00eancia e representam a vitalidade da hist\u00f3ria em quadrinhos turca.<\/p>\n<p><img loading=\"lazy\" decoding=\"async\" class=\"size-full wp-image-16352 aligncenter\" src=\"https:\/\/kriocomics.com.br\/site\/wp-content\/uploads\/2021\/06\/Contos-Ordinarios-de-uma-Sociedade-Resignada..jpg\" alt=\"\" width=\"350\" height=\"474\" srcset=\"https:\/\/kriocomics.com.br\/site\/wp-content\/uploads\/2021\/06\/Contos-Ordinarios-de-uma-Sociedade-Resignada..jpg 350w, https:\/\/kriocomics.com.br\/site\/wp-content\/uploads\/2021\/06\/Contos-Ordinarios-de-uma-Sociedade-Resignada.-222x300.jpg 222w\" sizes=\"auto, (max-width: 350px) 100vw, 350px\" \/><\/p>\n<p style=\"text-align: justify;\">Considerado pela cr\u00edtica gringa como uma mistura improv\u00e1vel de\u00a0<strong>Black Mirror<\/strong>\u00a0com\u00a0<strong>Contos da Cripta<\/strong>,\u00a0<strong>Contos Ordin\u00e1rios de uma Sociedade Resignada<\/strong>\u00a0tem o retrato de uma sociedade inflada pela crueldade e ego\u00edsmo, em hist\u00f3rias curtas e poderosas. A publica\u00e7\u00e3o foi indicada ao pr\u00eamio franc\u00eas\u00a0<strong>Utopiales BD<\/strong>\u00a0em 2018.<\/p>\n<p style=\"text-align: justify;\"><strong>Contos Ordin\u00e1rios de uma Sociedade Resignada<\/strong>\u00a0tem acabamento de luxo, com formato grande, capa dura com verniz localizado, 80 p\u00e1ginas em cores, impressas em papel couch\u00e9 de alta gramatura e \u00e9 impr\u00f3pria para menores de 18 anos. A tradu\u00e7\u00e3o \u00e9 de\u00a0<strong>Fernando Paz<\/strong>\u00a0e\u00a0<strong>\u00c9rico Assis<\/strong>.<\/p>\n<p>&nbsp;<\/p>\n<p><em>Por: Ricardo Ramos<\/em><br \/>\n<em>Fonte: <strong><span style=\"color: #000080;\"><a style=\"color: #000080;\" href=\"https:\/\/www.torredevigilancia.com\/\" target=\"_blank\" rel=\"noopener\">Torre de Vigil\u00e2ncia<\/a><\/span><\/strong><\/em><\/p>\n<p>&nbsp;<\/p>\n","protected":false},"excerpt":{"rendered":"<p>Contos Ordin\u00e1rios de uma Sociedade Resignada\u00a0\u00e9 o mais novo lan\u00e7amento da editora\u00a0Comix Zone.<\/p>\n","protected":false},"author":2,"featured_media":16353,"comment_status":"open","ping_status":"open","sticky":false,"template":"","format":"standard","meta":{"sfsi_plus_gutenberg_text_before_share":"","sfsi_plus_gutenberg_show_text_before_share":"","sfsi_plus_gutenberg_icon_type":"","sfsi_plus_gutenberg_icon_alignemt":"","sfsi_plus_gutenburg_max_per_row":"","footnotes":""},"categories":[5,1],"tags":[4880,6517,6518],"class_list":["post-16351","post","type-post","status-publish","format-standard","has-post-thumbnail","hentry","category-noticias","category-ultimas-noticias","tag-comix-zone","tag-contos-ordinarios-de-uma-sociedade-resignada","tag-ersin-karabulut"],"_links":{"self":[{"href":"https:\/\/kriocomics.com.br\/site\/wp-json\/wp\/v2\/posts\/16351","targetHints":{"allow":["GET"]}}],"collection":[{"href":"https:\/\/kriocomics.com.br\/site\/wp-json\/wp\/v2\/posts"}],"about":[{"href":"https:\/\/kriocomics.com.br\/site\/wp-json\/wp\/v2\/types\/post"}],"author":[{"embeddable":true,"href":"https:\/\/kriocomics.com.br\/site\/wp-json\/wp\/v2\/users\/2"}],"replies":[{"embeddable":true,"href":"https:\/\/kriocomics.com.br\/site\/wp-json\/wp\/v2\/comments?post=16351"}],"version-history":[{"count":2,"href":"https:\/\/kriocomics.com.br\/site\/wp-json\/wp\/v2\/posts\/16351\/revisions"}],"predecessor-version":[{"id":16355,"href":"https:\/\/kriocomics.com.br\/site\/wp-json\/wp\/v2\/posts\/16351\/revisions\/16355"}],"wp:featuredmedia":[{"embeddable":true,"href":"https:\/\/kriocomics.com.br\/site\/wp-json\/wp\/v2\/media\/16353"}],"wp:attachment":[{"href":"https:\/\/kriocomics.com.br\/site\/wp-json\/wp\/v2\/media?parent=16351"}],"wp:term":[{"taxonomy":"category","embeddable":true,"href":"https:\/\/kriocomics.com.br\/site\/wp-json\/wp\/v2\/categories?post=16351"},{"taxonomy":"post_tag","embeddable":true,"href":"https:\/\/kriocomics.com.br\/site\/wp-json\/wp\/v2\/tags?post=16351"}],"curies":[{"name":"wp","href":"https:\/\/api.w.org\/{rel}","templated":true}]}}