{"id":16581,"date":"2021-07-28T00:34:07","date_gmt":"2021-07-28T03:34:07","guid":{"rendered":"https:\/\/kriocomics.com.br\/site\/?p=16581"},"modified":"2021-08-05T02:38:10","modified_gmt":"2021-08-05T05:38:10","slug":"gideon-falls-a-saga-chega-ao-fim","status":"publish","type":"post","link":"https:\/\/kriocomics.com.br\/site\/gideon-falls-a-saga-chega-ao-fim\/","title":{"rendered":"Gideon Falls &#8211; A Saga chega ao fim"},"content":{"rendered":"<p style=\"text-align: justify;\">A saga de grande sucesso chega ao fim e ao contr\u00e1rio do que ouvimos falar sobre os quadrinhos autorais de\u00a0<b>Jeff Lemire<\/b>, que as hist\u00f3rias s\u00e3o muito similares, sempre com um drama familiar,\u00a0<b>Gideon Falls<\/b>\u00a0\u00e9 um thriller capaz de arrepiar os cabelos, carregado de\u00a0<b>suspense<\/b>\u00a0e com uma pitada de\u00a0<b>horror<\/b>\u00a0na medida.<\/p>\n<p style=\"text-align: justify;\">Lan\u00e7ada nos Estados Unidos pela\u00a0<strong>Image Comics<\/strong>\u00a0em 2018 pela dupla j\u00e1 conhecida\u00a0<strong>Jeff Lemire<\/strong>\u00a0e\u00a0<strong>Andrea Sorrentino<\/strong>\u00a0( Arqueiro Verde e O Velho Logan) e o colorista\u00a0<strong>Dave Stewart<\/strong>\u00a0( Hellboy e Daytripper) , foi publicada\u00a0 em terras brasileiras pela<strong>\u00a0Editora Mino<\/strong>, em 6 encadernados muito bem trabalhados.<\/p>\n<p><img loading=\"lazy\" decoding=\"async\" class=\"size-full wp-image-16583 aligncenter\" src=\"https:\/\/kriocomics.com.br\/site\/wp-content\/uploads\/2021\/07\/Gideon-Falls-..jpg\" alt=\"\" width=\"400\" height=\"224\" srcset=\"https:\/\/kriocomics.com.br\/site\/wp-content\/uploads\/2021\/07\/Gideon-Falls-..jpg 400w, https:\/\/kriocomics.com.br\/site\/wp-content\/uploads\/2021\/07\/Gideon-Falls-.-300x168.jpg 300w\" sizes=\"auto, (max-width: 400px) 100vw, 400px\" \/><\/p>\n<p style=\"text-align: justify;\">Iniciamos essa narrativa com a hist\u00f3ria de\u00a0<b>Norton Sinclair<\/b>, um rapaz com s\u00e9rios problemas psiqui\u00e1tricos atormentado pela escurid\u00e3o. Calma! N\u00e3o \u00e9 o lado negro da for\u00e7a querendo tentar o nosso jovem\u00a0<i>\u201cIf you only knew the power of the dark side, Norton\u201d.\u00a0<\/i><\/p>\n<p style=\"text-align: justify;\">Brincadeiras \u00e0 parte, a princ\u00edpio n\u00e3o \u00e9 poss\u00edvel saber o que o atormenta, deixando d\u00favidas se existe de fato algo a temer ou se tudo n\u00e3o passa de confus\u00f5es criadas pela cabe\u00e7a do rapaz. Norton d\u00e1 muitos sinais de estar confuso e perdido dentro suas manias, como revirar o lixo da cidade em busca de pistas para obter respostas de um quebra cabe\u00e7as que ele nem ao menos consegue explicar.<\/p>\n<p style=\"text-align: justify;\">Norton conta apenas com apoio de sua psiquiatra\u00a0<strong>Dra. Xu<\/strong>, que mesmo c\u00e9tica em rela\u00e7\u00e3o ao sobrenatural, d\u00e1 o suporte que seu paciente necessita ao notar tamanho sofrimento que esse mist\u00e9rio lhe causa. Mas, o ceticismo desta psiquiatra dura apenas at\u00e9 o momento em que ela mesma tem a vis\u00e3o o Celeiro bem diante dos seus olhos.<\/p>\n<p><img loading=\"lazy\" decoding=\"async\" class=\"size-full wp-image-16584 aligncenter\" src=\"https:\/\/kriocomics.com.br\/site\/wp-content\/uploads\/2021\/07\/Gideon-Falls-.jpg\" alt=\"\" width=\"400\" height=\"307\" srcset=\"https:\/\/kriocomics.com.br\/site\/wp-content\/uploads\/2021\/07\/Gideon-Falls-.jpg 400w, https:\/\/kriocomics.com.br\/site\/wp-content\/uploads\/2021\/07\/Gideon-Falls--300x230.jpg 300w\" sizes=\"auto, (max-width: 400px) 100vw, 400px\" \/><\/p>\n<p style=\"text-align: justify;\">O segundo n\u00facleo apresentado vive no interior de\u00a0<b>Gideon Falls<\/b>, onde h\u00e1 uma pequena comunidade t\u00edpica dos filmes de terror onde todos se conhecem e muitos poss\u00edveis suspeitos se formam. A pequena comunidade \u00e9 agraciada com a chegada de um novo Padre,\u00a0<b>Wilfred<\/b>. Um Padre totalmente fora do padr\u00e3o, com problemas com alcoolismo e um passado bem obscuro. Sua chegada \u00e9 precedida por um assassinato e o Padre \u00e9 o primeiro suspeito desse crime, mas as coisas n\u00e3o seriam t\u00e3o simples em\u00a0<b>Gideon Falls<\/b>, t\u00e3o pouco esse assassinato seria um crime comum.<\/p>\n<p style=\"text-align: justify;\"><img loading=\"lazy\" decoding=\"async\" class=\"size-full wp-image-16585 aligncenter\" src=\"https:\/\/kriocomics.com.br\/site\/wp-content\/uploads\/2021\/07\/Gideon-Falls-1.jpg\" alt=\"\" width=\"400\" height=\"423\" srcset=\"https:\/\/kriocomics.com.br\/site\/wp-content\/uploads\/2021\/07\/Gideon-Falls-1.jpg 400w, https:\/\/kriocomics.com.br\/site\/wp-content\/uploads\/2021\/07\/Gideon-Falls-1-284x300.jpg 284w\" sizes=\"auto, (max-width: 400px) 100vw, 400px\" \/><\/p>\n<p style=\"text-align: justify;\">A cidade \u00e9 assolada a gera\u00e7\u00f5es por uma lenda urbana, O\u00a0<b>Celeiro Negro<\/b>. E suas apari\u00e7\u00f5es sempre s\u00e3o precedidas por mortes e terror. Mas, claro que essa lenda parece apenas uma bela oportunidade para se livrar da culpa dos mais hediondos crimes.<\/p>\n<p style=\"text-align: justify;\">Nada \u00e9 comum em\u00a0<b>Gideon Falls<\/b>, e como para todo boato existe uma possibilidade de fatos reais, um grupo autodenominado de\u00a0<b>lavradores\u00a0<\/b>atuam como a\u00a0<strong><span style=\"color: #000080;\"><a style=\"color: #000080;\" href=\"https:\/\/static.wikia.nocookie.net\/scooby\/images\/4\/44\/SCOOBYDOO.jpg\/revision\/latest?cb=20200527160935&amp;path-prefix=pt-br\" target=\"_blank\" rel=\"noopener\"><i>Mist\u00e9rio S.A<\/i><\/a><\/span><\/strong>\u00a0da cidade atr\u00e1s de pistas sobre o Celeiro.<\/p>\n<p style=\"text-align: justify;\">O\u00a0<b>Celeiro Negro<\/b>\u00a0\u00e9 muito mais do que uma apari\u00e7\u00e3o fantasmag\u00f3rica, dentro dele habita um mal que anseia por liberdade e rasteja por entre as realidades, buscando uma forma de sair da pris\u00e3o da qual se mant\u00e9m. Esse mal que habita o celeiro \u00e9 visto como o Homem que sorri na escurid\u00e3o, uma vis\u00e3o repulsiva que atrai suas v\u00edtimas para um caminho sem volta, que tenta as pessoas atrav\u00e9s de suas fraquezas para tom\u00e1 -las em busca de um recept\u00e1culo perfeito, como um g\u00eanio da l\u00e2mpada diab\u00f3lico.<\/p>\n<p style=\"text-align: justify;\"><img loading=\"lazy\" decoding=\"async\" class=\"size-full wp-image-16586 aligncenter\" src=\"https:\/\/kriocomics.com.br\/site\/wp-content\/uploads\/2021\/07\/Gideon-Falls-2.jpg\" alt=\"\" width=\"400\" height=\"342\" srcset=\"https:\/\/kriocomics.com.br\/site\/wp-content\/uploads\/2021\/07\/Gideon-Falls-2.jpg 400w, https:\/\/kriocomics.com.br\/site\/wp-content\/uploads\/2021\/07\/Gideon-Falls-2-300x257.jpg 300w\" sizes=\"auto, (max-width: 400px) 100vw, 400px\" \/><\/p>\n<p style=\"text-align: justify;\">Com um roteiro quase cinematogr\u00e1fico, ler esse quadrinho \u00e9 como ver\u00a0 as cenas de um filme ou s\u00e9rie de TV acontecendo bem diante dos seus olhos. A arte de\u00a0<b>Andrea Sorrentino<\/b>\u00a0colabora em grande parte para causar essa sensa\u00e7\u00e3o, j\u00e1 que ela conta uma hist\u00f3ria \u00e0 parte do roteiro, insinuando detalhes que complementam, como uma dan\u00e7a sincronizada,\u00a0 essa narrativa.<\/p>\n<p style=\"text-align: justify;\">Lemire faz bom uso da\u00a0<span style=\"color: #000080;\"><a style=\"color: #000080;\" href=\"https:\/\/www.bbc.com\/portuguese\/geral-43979777\" target=\"_blank\" rel=\"noopener\"><b>Teoria das realidades paralelas\u00a0<\/b><\/a><\/span>nessa hist\u00f3ria, explorando realidades alternativas e uma base temporal de dar inveja na s\u00e9rie\u00a0<span style=\"color: #000080;\"><a style=\"color: #000080;\" href=\"https:\/\/www.famosando.com.br\/wp-content\/uploads\/2020\/07\/capa-1.png\" target=\"_blank\" rel=\"noopener\"><b>Dark\u00a0<\/b>da\u00a0<i>Netflix<\/i><\/a><\/span>\u00a0e no quadrinho\u00a0<span style=\"color: #000080;\"><a style=\"color: #000080;\" href=\"https:\/\/pt.wikipedia.org\/wiki\/Infinite_Crisis\" target=\"_blank\" rel=\"noopener\"><b>Crise Infinita\u00a0<\/b>da\u00a0<i>DC Comics<\/i><\/a><\/span>\u00a0(Super Recomendo).<\/p>\n<p><img loading=\"lazy\" decoding=\"async\" class=\"size-full wp-image-16587 aligncenter\" src=\"https:\/\/kriocomics.com.br\/site\/wp-content\/uploads\/2021\/07\/gideon-falls-600x460-1-FILEminimizer.jpg\" alt=\"\" width=\"400\" height=\"306\" srcset=\"https:\/\/kriocomics.com.br\/site\/wp-content\/uploads\/2021\/07\/gideon-falls-600x460-1-FILEminimizer.jpg 400w, https:\/\/kriocomics.com.br\/site\/wp-content\/uploads\/2021\/07\/gideon-falls-600x460-1-FILEminimizer-300x230.jpg 300w\" sizes=\"auto, (max-width: 400px) 100vw, 400px\" \/><\/p>\n<p style=\"text-align: justify;\">A saga gera\u00a0 altas expectativas no leitor a cada volume e apesar de ter uma narrativa e personagens excepcionais, ela cria mais questionamentos do que os responde. Talvez, na \u00e2nsia\u00a0 de criar um universo fant\u00e1stico, Lemire tenha se esquecido de amarrar muitas pontas soltas, e o \u00faltimo volume intitulado\u00a0<b>O fim\u00a0<\/b>abre uma brecha para uma poss\u00edvel continua\u00e7\u00e3o. Para alguns leitores, esse final amb\u00edguo foi decepcionante, para outros foi a oportunidade de ver um retorno dessa saga.<\/p>\n<p style=\"text-align: justify;\">E por falar em continua\u00e7\u00e3o, na<strong>\u00a0CCXP Worlds<\/strong>\u00a02020\u00a0<strong>Sorrentino<\/strong> confirmou a produ\u00e7\u00e3o da\u00a0 s\u00e9rie de TV inspirada nesse thriller, tendo o diretor <strong>James Wan<\/strong> (de Aquaman) como o respons\u00e1vel por trazer essa adapta\u00e7\u00e3o dos quadrinhos para as telinhas. Ser\u00e1 que esse foi o motivo de um final t\u00e3o aberto? S\u00f3 nos resta aguardar por mais detalhes.<\/p>\n<p>&nbsp;<\/p>\n<p><em>Por: Monique Mazzoli<\/em><br \/>\n<em>Fonte: <strong><span style=\"color: #000080;\"><a style=\"color: #000080;\" href=\"https:\/\/www.torredevigilancia.com\/\" target=\"_blank\" rel=\"noopener\">Torre de Vigil\u00e2ncia<\/a><\/span><\/strong><\/em><\/p>\n","protected":false},"excerpt":{"rendered":"<p>A saga de grande sucesso chega ao fim e ao contr\u00e1rio do que ouvimos falar sobre os quadrinhos autorais de\u00a0Jeff<\/p>\n","protected":false},"author":2,"featured_media":16582,"comment_status":"open","ping_status":"open","sticky":false,"template":"","format":"standard","meta":{"sfsi_plus_gutenberg_text_before_share":"","sfsi_plus_gutenberg_show_text_before_share":"","sfsi_plus_gutenberg_icon_type":"","sfsi_plus_gutenberg_icon_alignemt":"","sfsi_plus_gutenburg_max_per_row":"","footnotes":""},"categories":[5,1],"tags":[6601,2779,6599,6313,6600],"class_list":["post-16581","post","type-post","status-publish","format-standard","has-post-thumbnail","hentry","category-noticias","category-ultimas-noticias","tag-andrea-sorrentino","tag-editora-mino","tag-gideon-falls","tag-image-comics","tag-jeff-lemire"],"_links":{"self":[{"href":"https:\/\/kriocomics.com.br\/site\/wp-json\/wp\/v2\/posts\/16581","targetHints":{"allow":["GET"]}}],"collection":[{"href":"https:\/\/kriocomics.com.br\/site\/wp-json\/wp\/v2\/posts"}],"about":[{"href":"https:\/\/kriocomics.com.br\/site\/wp-json\/wp\/v2\/types\/post"}],"author":[{"embeddable":true,"href":"https:\/\/kriocomics.com.br\/site\/wp-json\/wp\/v2\/users\/2"}],"replies":[{"embeddable":true,"href":"https:\/\/kriocomics.com.br\/site\/wp-json\/wp\/v2\/comments?post=16581"}],"version-history":[{"count":2,"href":"https:\/\/kriocomics.com.br\/site\/wp-json\/wp\/v2\/posts\/16581\/revisions"}],"predecessor-version":[{"id":16589,"href":"https:\/\/kriocomics.com.br\/site\/wp-json\/wp\/v2\/posts\/16581\/revisions\/16589"}],"wp:featuredmedia":[{"embeddable":true,"href":"https:\/\/kriocomics.com.br\/site\/wp-json\/wp\/v2\/media\/16582"}],"wp:attachment":[{"href":"https:\/\/kriocomics.com.br\/site\/wp-json\/wp\/v2\/media?parent=16581"}],"wp:term":[{"taxonomy":"category","embeddable":true,"href":"https:\/\/kriocomics.com.br\/site\/wp-json\/wp\/v2\/categories?post=16581"},{"taxonomy":"post_tag","embeddable":true,"href":"https:\/\/kriocomics.com.br\/site\/wp-json\/wp\/v2\/tags?post=16581"}],"curies":[{"name":"wp","href":"https:\/\/api.w.org\/{rel}","templated":true}]}}