{"id":16636,"date":"2021-08-10T23:50:52","date_gmt":"2021-08-11T02:50:52","guid":{"rendered":"https:\/\/kriocomics.com.br\/site\/?p=16636"},"modified":"2021-08-10T23:51:27","modified_gmt":"2021-08-11T02:51:27","slug":"artista-con-vai-reunir-artistas-de-todo-o-brasil-em-feira-gratuita-e-online-em-setembro","status":"publish","type":"post","link":"https:\/\/kriocomics.com.br\/site\/artista-con-vai-reunir-artistas-de-todo-o-brasil-em-feira-gratuita-e-online-em-setembro\/","title":{"rendered":"Artista Con vai reunir artistas de todo o Brasil em feira gratuita e online em setembro"},"content":{"rendered":"<p style=\"text-align: center;\"><em>Evento vai reunir 200 artistas em artists&#8217; alley, palestras e lives<\/em><\/p>\n<p style=\"text-align: justify;\">No m\u00eas de setembro acontece a primeira edi\u00e7\u00e3o do\u00a0<span style=\"color: #000080;\"><a style=\"color: #000080;\" href=\"https:\/\/www.artistacon.com.br\/\" target=\"_blank\" rel=\"noopener noreferrer\"><strong>Artista Con<\/strong><\/a><\/span>, evento gratuito e virtual focado em artistas de todo o Brasil.<\/p>\n<p style=\"text-align: justify;\">Organizada por\u00a0<span style=\"color: #000080;\"><strong><a style=\"color: #000080;\" href=\"https:\/\/www.instagram.com\/bananamisart\/\" target=\"_blank\" rel=\"noopener\">Misa<\/a><\/strong><\/span>,\u00a0<strong><span style=\"color: #000080;\"><a style=\"color: #000080;\" href=\"https:\/\/www.instagram.com\/kaokki_art\/\" target=\"_blank\" rel=\"noopener\">Kao<\/a><\/span>\u00a0<\/strong>e\u00a0<span style=\"color: #000080;\"><strong><a style=\"color: #000080;\" href=\"https:\/\/www.instagram.com\/marinafraguasart\/?hl=pt-br\" target=\"_blank\" rel=\"noopener\">Marina Fraguas<\/a><\/strong><\/span>, a feira vai reunir 200 artistas em um artists\u2019 alley virtual em que ilustradores e quadrinistas poder\u00e3o expor seus trabalhos e divulgar suas lojas online. Al\u00e9m disso, o evento ter\u00e1 tamb\u00e9m palestras e lives atrav\u00e9s de um canal no Discord exclusivo. Entre os palestrantes confirmados est\u00e3o os artistas\u00a0<strong>Caio Yo<\/strong>,\u00a0<strong>Renata Nolasco\u00a0<\/strong>e<strong>\u00a0Nat\u00e1lia Prata<\/strong>.<\/p>\n<p style=\"text-align: justify;\">O Artista Con acontece entre os dias 3 e 5 de setembro no\u00a0<strong><span style=\"color: #000080;\"><a style=\"color: #000080;\" href=\"https:\/\/www.artistacon.com.br\/\" target=\"_blank\" rel=\"noopener\">site oficial do evento<\/a><\/span><\/strong>. Maiores informa\u00e7\u00f5es podem ser encontradas no\u00a0<strong><span style=\"color: #000080;\"><a style=\"color: #000080;\" href=\"https:\/\/www.instagram.com\/artista_con\/\" target=\"_blank\" rel=\"noopener\">Instagram<\/a><\/span><\/strong>\u00a0e no\u00a0<strong><span style=\"color: #000080;\"><a style=\"color: #000080;\" href=\"https:\/\/twitter.com\/Artista_Con\" target=\"_blank\" rel=\"noopener\">Twitter<\/a><\/span><\/strong>\u00a0da feira. O canal no Discord ser\u00e1 disponibilizado no primeiro dia de evento.<\/p>\n<p>&nbsp;<\/p>\n<p><em>Por: Gabriel Avila<\/em><br \/>\n<em>Fonte: <strong><span style=\"color: #000080;\"><a style=\"color: #000080;\" href=\"https:\/\/jovemnerd.com.br\/\" target=\"_blank\" rel=\"noopener\">Jovem Nerd<\/a><\/span><\/strong><\/em><\/p>\n","protected":false},"excerpt":{"rendered":"<p>Evento vai reunir 200 artistas em artists&#8217; alley, palestras e lives No m\u00eas de setembro acontece a primeira edi\u00e7\u00e3o do\u00a0Artista<\/p>\n","protected":false},"author":2,"featured_media":16637,"comment_status":"open","ping_status":"open","sticky":false,"template":"","format":"standard","meta":{"sfsi_plus_gutenberg_text_before_share":"","sfsi_plus_gutenberg_show_text_before_share":"","sfsi_plus_gutenberg_icon_type":"","sfsi_plus_gutenberg_icon_alignemt":"","sfsi_plus_gutenburg_max_per_row":"","footnotes":""},"categories":[15],"tags":[6613],"class_list":["post-16636","post","type-post","status-publish","format-standard","has-post-thumbnail","hentry","category-eventos","tag-artista-con"],"_links":{"self":[{"href":"https:\/\/kriocomics.com.br\/site\/wp-json\/wp\/v2\/posts\/16636","targetHints":{"allow":["GET"]}}],"collection":[{"href":"https:\/\/kriocomics.com.br\/site\/wp-json\/wp\/v2\/posts"}],"about":[{"href":"https:\/\/kriocomics.com.br\/site\/wp-json\/wp\/v2\/types\/post"}],"author":[{"embeddable":true,"href":"https:\/\/kriocomics.com.br\/site\/wp-json\/wp\/v2\/users\/2"}],"replies":[{"embeddable":true,"href":"https:\/\/kriocomics.com.br\/site\/wp-json\/wp\/v2\/comments?post=16636"}],"version-history":[{"count":2,"href":"https:\/\/kriocomics.com.br\/site\/wp-json\/wp\/v2\/posts\/16636\/revisions"}],"predecessor-version":[{"id":16639,"href":"https:\/\/kriocomics.com.br\/site\/wp-json\/wp\/v2\/posts\/16636\/revisions\/16639"}],"wp:featuredmedia":[{"embeddable":true,"href":"https:\/\/kriocomics.com.br\/site\/wp-json\/wp\/v2\/media\/16637"}],"wp:attachment":[{"href":"https:\/\/kriocomics.com.br\/site\/wp-json\/wp\/v2\/media?parent=16636"}],"wp:term":[{"taxonomy":"category","embeddable":true,"href":"https:\/\/kriocomics.com.br\/site\/wp-json\/wp\/v2\/categories?post=16636"},{"taxonomy":"post_tag","embeddable":true,"href":"https:\/\/kriocomics.com.br\/site\/wp-json\/wp\/v2\/tags?post=16636"}],"curies":[{"name":"wp","href":"https:\/\/api.w.org\/{rel}","templated":true}]}}