{"id":16666,"date":"2021-08-17T02:26:52","date_gmt":"2021-08-17T05:26:52","guid":{"rendered":"https:\/\/kriocomics.com.br\/site\/?p=16666"},"modified":"2021-08-18T00:36:32","modified_gmt":"2021-08-18T03:36:32","slug":"o-astronauta-de-lourenco-mutarelli-esta-em-pre-venda-pela-comix-zone","status":"publish","type":"post","link":"https:\/\/kriocomics.com.br\/site\/o-astronauta-de-lourenco-mutarelli-esta-em-pre-venda-pela-comix-zone\/","title":{"rendered":"O Astronauta, de Louren\u00e7o Mutarelli, est\u00e1 em pr\u00e9-venda pela Comix Zone"},"content":{"rendered":"<p style=\"text-align: justify;\">A<strong>\u00a0Editora Comix Zone<\/strong>\u00a0come\u00e7ou mais uma pr\u00e9-venda e agora temos mais uma reedi\u00e7\u00e3o de uma obra de\u00a0<strong>Louren\u00e7o Mutarelli<\/strong>\u00a0no horizonte.<!--more-->\u00a0<strong>O Astronauta ou Livre Associa\u00e7\u00e3o de um Homem do Espa\u00e7o<\/strong>\u00a0\u00e9 uma publica\u00e7\u00e3o com uma hist\u00f3ria peculiar, e ela tem roteiro do Mutarelli e um fotorrealismo fant\u00e1stico das imagens de\u00a0<strong>Flavio Moraes, Fernando Saiki e Olavo Costa<\/strong>.<\/p>\n<p style=\"text-align: justify;\"><strong>Em O Astronauta ou Livre Associa\u00e7\u00e3o de um Homem do Espa\u00e7o<\/strong>\u00a0acompanhamos o protagonista em uma explora\u00e7\u00e3o espacial dentro de seu apartamento. O que parecia absurdo em 2010, ano em que o livro foi originalmente publicado, se revelou uma profecia.<\/p>\n<p style=\"text-align: justify;\">A edi\u00e7\u00e3o tem acabamento de luxo, com formato grande, capa dura com sobrecapa p\u00f4ster e pref\u00e1cio assinado pelo jornalista\u00a0<strong>Diego Assis<\/strong>.<\/p>\n<p style=\"text-align: justify;\"><strong>O Astronauta ou Livre Associa\u00e7\u00e3o de um Homem do Espa\u00e7o<\/strong>\u00a0formato\u00a0<em>21 x 28.5 cm<\/em>, 64 p\u00e1ginas, om exce\u00e7\u00e3o do caderno de extras, em cores), impressas em papel offset de alta gramatura, al\u00e9m de um bookplate exclusivo (n\u00e3o autografado).<\/p>\n<p>&nbsp;<\/p>\n<p><em>Por: Ricardo Ramos<\/em><br \/>\n<em>Fonte: <strong><span style=\"color: #000080;\"><a style=\"color: #000080;\" href=\"https:\/\/www.torredevigilancia.com\/\" target=\"_blank\" rel=\"noopener\">Torre de Vigil\u00e2ncia<\/a><\/span><\/strong><\/em><\/p>\n","protected":false},"excerpt":{"rendered":"<p>A\u00a0Editora Comix Zone\u00a0come\u00e7ou mais uma pr\u00e9-venda e agora temos mais uma reedi\u00e7\u00e3o de uma obra de\u00a0Louren\u00e7o Mutarelli\u00a0no horizonte.<\/p>\n","protected":false},"author":2,"featured_media":16667,"comment_status":"open","ping_status":"open","sticky":false,"template":"","format":"standard","meta":{"sfsi_plus_gutenberg_text_before_share":"","sfsi_plus_gutenberg_show_text_before_share":"","sfsi_plus_gutenberg_icon_type":"","sfsi_plus_gutenberg_icon_alignemt":"","sfsi_plus_gutenburg_max_per_row":"","footnotes":""},"categories":[5,1],"tags":[4475,360,6624],"class_list":["post-16666","post","type-post","status-publish","format-standard","has-post-thumbnail","hentry","category-noticias","category-ultimas-noticias","tag-editora-comix-zone","tag-lourenco-mutarelli","tag-o-astronauta-ou-livre-associacao-de-um-homem-do-espaco"],"_links":{"self":[{"href":"https:\/\/kriocomics.com.br\/site\/wp-json\/wp\/v2\/posts\/16666","targetHints":{"allow":["GET"]}}],"collection":[{"href":"https:\/\/kriocomics.com.br\/site\/wp-json\/wp\/v2\/posts"}],"about":[{"href":"https:\/\/kriocomics.com.br\/site\/wp-json\/wp\/v2\/types\/post"}],"author":[{"embeddable":true,"href":"https:\/\/kriocomics.com.br\/site\/wp-json\/wp\/v2\/users\/2"}],"replies":[{"embeddable":true,"href":"https:\/\/kriocomics.com.br\/site\/wp-json\/wp\/v2\/comments?post=16666"}],"version-history":[{"count":2,"href":"https:\/\/kriocomics.com.br\/site\/wp-json\/wp\/v2\/posts\/16666\/revisions"}],"predecessor-version":[{"id":16669,"href":"https:\/\/kriocomics.com.br\/site\/wp-json\/wp\/v2\/posts\/16666\/revisions\/16669"}],"wp:featuredmedia":[{"embeddable":true,"href":"https:\/\/kriocomics.com.br\/site\/wp-json\/wp\/v2\/media\/16667"}],"wp:attachment":[{"href":"https:\/\/kriocomics.com.br\/site\/wp-json\/wp\/v2\/media?parent=16666"}],"wp:term":[{"taxonomy":"category","embeddable":true,"href":"https:\/\/kriocomics.com.br\/site\/wp-json\/wp\/v2\/categories?post=16666"},{"taxonomy":"post_tag","embeddable":true,"href":"https:\/\/kriocomics.com.br\/site\/wp-json\/wp\/v2\/tags?post=16666"}],"curies":[{"name":"wp","href":"https:\/\/api.w.org\/{rel}","templated":true}]}}