{"id":17012,"date":"2021-10-08T04:03:05","date_gmt":"2021-10-08T07:03:05","guid":{"rendered":"https:\/\/kriocomics.com.br\/site\/?p=17012"},"modified":"2021-10-19T01:37:29","modified_gmt":"2021-10-19T04:37:29","slug":"animacao-de-bob-cuspe-segue-vencendo-premios-internacionais","status":"publish","type":"post","link":"https:\/\/kriocomics.com.br\/site\/animacao-de-bob-cuspe-segue-vencendo-premios-internacionais\/","title":{"rendered":"Anima\u00e7\u00e3o de Bob Cuspe segue vencendo pr\u00eamios internacionais"},"content":{"rendered":"<p style=\"text-align: justify;\">Um personagem ic\u00f4nico dos quadrinhos nacionais conquistou pr\u00eamios important\u00edssimos para o cinema brasileiro ao protagonizar o filme\u00a0<strong><em>Bob Cuspe: N\u00f3s N\u00e3o Gostamos de Gente<\/em><\/strong>.<!--more--><\/p>\n<p style=\"text-align: justify;\">Dirigido por\u00a0<strong>C\u00e9sar Cabral<\/strong>, o longa mistura anima\u00e7\u00e3o e document\u00e1rio, imaginando como o cartunista\u00a0<strong>Angeli<\/strong>, criador do Bob Cuspe, poderia mat\u00e1-lo. A hist\u00f3ria se passa em um mundo p\u00f3s-apocal\u00edptico povoado por diversos personagens do autor.<\/p>\n<p style=\"text-align: justify;\">Logo no m\u00eas de Junho,\u00a0<em>N\u00f3s N\u00e3o Gostamos de Gente<\/em>\u00a0ganhou o pr\u00eamio da mostra\u00a0<strong>Contrechamp do Festival de Annecy<\/strong>, que \u00e9 simplesmente o mais importante evento dedicado \u00e0 anima\u00e7\u00e3o no mundo.<\/p>\n<p style=\"text-align: justify;\">Agora em outubro, a anima\u00e7\u00e3o venceu o pr\u00eamio principal no\u00a0<strong>Ottawa International Animation Festival<\/strong>. Essa foi a primeira vez que um longa latino-americano conquista esse pr\u00eamio.<\/p>\n<p style=\"text-align: justify;\">Al\u00e9m dos reconhecimentos internacionais,\u00a0<em>Bob Cuspe: N\u00f3s n\u00e3o Gostamos de Gente<\/em>\u00a0tamb\u00e9m foi presenteado com um elenco incr\u00edvel: Bob Cuspe \u2013 MILHEM CORTAZ; Angeli \u2013 ANGELI; Irm\u00e3os Kowalski \u2013 PAULO MIKLOS; Carol \u2013 CAROL GUAYCURU; Laerte \u2013 LAERTE; Rhalah Rikota \u2013 ANDR\u00c9 ABUJAMRA; Toninho Mendes \u2013 BETO HORA; Skrotinhos \u2013 HUGO POSSOLO; Madame L \u2013 LAERTE; R\u00ea Bordosa \u2013 GRACE GIANOUKAS; Pop Stars \u2013 ANDR\u00c9 ABUJAMRA e M\u00c1RCIO NIGRO<\/p>\n<p><iframe loading=\"lazy\" title=\"Bob Cuspe - N\u00f3s N\u00e3o Gostamos de Gente (Official Trailer)\" width=\"800\" height=\"450\" src=\"https:\/\/www.youtube.com\/embed\/OJ4oJQXHf_I?feature=oembed\" frameborder=\"0\" allow=\"accelerometer; autoplay; clipboard-write; encrypted-media; gyroscope; picture-in-picture\" allowfullscreen><\/iframe><\/p>\n<p>&nbsp;<\/p>\n<p><em>Por: Daniel Generalli<\/em><br \/>\n<em>Fonte:\u00a0<span style=\"color: #000080;\"><strong><a style=\"color: #000080;\" href=\"https:\/\/paocomlixo.com\/\" target=\"_blank\" rel=\"noopener\">P\u00e3o com Lixo<\/a><\/strong><\/span><\/em><\/p>\n","protected":false},"excerpt":{"rendered":"<p>Um personagem ic\u00f4nico dos quadrinhos nacionais conquistou pr\u00eamios important\u00edssimos para o cinema brasileiro ao protagonizar o filme\u00a0Bob Cuspe: N\u00f3s N\u00e3o<\/p>\n","protected":false},"author":2,"featured_media":17013,"comment_status":"open","ping_status":"open","sticky":false,"template":"","format":"standard","meta":{"sfsi_plus_gutenberg_text_before_share":"","sfsi_plus_gutenberg_show_text_before_share":"","sfsi_plus_gutenberg_icon_type":"","sfsi_plus_gutenberg_icon_alignemt":"","sfsi_plus_gutenburg_max_per_row":"","footnotes":""},"categories":[5,1],"tags":[3919,6715,6716,6717],"class_list":["post-17012","post","type-post","status-publish","format-standard","has-post-thumbnail","hentry","category-noticias","category-ultimas-noticias","tag-angeli","tag-bob-cuspe-nos-nao-gostamos-de-gente","tag-contrechamp-do-festival-de-annec","tag-ottawa-international-animation-festival"],"_links":{"self":[{"href":"https:\/\/kriocomics.com.br\/site\/wp-json\/wp\/v2\/posts\/17012","targetHints":{"allow":["GET"]}}],"collection":[{"href":"https:\/\/kriocomics.com.br\/site\/wp-json\/wp\/v2\/posts"}],"about":[{"href":"https:\/\/kriocomics.com.br\/site\/wp-json\/wp\/v2\/types\/post"}],"author":[{"embeddable":true,"href":"https:\/\/kriocomics.com.br\/site\/wp-json\/wp\/v2\/users\/2"}],"replies":[{"embeddable":true,"href":"https:\/\/kriocomics.com.br\/site\/wp-json\/wp\/v2\/comments?post=17012"}],"version-history":[{"count":3,"href":"https:\/\/kriocomics.com.br\/site\/wp-json\/wp\/v2\/posts\/17012\/revisions"}],"predecessor-version":[{"id":17016,"href":"https:\/\/kriocomics.com.br\/site\/wp-json\/wp\/v2\/posts\/17012\/revisions\/17016"}],"wp:featuredmedia":[{"embeddable":true,"href":"https:\/\/kriocomics.com.br\/site\/wp-json\/wp\/v2\/media\/17013"}],"wp:attachment":[{"href":"https:\/\/kriocomics.com.br\/site\/wp-json\/wp\/v2\/media?parent=17012"}],"wp:term":[{"taxonomy":"category","embeddable":true,"href":"https:\/\/kriocomics.com.br\/site\/wp-json\/wp\/v2\/categories?post=17012"},{"taxonomy":"post_tag","embeddable":true,"href":"https:\/\/kriocomics.com.br\/site\/wp-json\/wp\/v2\/tags?post=17012"}],"curies":[{"name":"wp","href":"https:\/\/api.w.org\/{rel}","templated":true}]}}