{"id":17084,"date":"2021-10-28T03:40:01","date_gmt":"2021-10-28T06:40:01","guid":{"rendered":"https:\/\/kriocomics.com.br\/site\/?p=17084"},"modified":"2021-11-06T01:05:33","modified_gmt":"2021-11-06T04:05:33","slug":"roteirista-da-editora-krio-comics-jean-canesqui-participou-da-flipocos-noir-workshop-tematico-da-flipocos","status":"publish","type":"post","link":"https:\/\/kriocomics.com.br\/site\/roteirista-da-editora-krio-comics-jean-canesqui-participou-da-flipocos-noir-workshop-tematico-da-flipocos\/","title":{"rendered":"Roteirista da Editora Kri\u00f4 Comics, Jean Canesqui, participou da Flipo\u00e7os Noir, workshop tem\u00e1tico da Flipo\u00e7os."},"content":{"rendered":"<p style=\"text-align: center;\"><em>Celebrando o m\u00eas das bruxas, o evento recebe dias 27 e 28 de outubro,\u00a0 nomes da literatura policial, suspense e terror<\/em><\/p>\n<p style=\"text-align: justify;\"><img loading=\"lazy\" decoding=\"async\" class=\"size-full wp-image-17085 alignleft\" src=\"https:\/\/kriocomics.com.br\/site\/wp-content\/uploads\/2021\/10\/Jean-Canesqui-Flipocos-Noir.jpg\" alt=\"\" width=\"500\" height=\"282\" srcset=\"https:\/\/kriocomics.com.br\/site\/wp-content\/uploads\/2021\/10\/Jean-Canesqui-Flipocos-Noir.jpg 500w, https:\/\/kriocomics.com.br\/site\/wp-content\/uploads\/2021\/10\/Jean-Canesqui-Flipocos-Noir-300x169.jpg 300w\" sizes=\"auto, (max-width: 500px) 100vw, 500px\" \/>Ao longo desse ano, o Festival Liter\u00e1rio Internacional de Po\u00e7os de Caldas (Flipo\u00e7os) realizou eventos tem\u00e1ticos que abordaram a literatura cl\u00e1ssica, o meio ambiente e sustentabilidade e a educa\u00e7\u00e3o.<\/p>\n<p style=\"text-align: justify;\">No \u00faltimo dia 27 de outubro, o \u00faltimo Flipo\u00e7os Tem\u00e1tico do ano celebrou o m\u00eas das bruxas ao falar sobre a Literatura Noir. A programa\u00e7\u00e3o come\u00e7ou \u00e0s 14h30 com a mesa <em>Cria\u00e7\u00e3o de um bom enredo de Terror e Suspense<\/em>, com o autor Antonio Voorhees e participa\u00e7\u00e3o especial do roteirista da <strong>Editora Kri\u00f4 Comics,<\/strong>\u00a0<strong>Jean Canesqui<\/strong>, Andreas Costenaro, e Artur Laizo.<\/p>\n<p style=\"text-align: justify;\">Logo depois, \u00e0s 16h, a editora Sesi-SP lan\u00e7ou o livro<em>\u00a0Caderno de pesadelos<\/em>. A mesa teve a presen\u00e7a de Andr\u00e9 Caramuru Aubert, Nina Brondi de Andrade Zinsly e Marilene da Silva Santos. A \u00faltima mesa do dia, \u00e0s 17h30, tamb\u00e9m um oferecimento da editora Sesi-SP, foi sobre <em>Literatura de terror: livros que ir\u00e3o te assombrar<\/em>, com Flavia Muniz, Luiz Roberto Guedes e Shirley Souza.<\/p>\n<p style=\"text-align: justify;\">No dia 28 de outubro, o universo <em>steampunk\u00a0<\/em>como incentivo \u00e0 leitura, a constru\u00e7\u00e3o de HQs no Brasil e ainda o mercado de HQs ser\u00e3o discutidos pelos convidados. O p\u00fablico poder\u00e1 acompanhar toda a programa\u00e7\u00e3o pelos canais do Flipo\u00e7os nas redes sociais:\u00a0<strong><span style=\"color: #000080;\"><a style=\"color: #000080;\" href=\"https:\/\/web.facebook.com\/flipocos\" target=\"_blank\" rel=\"noopener\">Facebook<\/a><\/span><\/strong>,\u00a0<strong><span style=\"color: #000080;\"><a style=\"color: #000080;\" href=\"https:\/\/www.instagram.com\/flipocos\/\" target=\"_blank\" rel=\"noopener\">Instagram<\/a><\/span><\/strong>\u00a0e\u00a0<strong><span style=\"color: #000080;\"><a style=\"color: #000080;\" href=\"https:\/\/www.youtube.com\/c\/feira-flipocos\/videos\" target=\"_blank\" rel=\"noopener\">YouTube<\/a><\/span><\/strong>.<\/p>\n<p>Assista abaixo a live, onde <strong>Jean Canesqui<\/strong> dividiu um pouco de sua experi\u00eancia e talento como roteirista:<\/p>\n<p><iframe loading=\"lazy\" title=\"Flipo\u00e7os Noir | Workshop | Dicas para escrever um bom enredo de Terror e Suspense\" width=\"800\" height=\"450\" src=\"https:\/\/www.youtube.com\/embed\/ZqwwShhQeBo?feature=oembed\" frameborder=\"0\" allow=\"accelerometer; autoplay; clipboard-write; encrypted-media; gyroscope; picture-in-picture\" allowfullscreen><\/iframe><\/p>\n<p>&nbsp;<\/p>\n<p>&nbsp;<\/p>\n<p><em>Da Reda\u00e7\u00e3o<\/em><\/p>\n","protected":false},"excerpt":{"rendered":"<p>Celebrando o m\u00eas das bruxas, o evento recebe dias 27 e 28 de outubro,\u00a0 nomes da literatura policial, suspense e<\/p>\n","protected":false},"author":2,"featured_media":17086,"comment_status":"open","ping_status":"open","sticky":false,"template":"","format":"standard","meta":{"sfsi_plus_gutenberg_text_before_share":"","sfsi_plus_gutenberg_show_text_before_share":"","sfsi_plus_gutenberg_icon_type":"","sfsi_plus_gutenberg_icon_alignemt":"","sfsi_plus_gutenburg_max_per_row":"","footnotes":""},"categories":[5,1],"tags":[6602,6732,3927,160],"class_list":["post-17084","post","type-post","status-publish","format-standard","has-post-thumbnail","hentry","category-noticias","category-ultimas-noticias","tag-editora-krio-comics","tag-festival-literario-internacional-de-pocos-de-caldas","tag-flipocos","tag-jean-canesqui"],"_links":{"self":[{"href":"https:\/\/kriocomics.com.br\/site\/wp-json\/wp\/v2\/posts\/17084","targetHints":{"allow":["GET"]}}],"collection":[{"href":"https:\/\/kriocomics.com.br\/site\/wp-json\/wp\/v2\/posts"}],"about":[{"href":"https:\/\/kriocomics.com.br\/site\/wp-json\/wp\/v2\/types\/post"}],"author":[{"embeddable":true,"href":"https:\/\/kriocomics.com.br\/site\/wp-json\/wp\/v2\/users\/2"}],"replies":[{"embeddable":true,"href":"https:\/\/kriocomics.com.br\/site\/wp-json\/wp\/v2\/comments?post=17084"}],"version-history":[{"count":7,"href":"https:\/\/kriocomics.com.br\/site\/wp-json\/wp\/v2\/posts\/17084\/revisions"}],"predecessor-version":[{"id":17093,"href":"https:\/\/kriocomics.com.br\/site\/wp-json\/wp\/v2\/posts\/17084\/revisions\/17093"}],"wp:featuredmedia":[{"embeddable":true,"href":"https:\/\/kriocomics.com.br\/site\/wp-json\/wp\/v2\/media\/17086"}],"wp:attachment":[{"href":"https:\/\/kriocomics.com.br\/site\/wp-json\/wp\/v2\/media?parent=17084"}],"wp:term":[{"taxonomy":"category","embeddable":true,"href":"https:\/\/kriocomics.com.br\/site\/wp-json\/wp\/v2\/categories?post=17084"},{"taxonomy":"post_tag","embeddable":true,"href":"https:\/\/kriocomics.com.br\/site\/wp-json\/wp\/v2\/tags?post=17084"}],"curies":[{"name":"wp","href":"https:\/\/api.w.org\/{rel}","templated":true}]}}