{"id":17094,"date":"2021-11-02T03:52:11","date_gmt":"2021-11-02T06:52:11","guid":{"rendered":"https:\/\/kriocomics.com.br\/site\/?p=17094"},"modified":"2021-11-06T19:22:54","modified_gmt":"2021-11-06T22:22:54","slug":"a-roteirista-larissa-palmieri-concedeu-uma-pequena-mas-interessante-entrevista-ao-site-torre-de-vigilancia","status":"publish","type":"post","link":"https:\/\/kriocomics.com.br\/site\/a-roteirista-larissa-palmieri-concedeu-uma-pequena-mas-interessante-entrevista-ao-site-torre-de-vigilancia\/","title":{"rendered":"A roteirista Larissa Palmieri concedeu uma pequena mas interessante entrevista ao site Torre de Vigil\u00e2ncia"},"content":{"rendered":"<p style=\"text-align: justify;\">L\u00e1 pelos idos de 2017, a jovem<strong>\u00a0Larissa Palmieri<\/strong>\u00a0realizou um dos seus sonhos: publicou sua primeira hist\u00f3ria em quadrinhos, ela saiu na colet\u00e2nea\u00a0<strong>Space Opera em Quadrinhos<\/strong>, pela\u00a0<strong>Editora Draco<\/strong>.<!--more--> Ela j\u00e1 andava pelos caminhos dos quadrinhos realizando resenhas\u00a0<strong><span style=\"color: #000080;\"><a style=\"color: #000080;\" href=\"https:\/\/larissapalmieri.com.br\/blog\/\" target=\"_blank\" rel=\"noopener noreferrer\">no seu blog pessoal<\/a><\/span><\/strong>\u00a0e na batalha de uma s\u00e9rie de cursos de roteiros.<\/p>\n<p style=\"text-align: justify;\">De l\u00e1 para c\u00e1, foram publica\u00e7\u00f5es em editoras e dezenas de hist\u00f3rias importantes, como por exemplo,\u00a0<em>\u201cMeu corpo, minhas regras\u201d<\/em>\u00a0da colet\u00e2nea\u00a0<strong>Na Quebrada<\/strong>\u00a0da\u00a0<strong>Editora Draco<\/strong>, a recente adapta\u00e7\u00e3o em quadrinhos para\u00a0<strong>Frankenstein de Mary Shelley<\/strong>, recentemente veio a grande not\u00edcia em que o quadrinho\u00a0<strong>O Fantasma da \u00d3pera em S\u00e3o Paulo<\/strong>, que tem desenhos de\u00a0<strong>Al Stefano<\/strong>\u00a0e edi\u00e7\u00e3o de\u00a0<strong>Daniel Esteves<\/strong>\u00a0foi aprovado no\u00a0<strong>ProAc Expresso 20\/2021<\/strong>\u00a0e uma adapta\u00e7\u00e3o liter\u00e1ria de um famoso livro infanto-juvenil, em parceria com a\u00a0<strong>Fabi Marques<\/strong>\u00a0e<strong>\u00a0Mario Cau<\/strong>\u00a0tamb\u00e9m aponta no horizonte. Ou seja, a musa dos quadrinhos nacionais est\u00e1 com tudo e n\u00e3o est\u00e1 prosa.<\/p>\n<p style=\"text-align: justify;\">Aqui conversamos sobre processo de trabalho nos roteiros,\u00a0<em>\u201cpitacos\u201d<\/em>\u00a0em parcerias e como usar, ou tentar, as redes sociais para promover o pr\u00f3prio trabalho de maneira sadia dentro e\/ou fora da nossa bolha. Sem mais delongas,\u00a0<strong>Larissa Palmieri<\/strong>:<\/p>\n<p><img loading=\"lazy\" decoding=\"async\" class=\"aligncenter size-full wp-image-17095\" src=\"https:\/\/kriocomics.com.br\/site\/wp-content\/uploads\/2021\/11\/Larissa-Palmieri-1.jpg\" alt=\"\" width=\"350\" height=\"350\" srcset=\"https:\/\/kriocomics.com.br\/site\/wp-content\/uploads\/2021\/11\/Larissa-Palmieri-1.jpg 350w, https:\/\/kriocomics.com.br\/site\/wp-content\/uploads\/2021\/11\/Larissa-Palmieri-1-300x300.jpg 300w, https:\/\/kriocomics.com.br\/site\/wp-content\/uploads\/2021\/11\/Larissa-Palmieri-1-150x150.jpg 150w, https:\/\/kriocomics.com.br\/site\/wp-content\/uploads\/2021\/11\/Larissa-Palmieri-1-100x100.jpg 100w\" sizes=\"auto, (max-width: 350px) 100vw, 350px\" \/><\/p>\n<p style=\"text-align: justify;\"><strong>1 \u2013 O que voc\u00ea est\u00e1 lendo atualmente?<\/strong><\/p>\n<p style=\"text-align: justify;\"><em>No momento em quadrinhos estou lendo \u201cTerra da Garoa\u201d do Rafael Cal\u00e7a e do Tainan Rocha, al\u00e9m de ter pego umas edi\u00e7\u00f5es antigas da Revista Animal pra ler tamb\u00e9m. De livro, estou alternando entre Hellraiser do Clive Baker com o Onze Reis do meu querido amigo Tiago P. Zanetic. Mas preciso urgente terminar o Retrato de Dorian Gray do Oscar Wilde.<\/em><\/p>\n<p style=\"text-align: justify;\"><strong>2 \u2013 Esse ano voc\u00ea lan\u00e7ou a adapta\u00e7\u00e3o de Frankenstein da Mary Shelley. Essa obra \u00e9 muito mais do que uma hist\u00f3ria de monstros, como muitos consideram e pensam. Como foi trabalhar em cima de um texto t\u00e3o cheio de camadas, e ainda tentar colocar as suas caracter\u00edsticas nela?<\/strong><\/p>\n<p style=\"text-align: justify;\"><em>Foi uma responsabilidade enorme. E coincidiu de come\u00e7armos esse trabalho junto com a pandemia, ent\u00e3o foi um momento muito tenso da vida de todo mundo e o ritmo ficou bem bagun\u00e7ado. Mas tive a oportunidade de dar um mergulho e eu acabei lendo o livro v\u00e1rias vezes, estudando a vida da Mary Shelley pra entender melhor os subtextos que estavam ali. Mas, de todos os desafios, acho que o maior foi tentar contar essa hist\u00f3ria de uma forma que fosse acess\u00edvel para mais idades e que pudesse combinar com o tra\u00e7o do Pedro tamb\u00e9m. Tive que segurar um pouco meus \u00edmpetos mais violentos de narrativa como costumo fazer sempre essas hist\u00f3rias e foi uma experi\u00eancia interessante.<\/em><\/p>\n<p style=\"text-align: justify;\"><strong>3 \u2013 Um passarinho contou que voc\u00ea, juntamente com o Mario Cau e a Fabi Marques est\u00e3o no forno para lan\u00e7ar um novo trabalho. O que podemos esperar? Ser\u00e1 que pode adiantar alguma coisa sobre?<\/strong><\/p>\n<p style=\"text-align: justify;\"><em>Ah, eu acho que d\u00e1 pra imaginar que \u00e9 um dos trabalhos mais lindos que fiz at\u00e9 agora. Tamb\u00e9m posso dizer que essa adapta\u00e7\u00e3o liter\u00e1ria de um famoso livro infanto-juvenil, com adapta\u00e7\u00f5es para s\u00e9rie televisiva, \u00e9 uma saga muito conhecida na l\u00edngua inglesa, em especial no Canad\u00e1. Como autora, foi algo muito diferente de tudo o que j\u00e1 fiz at\u00e9 agora e amei demais navegar por esses estilos.<\/em><\/p>\n<figure id=\"attachment_17106\" aria-describedby=\"caption-attachment-17106\" style=\"width: 339px\" class=\"wp-caption aligncenter\"><img loading=\"lazy\" decoding=\"async\" class=\"wp-image-17106 size-full\" src=\"https:\/\/kriocomics.com.br\/site\/wp-content\/uploads\/2021\/11\/Larissa-Palmieri-4.jpg\" alt=\"\" width=\"339\" height=\"480\" srcset=\"https:\/\/kriocomics.com.br\/site\/wp-content\/uploads\/2021\/11\/Larissa-Palmieri-4.jpg 339w, https:\/\/kriocomics.com.br\/site\/wp-content\/uploads\/2021\/11\/Larissa-Palmieri-4-212x300.jpg 212w\" sizes=\"auto, (max-width: 339px) 100vw, 339px\" \/><figcaption id=\"caption-attachment-17106\" class=\"wp-caption-text\">Lindo spoiler do projeto que ter\u00e1 cores da Fabi Marques e roteiro de Mario Cau<\/figcaption><\/figure>\n<p style=\"text-align: justify;\"><strong>4 \u2013 J\u00e1 se foram um ano e tanto de pandemia. Isolamento, ficar longe de eventos e pessoas queridas. Isso mexeu com sua forma de escrever ou com as ideias de roteiros que tinha antes do isolamento iniciar?<\/strong><\/p>\n<p style=\"text-align: justify;\"><em>Estou totalmente \u201ctrilili\u201d das ideias como autora. N\u00e3o consegui fazer nada autoral, do zero, desde julho do ano passado. Acho que al\u00e9m de um cont\u00ednuo esfor\u00e7o para sobreviver e pagar as contas, a falta de eventos, vida social e passar muito tempo em casa meio que fez os meus estalos criativos fugissem de mim. Sou uma observadora do cotidiano e as pessoas no meu entorno sempre me inspiram demais, ao contr\u00e1rio das minhas paredes.<\/em><\/p>\n<p style=\"text-align: justify;\"><strong>5 \u2013 O caminho para se tornar o roteirista muitas pessoas passam por etapas. Existem cursos, o network \u00e9 importante e sempre estar escrevendo \u00e9 essencial. Nem que seja uma ponta de ideia. Qual o melhor caminho para chegar nesse n\u00edvel de compet\u00eancia sendo uma roteirista inteligente, talentosa, poderosa e cheirosa como voc\u00ea?<\/strong><\/p>\n<p style=\"text-align: justify;\"><em>(RISOS) Obrigada pelo cheirosa. Bom, eu acho que a coisa mais importante de tudo isso que voc\u00ea citou na pergunta \u00e9 sentar a bunda na cadeira e escrever e realizar \u2013 coisa que n\u00e3o ando fazendo por causa desses tempos tenebrosos, mas geralmente \u00e9 meu modo padr\u00e3o. Ainda tenho muito pra construir, \u00e9 verdade, mas publiquei quase 20 hist\u00f3rias desde 2017 porque meti as caras mesmo. Infelizmente o medo segura o nosso \u00edmpeto de subir os degraus e acho que na maior parte do tempo eu n\u00e3o tive esse sentimento apesar de ser uma pessoa muito surtada e sofrer muito com a s\u00edndrome do impostor.<\/em><\/p>\n<p style=\"text-align: justify;\">Ainda tenho muitos desafios pra superar, como escrever uma hist\u00f3ria longa completamente autoral, mas sei que vou chegar l\u00e1 se tiver os gatilhos certos. E acho que isso vale pra todo mundo, n\u00e3o parar muito pra pensar nos por\u00e9ns, mas come\u00e7ar a escrever e ir atr\u00e1s. A sua primeira hist\u00f3ria ser\u00e1 ruim, as pr\u00f3ximas ser\u00e3o piores do que as futuras. Mas tem uma frase que eu amo: antes feito que perfeito, e \u00e9 assim que eu sigo com a minha vida, com o tempo vou lapidando a t\u00e9cnica com a pr\u00e1tica. E tem que ter tes\u00e3o por contar hist\u00f3rias, n\u00e9?<\/p>\n<figure id=\"attachment_17097\" aria-describedby=\"caption-attachment-17097\" style=\"width: 353px\" class=\"wp-caption aligncenter\"><img loading=\"lazy\" decoding=\"async\" class=\"wp-image-17097 size-full\" src=\"https:\/\/kriocomics.com.br\/site\/wp-content\/uploads\/2021\/11\/O-Fantasma-da-Opera-em-Sao-Paulo.jpg\" alt=\"\" width=\"353\" height=\"400\" srcset=\"https:\/\/kriocomics.com.br\/site\/wp-content\/uploads\/2021\/11\/O-Fantasma-da-Opera-em-Sao-Paulo.jpg 353w, https:\/\/kriocomics.com.br\/site\/wp-content\/uploads\/2021\/11\/O-Fantasma-da-Opera-em-Sao-Paulo-265x300.jpg 265w\" sizes=\"auto, (max-width: 353px) 100vw, 353px\" \/><figcaption id=\"caption-attachment-17097\" class=\"wp-caption-text\">O Fantasma da \u00d3pera em S\u00e3o Paulo, que tem desenhos de Al Stefano e edi\u00e7\u00e3o de Daniel Esteves foi aprovado no ProAc Expresso 20\/2021<\/figcaption><\/figure>\n<p style=\"text-align: justify;\"><strong>6 \u2013 Voc\u00ea \u00e9 uma roteirista que caminha entre os dois pontos: ser publicada por uma editora e tamb\u00e9m pelo fato de ser independente. Hoje temos algumas m\u00eddias que sempre serviram para divulgar e atingir o p\u00fablico. Mas com a mudan\u00e7a do Instagram, o algoritmo do Facebook caindo cada vez mais, o Youtube \u00e9 caixa de surpresa e eu sempre acho que o Twitter \u00e9 mais para a nossa bolha de alcance, como elevar o trabalho para mais pessoas? Um dos caminhos seria apostar nos blogs pessoais?<\/strong><\/p>\n<p style=\"text-align: justify;\"><em>Eu acho que nosso problema com forma\u00e7\u00e3o de leitores \u00e9 muito mais profundo e grave, pois competir com as redes sociais \u00e9 quase uma guerra perdida, al\u00e9m de estarmos neste esgoto do governo atual que vai deixar uma marca profunda de desinforma\u00e7\u00e3o e abandono. Quem conseguir se adaptar a esses tempos novos se dar\u00e1 muito bem, mas \u00e9 um desafio e tanto para os quadrinhos, que ainda sofrem um pouco para encontrar um formato que realmente seja um sucesso em telas. Por isso, at\u00e9 cogito trabalhar com audiovisual de alguma forma com s\u00e9ries ou cinema, sem abandonar os quadrinhos, claro. O que importa \u00e9 contar hist\u00f3rias, sempre.<\/em><\/p>\n<p><img loading=\"lazy\" decoding=\"async\" class=\"aligncenter size-full wp-image-17116\" src=\"https:\/\/kriocomics.com.br\/site\/wp-content\/uploads\/2021\/11\/Larissa-Palmieri.-2.jpg\" alt=\"\" width=\"500\" height=\"281\" srcset=\"https:\/\/kriocomics.com.br\/site\/wp-content\/uploads\/2021\/11\/Larissa-Palmieri.-2.jpg 500w, https:\/\/kriocomics.com.br\/site\/wp-content\/uploads\/2021\/11\/Larissa-Palmieri.-2-300x169.jpg 300w\" sizes=\"auto, (max-width: 500px) 100vw, 500px\" \/><\/p>\n<p style=\"text-align: justify;\"><strong>7 \u2013 Como funciona o processo de cria\u00e7\u00e3o de uma hist\u00f3ria com voc\u00ea? Tipo voc\u00ea \u00e9 daquelas pessoas que chega para o desenhista e d\u00e1 aquele \u201cpitaco\u201d? E tamb\u00e9m rola o \u201cpitaco\u201d vindo do outro lado?<\/strong><\/p>\n<p style=\"text-align: justify;\"><em>Eu sou uma pessoa de refer\u00eancias meio inusitadas, como meus pr\u00f3prios sonhos, experi\u00eancias bizarras de vida, jornalismo policial\u2026 Leio menos quadrinhos do que devia, na verdade. Estou sempre mergulhada em outras coisas, como buscas insanas sobre um assunto qualquer na internet. No come\u00e7o me via mais presa a certas etiquetas de g\u00eanero, hoje tenho vontade de contar apenas as minhas hist\u00f3rias de acordo com meu fluxo. E sim, quando se trata da cria\u00e7\u00e3o do conceito da hist\u00f3ria, eu adoro fazer isso em parceria com o desenhista. Amo \u201cpitacos\u201d e sou \u201cpitaqueira\u201d tamb\u00e9m, quando estou em uma parceria boa funciona superbem. Sou uma \u00f3tima parceira, fa\u00e7o guia de roteiro, pesquiso fotos pra refer\u00eancias, ajudo a tirar d\u00favidas e tudo mais, mod\u00e9stia a parte.<\/em><\/p>\n<p style=\"text-align: justify;\"><strong>8 \u2013 Muitas vezes o trabalho do roteirista \u00e9 um tanto solit\u00e1rio, \u00e9 voc\u00ea com sua hist\u00f3ria e seus personagens. \u00c0s vezes \u00e9 necess\u00e1rio passar para uma outra pessoa ler antes de ir para o editor ou nem todo texto \u00e9 assim?<\/strong><\/p>\n<p style=\"text-align: justify;\"><em>Eu sempre preciso de outras opini\u00f5es no meu texto. Al\u00e9m da inseguran\u00e7a natural de algu\u00e9m que n\u00e3o domina todas as ferramentas, tem coisas que voc\u00ea t\u00e1 t\u00e3o viciado na sua forma de enxergar a hist\u00f3ria que escapam \u00e0 percep\u00e7\u00e3o, ent\u00e3o tem que ter leituras cr\u00edticas sim. Felizmente tenho grupos de amigos autores que sempre me ajudam nesse sentido e eu tamb\u00e9m sempre leio as coisas deles.<\/em><\/p>\n<p style=\"text-align: justify;\"><strong>9 \u2013 Uma das hist\u00f3rias que eu mais gosto sua \u00e9 \u201cMeu corpo, minhas regras\u201d da colet\u00e2nea Na Quebrada da Editora Draco. Ela mistura religi\u00e3o, abuso de poder, cyberpunk e um forte discurso feminino. Voc\u00ea uma vez falou da sua experi\u00eancia com a religi\u00e3o, digamos, mais doutrinadora. Voc\u00ea \u00e0s vezes se v\u00ea com essa \u201cmiss\u00e3o\u201d, ou por poder falar com um alcance maior, n\u00e3o somente sobre esses temas, de colocar assuntos t\u00e3o importantes nos seus roteiros?<\/strong><\/p>\n<p style=\"text-align: justify;\"><em>Nem \u00e9 uma coisa que eu racionalizo muito, s\u00e3o s\u00f3 as minhas quest\u00f5es pessoais que eu sinto um impulso inevit\u00e1vel de colocar nas hist\u00f3rias. S\u00e3o muitas das minhas experi\u00eancias de vida somadas as minhas idealiza\u00e7\u00f5es, mas n\u00e3o penso muito sobre atingir as pessoas com uma li\u00e7\u00e3o de moral ou expondo algo que deve ser denunciado e sim em faz\u00ea-las sentirem a jornada com o que conto no roteiro. Algo em mim cr\u00ea que a transforma\u00e7\u00e3o acontece mais pelo impacto ao ler uma hist\u00f3ria do que quando \u00e9 mais panflet\u00e1rio \u2013 n\u00e3o sei se essa \u00e9 a palavra certa, mas \u00e9 por a\u00ed. \u00c9 muito o caso de \u201cMeu corpo, minhas regras\u201d, que voc\u00ea citou.<\/em><\/p>\n<p><img loading=\"lazy\" decoding=\"async\" class=\"aligncenter size-full wp-image-17099\" src=\"https:\/\/kriocomics.com.br\/site\/wp-content\/uploads\/2021\/11\/Larissa-Palmieri-3.jpg\" alt=\"\" width=\"500\" height=\"326\" srcset=\"https:\/\/kriocomics.com.br\/site\/wp-content\/uploads\/2021\/11\/Larissa-Palmieri-3.jpg 500w, https:\/\/kriocomics.com.br\/site\/wp-content\/uploads\/2021\/11\/Larissa-Palmieri-3-300x196.jpg 300w\" sizes=\"auto, (max-width: 500px) 100vw, 500px\" \/><\/p>\n<p style=\"text-align: justify;\"><strong>10 \u2013 Qual seria o desenhista, ou equipe criativa, que voc\u00ea gostaria muito de trabalhar?<\/strong><\/p>\n<p style=\"text-align: justify;\"><em>Essa pergunta \u00e9 T\u00c3O dif\u00edcil de responder, eu n\u00e3o idealizo demais isso porque a vida sempre me surpreende com possiblidades que eu n\u00e3o imaginei que teria e, sabe como \u00e9, um roteirista n\u00e3o pode se dar muito ao luxo de escolher. Eu amo quase todo mundo com quem eu trabalhei at\u00e9 aqui, na real, repetiria v\u00e1rias parcerias.<\/em><\/p>\n<p style=\"text-align: justify;\"><strong>11 \u2013 Qual seria o assunto, ou hist\u00f3ria, que voc\u00ea gostaria de escrever e n\u00e3o tem nada a ver com voc\u00ea, qual seria?<\/strong><\/p>\n<p style=\"text-align: justify;\"><em>Eu gostaria muito de fazer um quadrinho hist\u00f3rico sobre o per\u00edodo colonial do Brasil. E talvez um dia me arriscar na com\u00e9dia, pois \u00e9 algo completamente fora da minha zona de conforto e ainda n\u00e3o me desafiei nesse sentido.<\/em><\/p>\n<p style=\"text-align: justify;\"><strong>12 \u2013 Quais os projetos da Larissa para a reta final de 2021?<\/strong><\/p>\n<p style=\"text-align: justify;\"><em>Bom, vem a\u00ed uma adapta\u00e7\u00e3o liter\u00e1ria que ainda n\u00e3o foi anunciada, como disse acima, e tamb\u00e9m estou trabalhando em uma hist\u00f3ria mais curta com o querido Andr\u00e9 Oide, acho que conseguimos lan\u00e7ar a campanha no Catarse na CCPX deste ano.<\/em><\/p>\n<p style=\"text-align: justify;\"><strong>13 \u2013 E se voc\u00ea pudesse voltar no tempo e encontrar a Larissa Palmieri dez anos atr\u00e1s, o que voc\u00ea diria para ela e o que ela diria para voc\u00ea?<\/strong><\/p>\n<p style=\"text-align: justify;\"><em>Eu diria para ela: guarde dinheiro e invista em coisas mais s\u00f3lidas. Cuide da sua sa\u00fade. Estude muito. Larga o que n\u00e3o te faz bem e vai atr\u00e1s dos seus sonhos. Ela diria para mim: Sou sua f\u00e3. Voc\u00ea \u00e9 incr\u00edvel e corajosa.<\/em><\/p>\n<p>&nbsp;<\/p>\n<p><em>Por: Ricardo Ramos<\/em><br \/>\n<em>Fonte: <strong><span style=\"color: #000080;\"><a style=\"color: #000080;\" href=\"https:\/\/www.torredevigilancia.com\/\" target=\"_blank\" rel=\"noopener\">Torre de Vigil\u00e2ncia<\/a><\/span><\/strong><\/em><\/p>\n","protected":false},"excerpt":{"rendered":"<p>L\u00e1 pelos idos de 2017, a jovem\u00a0Larissa Palmieri\u00a0realizou um dos seus sonhos: publicou sua primeira hist\u00f3ria em quadrinhos, ela saiu<\/p>\n","protected":false},"author":2,"featured_media":17100,"comment_status":"open","ping_status":"open","sticky":false,"template":"","format":"standard","meta":{"sfsi_plus_gutenberg_text_before_share":"","sfsi_plus_gutenberg_show_text_before_share":"","sfsi_plus_gutenberg_icon_type":"","sfsi_plus_gutenberg_icon_alignemt":"","sfsi_plus_gutenburg_max_per_row":"","footnotes":""},"categories":[5,1],"tags":[6733,6734],"class_list":["post-17094","post","type-post","status-publish","format-standard","has-post-thumbnail","hentry","category-noticias","category-ultimas-noticias","tag-larissa-palmieri","tag-torre-de-vigilancia"],"_links":{"self":[{"href":"https:\/\/kriocomics.com.br\/site\/wp-json\/wp\/v2\/posts\/17094","targetHints":{"allow":["GET"]}}],"collection":[{"href":"https:\/\/kriocomics.com.br\/site\/wp-json\/wp\/v2\/posts"}],"about":[{"href":"https:\/\/kriocomics.com.br\/site\/wp-json\/wp\/v2\/types\/post"}],"author":[{"embeddable":true,"href":"https:\/\/kriocomics.com.br\/site\/wp-json\/wp\/v2\/users\/2"}],"replies":[{"embeddable":true,"href":"https:\/\/kriocomics.com.br\/site\/wp-json\/wp\/v2\/comments?post=17094"}],"version-history":[{"count":15,"href":"https:\/\/kriocomics.com.br\/site\/wp-json\/wp\/v2\/posts\/17094\/revisions"}],"predecessor-version":[{"id":17118,"href":"https:\/\/kriocomics.com.br\/site\/wp-json\/wp\/v2\/posts\/17094\/revisions\/17118"}],"wp:featuredmedia":[{"embeddable":true,"href":"https:\/\/kriocomics.com.br\/site\/wp-json\/wp\/v2\/media\/17100"}],"wp:attachment":[{"href":"https:\/\/kriocomics.com.br\/site\/wp-json\/wp\/v2\/media?parent=17094"}],"wp:term":[{"taxonomy":"category","embeddable":true,"href":"https:\/\/kriocomics.com.br\/site\/wp-json\/wp\/v2\/categories?post=17094"},{"taxonomy":"post_tag","embeddable":true,"href":"https:\/\/kriocomics.com.br\/site\/wp-json\/wp\/v2\/tags?post=17094"}],"curies":[{"name":"wp","href":"https:\/\/api.w.org\/{rel}","templated":true}]}}