{"id":17128,"date":"2021-11-05T23:43:26","date_gmt":"2021-11-06T02:43:26","guid":{"rendered":"https:\/\/kriocomics.com.br\/site\/?p=17128"},"modified":"2021-11-26T00:32:52","modified_gmt":"2021-11-26T03:32:52","slug":"dia-do-quadrinho-gratis-2021-acontecera-em-dezembro","status":"publish","type":"post","link":"https:\/\/kriocomics.com.br\/site\/dia-do-quadrinho-gratis-2021-acontecera-em-dezembro\/","title":{"rendered":"Dia do Quadrinho Gr\u00e1tis 2021 acontecer\u00e1 em dezembro"},"content":{"rendered":"<p style=\"text-align: center;\"><em>Ser\u00e3o dois dias para o leitor aproveitar e garantir um exemplar f\u00edsico ou digital<\/em><\/p>\n<p style=\"text-align: justify;\">Como o nome j\u00e1 diz, o <strong>Dia do Quadrinho Gr\u00e1tis<\/strong> \u00e9 um dia em que as lojas especializadas participantes, espalhadas pelo Pa\u00eds, distribuem quadrinhos gratuitamente para todo mundo que entrar na loja! Esse evento \u00e9 inspirado no \u201cFree Comic Book Day\u201d norte-americano, e j\u00e1 est\u00e1 em sua quinta edi\u00e7\u00e3o no Brasil! Navegue<\/p>\n<p style=\"text-align: justify;\">O <strong>Dia do Quadrinho Gr\u00e1tis<\/strong> acontecer\u00e1 nos dias 18 e 19\/12, durante um evento, organizado pela Editora Devir, chamado: <strong><span style=\"color: #000080;\"><a style=\"color: #000080;\" href=\"https:\/\/devir.com.br\/viradanerd\/\" target=\"_blank\" rel=\"noopener\">Virada Nerd<\/a><\/span><\/strong>.<\/p>\n<p style=\"text-align: justify;\">As duas iniciativas foram criadas com a inten\u00e7\u00e3o de divulgar e prestigiar as lojas especializadas e um sistema de distribui\u00e7\u00e3o que atende centenas desses pontos de venda e que concentram formadores de opini\u00e3o do mercado geek\/nerd.<\/p>\n<p style=\"text-align: justify;\">Cada uma dessas lojas se relaciona de maneira diferente com sua comunidade, com um estilo e personalidade pr\u00f3prios, e cada uma oferece produtos dos mais diversos, entre os quais: quadrinhos, card games, jogos de tabuleiro, graphic novels, action figures, brinquedos e v\u00e1rios outros.<\/p>\n<p style=\"text-align: justify;\">A realiza\u00e7\u00e3o do <strong>Dia do Quadrinho Gr\u00e1tis<\/strong> s\u00f3 \u00e9 poss\u00edvel gra\u00e7as \u00e0 participa\u00e7\u00e3o e colabora\u00e7\u00e3o dessas lojas com a Devir.<\/p>\n<p style=\"text-align: justify;\">Mas esses quadrinhos s\u00e3o gr\u00e1tis mesmo? Sim, s\u00e3o!<br \/>\nPor meio do site <a href=\"https:\/\/devir.com.br\/viradanerd\/\" target=\"_blank\" rel=\"noopener\"><strong><span style=\"color: #000080;\">devir.com.br\/viradanerd<\/span><\/strong><\/a> o leitor poder\u00e1 conferir quais ser\u00e3o as lojas participantes da edi\u00e7\u00e3o deste ano.<\/p>\n<p style=\"text-align: justify;\">Numa parceria com as lojas especializadas e esse ano com a Amazon, a Devir far\u00e1 edi\u00e7\u00f5es especiais que ser\u00e3o distribu\u00eddas gratuitamente durante o evento.<\/p>\n<p style=\"text-align: justify;\">A novidade ser\u00e1 a participa\u00e7\u00e3o da Amazon que far\u00e1 com exclusividade a distribui\u00e7\u00e3o da vers\u00e3o DIGITAL desses quadrinhos gratuitamente! Isso mesmo, esse ano o leitor ter\u00e1 duas oportunidades de conseguir o seu quadrinho gr\u00e1tis: f\u00edsico ou digital!<\/p>\n<p style=\"text-align: justify;\">As quantidades de exemplares f\u00edsicos distribu\u00eddas ser\u00e3o limitadas, ent\u00e3o a quantidade de quadrinhos que o leitor vai conseguir levar para casa depender\u00e1 de uma s\u00e9rie de fatores: quantos quadrinhos a loja t\u00eam para distribuir, quantas pessoas entraram na loja nesse dia, quantas pessoas chegaram antes dele.<\/p>\n<p style=\"text-align: justify;\">Se voc\u00ea acredita que as hist\u00f3rias em quadrinhos s\u00e3o um produto que incentiva a leitura, oferecendo uma gigantesca variedade de temas diferentes, apoie essa iniciativa e espalhe a not\u00edcia, conte para sua fam\u00edlia, amigos, colegas de classe, enfim, para qualquer um que voc\u00ea ache que possa curtir essa ideia!<\/p>\n<p>&nbsp;<\/p>\n<p><em>Por: Bruno Fonseca<\/em><br \/>\n<em>Fonte: <strong><span style=\"color: #000080;\"><a style=\"color: #000080;\" href=\"https:\/\/www.proibidoler.com\/\" target=\"_blank\" rel=\"noopener\">Proibido Ler<\/a><\/span><\/strong><\/em><\/p>\n","protected":false},"excerpt":{"rendered":"<p>Ser\u00e3o dois dias para o leitor aproveitar e garantir um exemplar f\u00edsico ou digital Como o nome j\u00e1 diz, o<\/p>\n","protected":false},"author":2,"featured_media":17129,"comment_status":"open","ping_status":"closed","sticky":false,"template":"","format":"standard","meta":{"sfsi_plus_gutenberg_text_before_share":"","sfsi_plus_gutenberg_show_text_before_share":"","sfsi_plus_gutenberg_icon_type":"","sfsi_plus_gutenberg_icon_alignemt":"","sfsi_plus_gutenburg_max_per_row":"","footnotes":""},"categories":[15,1],"tags":[6737,6459,6738],"class_list":["post-17128","post","type-post","status-publish","format-standard","has-post-thumbnail","hentry","category-eventos","category-ultimas-noticias","tag-dia-do-quadrinho-gratis","tag-free-comic-book-day","tag-virada-nerd"],"_links":{"self":[{"href":"https:\/\/kriocomics.com.br\/site\/wp-json\/wp\/v2\/posts\/17128","targetHints":{"allow":["GET"]}}],"collection":[{"href":"https:\/\/kriocomics.com.br\/site\/wp-json\/wp\/v2\/posts"}],"about":[{"href":"https:\/\/kriocomics.com.br\/site\/wp-json\/wp\/v2\/types\/post"}],"author":[{"embeddable":true,"href":"https:\/\/kriocomics.com.br\/site\/wp-json\/wp\/v2\/users\/2"}],"replies":[{"embeddable":true,"href":"https:\/\/kriocomics.com.br\/site\/wp-json\/wp\/v2\/comments?post=17128"}],"version-history":[{"count":5,"href":"https:\/\/kriocomics.com.br\/site\/wp-json\/wp\/v2\/posts\/17128\/revisions"}],"predecessor-version":[{"id":17134,"href":"https:\/\/kriocomics.com.br\/site\/wp-json\/wp\/v2\/posts\/17128\/revisions\/17134"}],"wp:featuredmedia":[{"embeddable":true,"href":"https:\/\/kriocomics.com.br\/site\/wp-json\/wp\/v2\/media\/17129"}],"wp:attachment":[{"href":"https:\/\/kriocomics.com.br\/site\/wp-json\/wp\/v2\/media?parent=17128"}],"wp:term":[{"taxonomy":"category","embeddable":true,"href":"https:\/\/kriocomics.com.br\/site\/wp-json\/wp\/v2\/categories?post=17128"},{"taxonomy":"post_tag","embeddable":true,"href":"https:\/\/kriocomics.com.br\/site\/wp-json\/wp\/v2\/tags?post=17128"}],"curies":[{"name":"wp","href":"https:\/\/api.w.org\/{rel}","templated":true}]}}