{"id":1716,"date":"2019-01-23T00:53:53","date_gmt":"2019-01-23T02:53:53","guid":{"rendered":"https:\/\/kriocomics.com.br\/site\/?p=1716"},"modified":"2025-01-23T20:23:54","modified_gmt":"2025-01-23T23:23:54","slug":"marvel-lanca-primeira-personagem-drag-queen-dos-quadrinhos-conheca-shade","status":"publish","type":"post","link":"https:\/\/kriocomics.com.br\/site\/marvel-lanca-primeira-personagem-drag-queen-dos-quadrinhos-conheca-shade\/","title":{"rendered":"Marvel lan\u00e7a primeira personagem drag queen dos quadrinhos; Conhe\u00e7a Shade"},"content":{"rendered":"<p style=\"text-align: justify;\">Cada vez mais colocando a representatividade em pauta em suas produ\u00e7\u00f5es, a&nbsp;Marvel&nbsp;anunciou recentemente a apresenta\u00e7\u00e3o de uma hero\u00edna&nbsp;drag queen, como forma de colocar mais uma vez a pauta LGBT dentro das suas hist\u00f3rias em quadrinhos.<!--more--><\/p>\n<p style=\"text-align: justify;\">Intitulada&nbsp;Shade, a personagem estreou na edi\u00e7\u00e3o de dezembro e trata-se de uma performer mutante. A sua primeira apari\u00e7\u00e3o acontece durante a Primeira Parada do Orgulho Mutante da Marvel. Em clara refer\u00eancia a Parada do Orgulho LGBT justamente por terem algo em comum.<\/p>\n<p style=\"text-align: justify;\">O poder de Shade \u00e9 se teletransportar, atrav\u00e9s de portais que ela consegue criar com a ajuda de um leque. A partir destes portais ela consegue viajar para v\u00e1rios lugares diferentes em fra\u00e7\u00f5es de segundo.<\/p>\n<p style=\"text-align: justify;\"><em>\u201cMeu objetivo com esta nova s\u00e9rie do Homem de Gelo \u00e9 que todos, eu, os leitores, e os personagens envolvidos na hist\u00f3ria em quadrinhos, se divirtam<\/em>\u201d,&nbsp;afirmou Grace, uma das escritoras dos quadrinhos.<\/p>\n<p>&nbsp;<\/p>\n<p><em>Por: Rangel Querino<\/em><br \/>\n<span style=\"color: #000080;\"><strong><a style=\"color: #000080;\" href=\"https:\/\/observatoriog.bol.uol.com.br\" target=\"_blank\" rel=\"noopener\"><em>Observat\u00f3rio G<\/em><\/a><\/strong><\/span><\/p>\n","protected":false},"excerpt":{"rendered":"<p>Cada vez mais colocando a representatividade em pauta em suas produ\u00e7\u00f5es, a&nbsp;Marvel&nbsp;anunciou recentemente a apresenta\u00e7\u00e3o de uma hero\u00edna&nbsp;drag queen, como<\/p>\n","protected":false},"author":2,"featured_media":1718,"comment_status":"open","ping_status":"open","sticky":false,"template":"","format":"standard","meta":{"sfsi_plus_gutenberg_text_before_share":"","sfsi_plus_gutenberg_show_text_before_share":"","sfsi_plus_gutenberg_icon_type":"","sfsi_plus_gutenberg_icon_alignemt":"","sfsi_plus_gutenburg_max_per_row":"","footnotes":""},"categories":[5,1],"tags":[402,401,338,400],"class_list":["post-1716","post","type-post","status-publish","format-standard","has-post-thumbnail","hentry","category-noticias","category-ultimas-noticias","tag-drag-queen","tag-lgbt","tag-marvel","tag-shade"],"_links":{"self":[{"href":"https:\/\/kriocomics.com.br\/site\/wp-json\/wp\/v2\/posts\/1716","targetHints":{"allow":["GET"]}}],"collection":[{"href":"https:\/\/kriocomics.com.br\/site\/wp-json\/wp\/v2\/posts"}],"about":[{"href":"https:\/\/kriocomics.com.br\/site\/wp-json\/wp\/v2\/types\/post"}],"author":[{"embeddable":true,"href":"https:\/\/kriocomics.com.br\/site\/wp-json\/wp\/v2\/users\/2"}],"replies":[{"embeddable":true,"href":"https:\/\/kriocomics.com.br\/site\/wp-json\/wp\/v2\/comments?post=1716"}],"version-history":[{"count":1,"href":"https:\/\/kriocomics.com.br\/site\/wp-json\/wp\/v2\/posts\/1716\/revisions"}],"predecessor-version":[{"id":1717,"href":"https:\/\/kriocomics.com.br\/site\/wp-json\/wp\/v2\/posts\/1716\/revisions\/1717"}],"wp:featuredmedia":[{"embeddable":true,"href":"https:\/\/kriocomics.com.br\/site\/wp-json\/wp\/v2\/media\/1718"}],"wp:attachment":[{"href":"https:\/\/kriocomics.com.br\/site\/wp-json\/wp\/v2\/media?parent=1716"}],"wp:term":[{"taxonomy":"category","embeddable":true,"href":"https:\/\/kriocomics.com.br\/site\/wp-json\/wp\/v2\/categories?post=1716"},{"taxonomy":"post_tag","embeddable":true,"href":"https:\/\/kriocomics.com.br\/site\/wp-json\/wp\/v2\/tags?post=1716"}],"curies":[{"name":"wp","href":"https:\/\/api.w.org\/{rel}","templated":true}]}}