{"id":17265,"date":"2021-12-29T01:29:22","date_gmt":"2021-12-29T04:29:22","guid":{"rendered":"https:\/\/kriocomics.com.br\/site\/?p=17265"},"modified":"2022-01-05T01:33:59","modified_gmt":"2022-01-05T04:33:59","slug":"a-ascensao-dos-super-herois-pretos-por-que-representatividade-importa-na-luta-antirracista","status":"publish","type":"post","link":"https:\/\/kriocomics.com.br\/site\/a-ascensao-dos-super-herois-pretos-por-que-representatividade-importa-na-luta-antirracista\/","title":{"rendered":"A ascens\u00e3o dos super-her\u00f3is pretos: Por que representatividade importa na luta antirracista?"},"content":{"rendered":"<p style=\"text-align: center;\"><em>Depois de anos silenciadas, as vozes pretas come\u00e7am a ser ouvidas na cultura de massas<\/em><\/p>\n<p style=\"text-align: justify;\"><b>\u201cO pr\u00f3ximo Superman \u00e9 preto!\u201d\u00a0<\/b>A not\u00edcia que\u00a0parecia piada, de t\u00e3o improv\u00e1vel de acontecer, estampou manchetes por toda a internet, seja em sites progressistas ou sensacionalistas. Era revolucion\u00e1rio:\u00a0<i>literalmente\u00a0<\/i><b>denegrir\u00a0<\/b>o maior s\u00edmbolo de virtude estadunidense, isto \u00e9, torn\u00e1-lo indubitavelmente negro. E ele n\u00e3o vem sozinho, afinal, nas telas da Marvel, o pr\u00f3prio\u00a0<b>Capit\u00e3o Am\u00e9rica \u00e9 preto<\/b>. Seria esse um sinal de mudan\u00e7a? Uma era de renova\u00e7\u00e3o cultural?<\/p>\n<div class=\"recommended-single rendered\" style=\"text-align: justify;\" data-v-8b45e19c=\"\">\n<div class=\"element-picture recommended-single__image\" data-v-39c0c065=\"\" data-v-8b45e19c=\"\">Por muito tempo, a pele preta na tev\u00ea estava relegada a uma imagem bem espec\u00edfica: para mulheres, empregadas; para os homens, seguran\u00e7as. Depois de anos reprisando pap\u00e9is de pessoas escravizadas escritos por roteiristas brancos, este era o novo esquema para <b>atrelar a imagem negra \u00e0 servid\u00e3o<\/b>. Isto quando, junto, n\u00e3o vinha uma pol\u00edtica velada de\u00a0<b>marginaliza\u00e7\u00e3o\u00a0<\/b>\u2014 o preto como bandido, agressivo e ruim.<\/div>\n<\/div>\n<p style=\"text-align: justify;\">No Brasil,\u00a0<b>somos a maioria \u00e9tnica demogr\u00e1fica<\/b>, mas a opress\u00e3o sistem\u00e1tica nos torna minoria. Afinal, se por um lado ocupamos as ruas, os transportes p\u00fablicos e a m\u00e3o de obra dos trabalhos mais bra\u00e7ais, somos negado espa\u00e7os nas grandes faculdades, na pol\u00edtica e nos jornais. Compare a quantidade de grandes\u00a0<i>influencers\u00a0<\/i>brancos e pretos que voc\u00ea conhece que fica claro como as engrenagens da sociedade silenciam as vozes pretas em todas as esferas.<\/p>\n<p style=\"text-align: justify;\">Mas ent\u00e3o, com o brado retumbante de Chadwick Boseman,\u00a0<b>Wakanda\u00a0<\/b>surgiu na imagina\u00e7\u00e3o popular para ficar marcada\u00a0<b>para sempre\u00a0<\/b>como uma alternativa de gl\u00f3ria, comunidade e humanidade para as pessoas pretas. Junto com o eterno Pantera Negra do Universo Cinematogr\u00e1fico da Marvel, chega a era dos her\u00f3is para o povo preto nas telas da tev\u00ea e do cinema.<\/p>\n<figure id=\"attachment_17266\" aria-describedby=\"caption-attachment-17266\" style=\"width: 500px\" class=\"wp-caption aligncenter\"><img loading=\"lazy\" decoding=\"async\" class=\"size-full wp-image-17266\" src=\"https:\/\/kriocomics.com.br\/site\/wp-content\/uploads\/2021\/12\/Chadwick-Boseman-foi-o-rosto-de-uma-revolucao.jpeg\" alt=\"\" width=\"500\" height=\"262\" srcset=\"https:\/\/kriocomics.com.br\/site\/wp-content\/uploads\/2021\/12\/Chadwick-Boseman-foi-o-rosto-de-uma-revolucao.jpeg 500w, https:\/\/kriocomics.com.br\/site\/wp-content\/uploads\/2021\/12\/Chadwick-Boseman-foi-o-rosto-de-uma-revolucao-300x157.jpeg 300w, https:\/\/kriocomics.com.br\/site\/wp-content\/uploads\/2021\/12\/Chadwick-Boseman-foi-o-rosto-de-uma-revolucao-390x205.jpeg 390w\" sizes=\"auto, (max-width: 500px) 100vw, 500px\" \/><figcaption id=\"caption-attachment-17266\" class=\"wp-caption-text\">Chadwick Boseman foi o rosto de uma revolu\u00e7\u00e3o<\/figcaption><\/figure>\n<p style=\"text-align: justify;\">Pela primeira vez em quase dez anos de Marvel Studios, as pessoas pretas podiam se ver inclu\u00eddas e respeitadas em seus maiores \u00eddolos. N\u00e3o como uma figura coadjuvante na jornada de um her\u00f3i branco, como era o\u00a0<b>Falc\u00e3o<\/b>\u00a0em<b>\u00a0Capit\u00e3o Am\u00e9rica 2: Soldado Invernal<\/b>, mas sim como os donos de suas pr\u00f3prias hist\u00f3rias.<\/p>\n<p style=\"text-align: justify;\">O impacto emocional em um grupo social cuja a import\u00e2ncia de suas vidas precisava ser constantemente refor\u00e7ado foi explosivo, resultando em uma das bilheterias mais expressivas da hist\u00f3ria\u00a0do cinema.\u00a0<b>1,34 bilh\u00e3o de d\u00f3lares<\/b>: este era todo o dinheiro que Hollywood estava perdendo com a manuten\u00e7\u00e3o de uma decis\u00e3o racista em grandes produ\u00e7\u00f5es. E isto n\u00e3o passou despercebido \u2014 nem pela ind\u00fastria, nem pelo p\u00fablico.<\/p>\n<p style=\"text-align: justify;\"><b><i>\u201cViver sem um reflexo por tanto tempo faz voc\u00ea se perguntar se voc\u00ea realmente existe,\u201d<\/i><\/b>\u00a0declama Beyonc\u00e9 em um trecho de seu manifesto visual de negritude \u2014\u00a0<strong>Black is King<\/strong>\u00a0\u2014 e esta frase resume bem a rela\u00e7\u00e3o das minorias com a representatividade. Por muito tempo, fomos praticamente invis\u00edveis nas telas. Mas agora que entendemos como era importante ocupar todos os lugares, n\u00e3o ir\u00edamos aceitar migalhas. Merecemos ser vistos e isso foi expresso por um turbilh\u00e3o cultural.<\/p>\n<figure id=\"attachment_17267\" aria-describedby=\"caption-attachment-17267\" style=\"width: 500px\" class=\"wp-caption aligncenter\"><img loading=\"lazy\" decoding=\"async\" class=\"size-full wp-image-17267\" src=\"https:\/\/kriocomics.com.br\/site\/wp-content\/uploads\/2021\/12\/As-riquezas-do-povo-preto-foram-roubadas-ao-longo-do-tempo.jpeg\" alt=\"\" width=\"500\" height=\"262\" srcset=\"https:\/\/kriocomics.com.br\/site\/wp-content\/uploads\/2021\/12\/As-riquezas-do-povo-preto-foram-roubadas-ao-longo-do-tempo.jpeg 500w, https:\/\/kriocomics.com.br\/site\/wp-content\/uploads\/2021\/12\/As-riquezas-do-povo-preto-foram-roubadas-ao-longo-do-tempo-300x157.jpeg 300w, https:\/\/kriocomics.com.br\/site\/wp-content\/uploads\/2021\/12\/As-riquezas-do-povo-preto-foram-roubadas-ao-longo-do-tempo-390x205.jpeg 390w\" sizes=\"auto, (max-width: 500px) 100vw, 500px\" \/><figcaption id=\"caption-attachment-17267\" class=\"wp-caption-text\">As riquezas do povo preto foram roubadas ao longo do tempo<\/figcaption><\/figure>\n<p style=\"text-align: justify;\">A cara das grandes premia\u00e7\u00f5es come\u00e7ou a ser questionada. Nas redes, o movimento\u00a0<b>#OscarsSoWhite<\/b>\u00a0exigia um maior respeito ao trabalho de atores e atrizes negros. Afinal, n\u00e3o foram poucas as edi\u00e7\u00f5es em que n\u00e3o haviam concorrentes negros nas categorias principais e isto precisava mudar.<\/p>\n<p style=\"text-align: justify;\">Quando o assunto \u00e9 vencedores ent\u00e3o, podemos contar nos dedos quantos houveram ao longo da hist\u00f3ria \u2014 para atrizes negras em pap\u00e9is principais, em especial, a <b>\u00fanica vencedora<\/b>\u00a0na hist\u00f3ria da competi\u00e7\u00e3o foi\u00a0<b>Halle Berry<\/b>\u00a0em 2001. Em vinte anos,<b>\u00a0nenhuma outra mulher negra<\/b>\u00a0venceu como atriz principal em uma cerim\u00f4nia do\u00a0<b>Oscar<\/b>. E isso precisava mudar!A cara das grandes premia\u00e7\u00f5es come\u00e7ou a ser questionada. Nas redes, o movimento\u00a0<b>#OscarsSoWhite<\/b>\u00a0exigia um maior respeito ao trabalho de atores e atrizes negros. Afinal, n\u00e3o foram poucas as edi\u00e7\u00f5es em que n\u00e3o haviam concorrentes negros nas categorias principais e isto precisava mudar.<\/p>\n<p style=\"text-align: justify;\">A indigna\u00e7\u00e3o continuou crescendo e se espalhando entre pessoas que antes nunca questionaram o seu lugar no mundo. Uma mudan\u00e7a parecia iminente na ind\u00fastria, mas quando a pandemia de covid-19 surgiu, as demandas da popula\u00e7\u00e3o negra precisaram ser deixadas de lado. O mundo se unia contra um inimigo em comum, mesmo que de forma isolada.<\/p>\n<figure id=\"attachment_17268\" aria-describedby=\"caption-attachment-17268\" style=\"width: 500px\" class=\"wp-caption aligncenter\"><img loading=\"lazy\" decoding=\"async\" class=\"size-full wp-image-17268\" src=\"https:\/\/kriocomics.com.br\/site\/wp-content\/uploads\/2021\/12\/Michael-B.-Jordan-nao-se-calou-e-apareceu-em-protestos.jpeg\" alt=\"\" width=\"500\" height=\"262\" srcset=\"https:\/\/kriocomics.com.br\/site\/wp-content\/uploads\/2021\/12\/Michael-B.-Jordan-nao-se-calou-e-apareceu-em-protestos.jpeg 500w, https:\/\/kriocomics.com.br\/site\/wp-content\/uploads\/2021\/12\/Michael-B.-Jordan-nao-se-calou-e-apareceu-em-protestos-300x157.jpeg 300w, https:\/\/kriocomics.com.br\/site\/wp-content\/uploads\/2021\/12\/Michael-B.-Jordan-nao-se-calou-e-apareceu-em-protestos-390x205.jpeg 390w\" sizes=\"auto, (max-width: 500px) 100vw, 500px\" \/><figcaption id=\"caption-attachment-17268\" class=\"wp-caption-text\">Michael B. Jordan n\u00e3o se calou e apareceu em protestos<\/figcaption><\/figure>\n<p style=\"text-align: justify;\">At\u00e9 o fat\u00eddico dia\u00a0<b>25 de maio de 2020<\/b>, quando um policial branco sufocou um homem negro at\u00e9 a morte. As \u00faltimas palavras de\u00a0<b>George Floyd\u00a0<\/b>foram \u201c<i>N\u00e3o consigo respirar<\/i>\u201d e era como se pessoas negras de todo o mundo perdessem o f\u00f4lego junto dele. N\u00e3o dava mais para aguentar. Havia um v\u00edrus matando pessoas h\u00e1 meses, sim, mas o racismo vinha matando a popula\u00e7\u00e3o negra h\u00e1 s\u00e9culos. Daquele momento em diante, a sociedade acordou e concordou que n\u00e3o basta apenas n\u00e3o ser racista,<b>\u00a0\u00e9 necess\u00e1rio ser antirracista<\/b>.<\/p>\n<p style=\"text-align: justify;\">Assim, multid\u00f5es inundaram as ruas ao redor do planeta \u2014 pessoas pretas, brancas, asi\u00e1ticas e de todas as etnias unidas contra a opress\u00e3o sufocante. <b><i>\u201cEste \u00e9 um problema sist\u00eamico e institucionalizado do qual todos est\u00e3o completamente conscientes\u201d<\/i><\/b>, refor\u00e7ou\u00a0<b>Don Cheadle<\/b>\u00a0em uma entrevista \u00e0 NBC News. O ator aproveitou para refor\u00e7ar que esta n\u00e3o deveria ser uma luta exclusiva da popula\u00e7\u00e3o diretamente fragilizada pela agress\u00e3o constante: o privil\u00e9gio branco deveria ser um escudo para ajudar nessa causa.\u00a0<b><i>\u201cVenham para a linha de frente conosco,\u201d<\/i><\/b> convidou.<\/p>\n<p style=\"text-align: justify;\">Conhecido por ser int\u00e9rprete do\u00a0<b>M\u00e1quina de Combate\u00a0<\/b>nas telas da Marvel, ele n\u00e3o foi o \u00fanico her\u00f3i a se levantar nesta mobiliza\u00e7\u00e3o.\u00a0Nas ruas de Londres,\u00a0<b>John Boyega<\/b>, o Finn de\u00a0<strong>Star Wars<\/strong>, liderou multid\u00f5es.<strong>\u00a0Michael B. Jordan<\/strong>, produtor da pr\u00f3xima s\u00e9rie do Superman, discursou em um protesto em Los Angeles pedindo mais oportunidades de emprego para negros.\u00a0<strong>Anthony Mackie<\/strong>, o novo Capit\u00e3o Am\u00e9rica, levou a discuss\u00e3o para a grande imprensa.<\/p>\n<figure id=\"attachment_17269\" aria-describedby=\"caption-attachment-17269\" style=\"width: 500px\" class=\"wp-caption aligncenter\"><img loading=\"lazy\" decoding=\"async\" class=\"size-full wp-image-17269\" src=\"https:\/\/kriocomics.com.br\/site\/wp-content\/uploads\/2021\/12\/Sam-Wilson-promete-ser-o-Capitao-America-mais-politico.jpeg\" alt=\"\" width=\"500\" height=\"262\" srcset=\"https:\/\/kriocomics.com.br\/site\/wp-content\/uploads\/2021\/12\/Sam-Wilson-promete-ser-o-Capitao-America-mais-politico.jpeg 500w, https:\/\/kriocomics.com.br\/site\/wp-content\/uploads\/2021\/12\/Sam-Wilson-promete-ser-o-Capitao-America-mais-politico-300x157.jpeg 300w, https:\/\/kriocomics.com.br\/site\/wp-content\/uploads\/2021\/12\/Sam-Wilson-promete-ser-o-Capitao-America-mais-politico-390x205.jpeg 390w\" sizes=\"auto, (max-width: 500px) 100vw, 500px\" \/><figcaption id=\"caption-attachment-17269\" class=\"wp-caption-text\">Sam Wilson promete ser o Capit\u00e3o Am\u00e9rica mais pol\u00edtico<\/figcaption><\/figure>\n<p style=\"text-align: justify;\">Um dos primeiros grandes frutos desta discuss\u00e3o mais acalorada e urgente foi a s\u00e9rie\u00a0<b>Falc\u00e3o e o Soldado Invernal<\/b>, protagonizada pelo pr\u00f3prio Anthony. Em sua narrativa, vemos a promo\u00e7\u00e3o do\u00a0<b>Falc\u00e3o\u00a0<\/b>de um mero acess\u00f3rio na hist\u00f3ria de Steve Rogers para o pr\u00f3ximo\u00a0<b>Capit\u00e3o Am\u00e9rica<\/b>. O roteiro, direto e incisivo, colocou o dedo em feridas que as hist\u00f3rias de her\u00f3i costumam evitar: quase\u00a0um desabafo aliviado do produtor\u00a0<b>Malcolm Spellman<\/b>.<\/p>\n<p style=\"text-align: justify;\">Por muitos anos, ele havia tentado colocar sua experi\u00eancia pessoal com a negritude nos Estados Unidos em suas produ\u00e7\u00f5es, mas sempre foi podado pelos grandes executivos. Mas nesta s\u00e9rie, ele aceitou o desafio de construir algo que ficaria de legado para facilitar a luta da futura gera\u00e7\u00e3o.<\/p>\n<p style=\"text-align: justify;\"><em>\u201cEu realmente acredito que esses \u00edcones negros gigantes s\u00e3o necess\u00e1rios, n\u00e3o s\u00f3 para as nossas crian\u00e7as pretas, mas tamb\u00e9m para as crian\u00e7as brancas absorverem [essa ideia] \u2014 nosso povo \u00e9 grandioso e heroico\u2026,\u201d\u00a0declarou em uma entrevista ao TV Line, \u201cQuando voc\u00ea come\u00e7a a ver o impacto direto que um super-her\u00f3i negro teve no meu sobrinho, isso ficou gravado na minha cabe\u00e7a.\u201d<\/em><\/p>\n<p style=\"text-align: justify;\">Na s\u00e9rie, muito se discute sobre\u00a0o que significaria para um homem negro\u00a0assumir o fardo de ser o maior s\u00edmbolo do estilo de vida americano \u2014 estilo este constru\u00eddo sobre o sangue e suor do povo negro. Mesmo que acompanhada de uma sensa\u00e7\u00e3o agridoce, \u00e9 ineg\u00e1vel que o manto do her\u00f3i na pele retinta de Sam Wilson manda uma mensagem enorme para todo o mundo: esse rosto, que voc\u00eas marginalizaram por anos, \u00e9 o rosto de um her\u00f3i e ele veio pra ficar.<\/p>\n<figure id=\"attachment_17270\" aria-describedby=\"caption-attachment-17270\" style=\"width: 500px\" class=\"wp-caption aligncenter\"><img loading=\"lazy\" decoding=\"async\" class=\"size-full wp-image-17270\" src=\"https:\/\/kriocomics.com.br\/site\/wp-content\/uploads\/2021\/12\/Alem-de-negro-Phastos-e-gay-e-levanta-discussoes-mais-amplas-na-comunidade.jpeg\" alt=\"\" width=\"500\" height=\"262\" srcset=\"https:\/\/kriocomics.com.br\/site\/wp-content\/uploads\/2021\/12\/Alem-de-negro-Phastos-e-gay-e-levanta-discussoes-mais-amplas-na-comunidade.jpeg 500w, https:\/\/kriocomics.com.br\/site\/wp-content\/uploads\/2021\/12\/Alem-de-negro-Phastos-e-gay-e-levanta-discussoes-mais-amplas-na-comunidade-300x157.jpeg 300w, https:\/\/kriocomics.com.br\/site\/wp-content\/uploads\/2021\/12\/Alem-de-negro-Phastos-e-gay-e-levanta-discussoes-mais-amplas-na-comunidade-390x205.jpeg 390w\" sizes=\"auto, (max-width: 500px) 100vw, 500px\" \/><figcaption id=\"caption-attachment-17270\" class=\"wp-caption-text\">Al\u00e9m de negro, Phastos \u00e9 gay e levanta discuss\u00f5es mais amplas na comunidade<\/figcaption><\/figure>\n<p style=\"text-align: justify;\">A pr\u00f3xima apari\u00e7\u00e3o garantida do personagem, j\u00e1 carregando o emblem\u00e1tico escudo, ser\u00e1 nos cinemas \u2014\u00a0Anthony Mackie protagonizar\u00e1 seu pr\u00f3prio filme do Capit\u00e3o Am\u00e9rica. At\u00e9 l\u00e1, novas vozes e rosto surgem para representar a comunidade nas principais produ\u00e7\u00f5es do g\u00eanero: tivemos\u00a0<b>Makkari<\/b>\u00a0e\u00a0<b>Phastos\u00a0<\/b>em\u00a0<b>Eternos<\/b>,\u00a0<b>Monica Rambeau<\/b>\u00a0em\u00a0<b>The Marvels<\/b>, um filme live-action do\u00a0<b>Super Choque<\/b>\u00a0e a estreia do\u00a0<b>Superman negro<\/b>\u00a0produzido por Michael B. Jordan nas telas da HBO Max.<\/p>\n<p style=\"text-align: justify;\">A pr\u00f3xima apari\u00e7\u00e3o garantida do personagem, j\u00e1 carregando o emblem\u00e1tico escudo, ser\u00e1 nos cinemas \u2014\u00a0Anthony Mackie protagonizar\u00e1 seu pr\u00f3prio filme do Capit\u00e3o Am\u00e9rica. At\u00e9 l\u00e1, novas vozes e rosto surgem para representar a comunidade nas principais produ\u00e7\u00f5es do g\u00eanero: tivemos\u00a0<b>Makkari<\/b>\u00a0e\u00a0<b>Phastos\u00a0<\/b>em\u00a0<b>Eternos<\/b>,\u00a0<b>Monica Rambeau<\/b>\u00a0em\u00a0<b>The Marvels<\/b>, um filme live-action do\u00a0<b>Super Choque<\/b>\u00a0e a estreia do\u00a0<b>Superman negro<\/b>\u00a0produzido por Michael B. Jordan nas telas da HBO Max.<\/p>\n<p style=\"text-align: justify;\">Evidente que um novo cap\u00edtulo, mais positivo, se inicia na hist\u00f3ria da representatividade racial, mas casos como o de <strong>Ray Fisher<\/strong>, o Ciborgue da\u00a0<strong>Liga da Justi\u00e7a<\/strong>, mostram que ainda h\u00e1 muito a ser feito. A mudan\u00e7a n\u00e3o pode ser apenas nos holofotes, mas tamb\u00e9m nos bastidores. Representatividade \u00e9 uma \u00f3tima ferramenta educadora para combater anos de uma cultura racista amplamente difundida e enraizada. Entretanto, a verdadeira mudan\u00e7a s\u00f3 chegar\u00e1 quando todos adotarmos uma nova postura.<\/p>\n<p style=\"text-align: justify;\">N\u00e3o d\u00e1 para se importar com as vidas negras apenas na morte ou em datas especiais. Muito menos tentar enfraquecer as lutas antirracistas com argumentos rasos do estilo \u201c<i>todas as vidas importam<\/i>\u201d. \u00c9 preciso muita m\u00e1 f\u00e9 para sugerir que esta \u00e9 a verdadeira discuss\u00e3o enquanto as pessoas negras morrem simplesmente pela cor da sua pele.<\/p>\n<figure id=\"attachment_17271\" aria-describedby=\"caption-attachment-17271\" style=\"width: 500px\" class=\"wp-caption aligncenter\"><img loading=\"lazy\" decoding=\"async\" class=\"size-full wp-image-17271\" src=\"https:\/\/kriocomics.com.br\/site\/wp-content\/uploads\/2021\/12\/A-representatividade-garante-um-futuro-melhor-mais-compreensivo.jpeg\" alt=\"\" width=\"500\" height=\"262\" srcset=\"https:\/\/kriocomics.com.br\/site\/wp-content\/uploads\/2021\/12\/A-representatividade-garante-um-futuro-melhor-mais-compreensivo.jpeg 500w, https:\/\/kriocomics.com.br\/site\/wp-content\/uploads\/2021\/12\/A-representatividade-garante-um-futuro-melhor-mais-compreensivo-300x157.jpeg 300w, https:\/\/kriocomics.com.br\/site\/wp-content\/uploads\/2021\/12\/A-representatividade-garante-um-futuro-melhor-mais-compreensivo-390x205.jpeg 390w\" sizes=\"auto, (max-width: 500px) 100vw, 500px\" \/><figcaption id=\"caption-attachment-17271\" class=\"wp-caption-text\">A representatividade garante um futuro melhor, mais compreensivo<\/figcaption><\/figure>\n<p style=\"text-align: justify;\"><b>Consci\u00eancia negra<\/b>\u00a0n\u00e3o \u00e9 s\u00f3 um feriado ou um nome bonitinho. Em uma sociedade estruturada para silenciar nossas vozes, \u00e9 preciso exercitar essa consci\u00eancia de que a viv\u00eancia negra precisa de aten\u00e7\u00e3o. Nem sempre \u00e9 uma batalha, porque n\u00e3o h\u00e1 vencedores. \u00c9 uma conversa!<\/p>\n<p style=\"text-align: justify;\">Em novembro prestamos homenagem \u00e0 morte de <strong>Zumbi dos Palmares<\/strong>, praticamente um rei do passado que lutou por liberdade, vale refletir sobre o futuro que nossos ancestrais sonhavam \u2014 o sonho da realeza negra. Tanto Zumbi, quanto Luther King e Boseman entendiam que sua realeza poderia ser uma b\u00ean\u00e7\u00e3o para os outros, os degraus dourados de um futuro brilhante.<\/p>\n<p style=\"text-align: justify;\">Perdemos muitos reis, mas a luta continua e n\u00e3o podemos abaixar a cabe\u00e7a. Afinal, n\u00e3o d\u00e1 pra vestir uma coroa de cabe\u00e7a baixa. Precisamos ser a base para um novo amanhecer e lembrar de valorizar a cor que construiu as riquezas de nosso pa\u00eds e da civiliza\u00e7\u00e3o ocidental moderna.\u00a0<strong>Nosso maior tesouro \u00e9 negro. E o negro \u00e9 rei.<\/strong><\/p>\n<p>&nbsp;<\/p>\n<p><em>Por: Gabriel Mattos<\/em><br \/>\n<em>Fonte: <strong><span style=\"color: #000080;\"><a style=\"color: #000080;\" href=\"https:\/\/www.legiaodosherois.com.br\/\" target=\"_blank\" rel=\"noopener\">Legi\u00e3o dos Her\u00f3is<\/a><\/span><\/strong><\/em><br \/>\n<em>Arte de Capa: Taian Lima<\/em><\/p>\n","protected":false},"excerpt":{"rendered":"<p>Depois de anos silenciadas, as vozes pretas come\u00e7am a ser ouvidas na cultura de massas \u201cO pr\u00f3ximo Superman \u00e9 preto!\u201d\u00a0A<\/p>\n","protected":false},"author":2,"featured_media":17272,"comment_status":"open","ping_status":"closed","sticky":false,"template":"","format":"standard","meta":{"sfsi_plus_gutenberg_text_before_share":"","sfsi_plus_gutenberg_show_text_before_share":"","sfsi_plus_gutenberg_icon_type":"","sfsi_plus_gutenberg_icon_alignemt":"","sfsi_plus_gutenburg_max_per_row":"","footnotes":""},"categories":[5,1],"tags":[6779],"class_list":["post-17265","post","type-post","status-publish","format-standard","has-post-thumbnail","hentry","category-noticias","category-ultimas-noticias","tag-super-herois-pretos"],"_links":{"self":[{"href":"https:\/\/kriocomics.com.br\/site\/wp-json\/wp\/v2\/posts\/17265","targetHints":{"allow":["GET"]}}],"collection":[{"href":"https:\/\/kriocomics.com.br\/site\/wp-json\/wp\/v2\/posts"}],"about":[{"href":"https:\/\/kriocomics.com.br\/site\/wp-json\/wp\/v2\/types\/post"}],"author":[{"embeddable":true,"href":"https:\/\/kriocomics.com.br\/site\/wp-json\/wp\/v2\/users\/2"}],"replies":[{"embeddable":true,"href":"https:\/\/kriocomics.com.br\/site\/wp-json\/wp\/v2\/comments?post=17265"}],"version-history":[{"count":3,"href":"https:\/\/kriocomics.com.br\/site\/wp-json\/wp\/v2\/posts\/17265\/revisions"}],"predecessor-version":[{"id":17275,"href":"https:\/\/kriocomics.com.br\/site\/wp-json\/wp\/v2\/posts\/17265\/revisions\/17275"}],"wp:featuredmedia":[{"embeddable":true,"href":"https:\/\/kriocomics.com.br\/site\/wp-json\/wp\/v2\/media\/17272"}],"wp:attachment":[{"href":"https:\/\/kriocomics.com.br\/site\/wp-json\/wp\/v2\/media?parent=17265"}],"wp:term":[{"taxonomy":"category","embeddable":true,"href":"https:\/\/kriocomics.com.br\/site\/wp-json\/wp\/v2\/categories?post=17265"},{"taxonomy":"post_tag","embeddable":true,"href":"https:\/\/kriocomics.com.br\/site\/wp-json\/wp\/v2\/tags?post=17265"}],"curies":[{"name":"wp","href":"https:\/\/api.w.org\/{rel}","templated":true}]}}