{"id":17325,"date":"2022-01-18T01:19:47","date_gmt":"2022-01-18T04:19:47","guid":{"rendered":"https:\/\/kriocomics.com.br\/site\/?p=17325"},"modified":"2022-02-17T02:08:10","modified_gmt":"2022-02-17T05:08:10","slug":"a-heranca-do-coronel-hq-inspirada-na-ditadura-argentina-chega-ao-brasil-pela-comix-zone","status":"publish","type":"post","link":"https:\/\/kriocomics.com.br\/site\/a-heranca-do-coronel-hq-inspirada-na-ditadura-argentina-chega-ao-brasil-pela-comix-zone\/","title":{"rendered":"A Heran\u00e7a do Coronel, HQ inspirada na ditadura argentina, chega ao Brasil pela Comix Zone"},"content":{"rendered":"<p style=\"text-align: center;\"><em>Graphic novel de Carlos Trillo e Lucas Varela ser\u00e1 lan\u00e7ada em fevereiro<\/em><\/p>\n<p style=\"text-align: justify;\">A editora\u00a0<strong>Comix Zone<\/strong>\u00a0anunciou o lan\u00e7amento de\u00a0<strong><em>A Heran\u00e7a do Coronel<\/em><\/strong>, HQ que aborda a ditadura argentina.<\/p>\n<p><img loading=\"lazy\" decoding=\"async\" class=\"size-full wp-image-17326 aligncenter\" src=\"https:\/\/kriocomics.com.br\/site\/wp-content\/uploads\/2022\/01\/A-Heranca-do-Coronel-1.jpg\" alt=\"\" width=\"323\" height=\"393\" srcset=\"https:\/\/kriocomics.com.br\/site\/wp-content\/uploads\/2022\/01\/A-Heranca-do-Coronel-1.jpg 323w, https:\/\/kriocomics.com.br\/site\/wp-content\/uploads\/2022\/01\/A-Heranca-do-Coronel-1-247x300.jpg 247w\" sizes=\"auto, (max-width: 323px) 100vw, 323px\" \/><\/p>\n<p style=\"text-align: justify;\">Escrita por\u00a0<strong>Carlos Trillo\u00a0<\/strong>(<em>A Grande Farsa<\/em>) com arte de\u00a0<strong>Lucas Varela\u00a0<\/strong>(<em>Diagn\u00f3sticos<\/em>), a graphic novel acompanha o filho de um ex-torturador do governo militar da Argentina.<\/p>\n<p style=\"text-align: justify;\"><img loading=\"lazy\" decoding=\"async\" class=\"size-full wp-image-17327 aligncenter\" src=\"https:\/\/kriocomics.com.br\/site\/wp-content\/uploads\/2022\/01\/A-Heranca-do-Coronel-2.jpg\" alt=\"\" width=\"325\" height=\"391\" srcset=\"https:\/\/kriocomics.com.br\/site\/wp-content\/uploads\/2022\/01\/A-Heranca-do-Coronel-2.jpg 325w, https:\/\/kriocomics.com.br\/site\/wp-content\/uploads\/2022\/01\/A-Heranca-do-Coronel-2-249x300.jpg 249w\" sizes=\"auto, (max-width: 325px) 100vw, 325px\" \/><\/p>\n<p style=\"text-align: justify;\">Leia a sinopse:\u00a0<em>\u201cElvio Guastavino, um homem franzino e aparentemente inofensivo, recebeu uma heran\u00e7a pesada de seu pai, um altivo e severo coronel chamado Aaron Guastavino. Considerado um dos maiores carrascos da ditadura militar argentina, costumava treinar suas t\u00e9cnicas de tortura em bonecas antes de aplic\u00e1-las em prisioneiras de carne e osso, dentro de sua pr\u00f3pria casa. Elvio tenta transformar essas mem\u00f3rias perturbadoras em momentos maravilhosos de uma vida familiar exemplar. Para ele, realidade e imagina\u00e7\u00e3o come\u00e7am a se misturar.\u201d<\/em><\/p>\n<p><img loading=\"lazy\" decoding=\"async\" class=\"size-full wp-image-17328 aligncenter\" src=\"https:\/\/kriocomics.com.br\/site\/wp-content\/uploads\/2022\/01\/A-Heranca-do-Coronel.jpg\" alt=\"\" width=\"326\" height=\"392\" srcset=\"https:\/\/kriocomics.com.br\/site\/wp-content\/uploads\/2022\/01\/A-Heranca-do-Coronel.jpg 326w, https:\/\/kriocomics.com.br\/site\/wp-content\/uploads\/2022\/01\/A-Heranca-do-Coronel-249x300.jpg 249w\" sizes=\"auto, (max-width: 326px) 100vw, 326px\" \/><\/p>\n<p style=\"text-align: justify;\"><strong>A Heran\u00e7a do Coronel<\/strong>\u00a0\u00e9 uma das graphic novels mais brutais j\u00e1 realizadas sobre os anos de chumbo na Argentina e foi escolhida para a sele\u00e7\u00e3o final do<strong>\u00a0Festival de Angoul\u00e8me na Fran\u00e7a<\/strong>\u00a0em 2009.<\/p>\n<p style=\"text-align: justify;\"><strong>A Heran\u00e7a do Coronel<\/strong>\u00a0tem formato\u00a0<em>19 x 25.5 x 1.5 cm<\/em>, 104 p\u00e1ginas, capa dura e a tradu\u00e7\u00e3o de\u00a0<strong>Fernando Paz<\/strong>. Comprando o seu exemplar na pr\u00e9-venda, voc\u00ea garante 30% de desconto. <span style=\"text-align: justify;\">O lan\u00e7amento est\u00e1 previsto para fevereiro.<\/span><\/p>\n<p>&nbsp;<\/p>\n<p><em>Por: Gabriel Avila<\/em><br \/>\n<em>Fonte:\u00a0<span style=\"color: #000080;\"><strong><a style=\"color: #000080;\" href=\"https:\/\/jovemnerd.com.br\/\" target=\"_blank\" rel=\"noopener\">Jovem Nerd<\/a><\/strong><\/span><\/em><\/p>\n<p>&nbsp;<\/p>\n<p>&nbsp;<\/p>\n","protected":false},"excerpt":{"rendered":"<p>Graphic novel de Carlos Trillo e Lucas Varela ser\u00e1 lan\u00e7ada em fevereiro A editora\u00a0Comix Zone\u00a0anunciou o lan\u00e7amento de\u00a0A Heran\u00e7a do<\/p>\n","protected":false},"author":2,"featured_media":17331,"comment_status":"open","ping_status":"closed","sticky":false,"template":"","format":"standard","meta":{"sfsi_plus_gutenberg_text_before_share":"","sfsi_plus_gutenberg_show_text_before_share":"","sfsi_plus_gutenberg_icon_type":"","sfsi_plus_gutenberg_icon_alignemt":"","sfsi_plus_gutenburg_max_per_row":"","footnotes":""},"categories":[5,1],"tags":[6796,5081,4475,6797],"class_list":["post-17325","post","type-post","status-publish","format-standard","has-post-thumbnail","hentry","category-noticias","category-ultimas-noticias","tag-a-heranca-do-coronel","tag-carlos-trillo","tag-editora-comix-zone","tag-lucas-varela"],"_links":{"self":[{"href":"https:\/\/kriocomics.com.br\/site\/wp-json\/wp\/v2\/posts\/17325","targetHints":{"allow":["GET"]}}],"collection":[{"href":"https:\/\/kriocomics.com.br\/site\/wp-json\/wp\/v2\/posts"}],"about":[{"href":"https:\/\/kriocomics.com.br\/site\/wp-json\/wp\/v2\/types\/post"}],"author":[{"embeddable":true,"href":"https:\/\/kriocomics.com.br\/site\/wp-json\/wp\/v2\/users\/2"}],"replies":[{"embeddable":true,"href":"https:\/\/kriocomics.com.br\/site\/wp-json\/wp\/v2\/comments?post=17325"}],"version-history":[{"count":4,"href":"https:\/\/kriocomics.com.br\/site\/wp-json\/wp\/v2\/posts\/17325\/revisions"}],"predecessor-version":[{"id":17334,"href":"https:\/\/kriocomics.com.br\/site\/wp-json\/wp\/v2\/posts\/17325\/revisions\/17334"}],"wp:featuredmedia":[{"embeddable":true,"href":"https:\/\/kriocomics.com.br\/site\/wp-json\/wp\/v2\/media\/17331"}],"wp:attachment":[{"href":"https:\/\/kriocomics.com.br\/site\/wp-json\/wp\/v2\/media?parent=17325"}],"wp:term":[{"taxonomy":"category","embeddable":true,"href":"https:\/\/kriocomics.com.br\/site\/wp-json\/wp\/v2\/categories?post=17325"},{"taxonomy":"post_tag","embeddable":true,"href":"https:\/\/kriocomics.com.br\/site\/wp-json\/wp\/v2\/tags?post=17325"}],"curies":[{"name":"wp","href":"https:\/\/api.w.org\/{rel}","templated":true}]}}