{"id":17569,"date":"2022-05-04T19:45:52","date_gmt":"2022-05-04T22:45:52","guid":{"rendered":"https:\/\/kriocomics.com.br\/site\/?p=17569"},"modified":"2022-05-19T05:22:42","modified_gmt":"2022-05-19T08:22:42","slug":"la-dansarina-de-jefferson-costa-e-lillo-parra-e-lancada-pela-harper-collins","status":"publish","type":"post","link":"https:\/\/kriocomics.com.br\/site\/la-dansarina-de-jefferson-costa-e-lillo-parra-e-lancada-pela-harper-collins\/","title":{"rendered":"\u201cLa Dansarina\u201d, de Jefferson Costa e Lillo Parra, \u00e9 lan\u00e7ada pela  Harper Collins"},"content":{"rendered":"<p style=\"text-align: justify;\">&#8220;Rec\u00e9m-curado da gripe espanhola, Pedro descobre que sua m\u00e3e, acometida pela mesma doen\u00e7a, acaba de morrer.<!--more--> O garoto parte ent\u00e3o rumo a uma importante jornada: dar um funeral digno ao corpo da m\u00e3e, ignorado pelas autoridades sanit\u00e1rias. Gra\u00e7as \u00e0s impactantes ilustra\u00e7\u00f5es de Jefferson Costa, acompanhamos essa jornada de perto e, ao longo do caminho, somos levados \u00e0s mais profundas reflex\u00f5es sobre vida e morte, sobre humanidade e desumanidade, em um dos piores momentos da nossa hist\u00f3ria.<\/p>\n<p style=\"text-align: justify;\"><img loading=\"lazy\" decoding=\"async\" class=\"size-full wp-image-17570 aligncenter\" src=\"https:\/\/kriocomics.com.br\/site\/wp-content\/uploads\/2022\/05\/La-Dansarina-1.jpg\" alt=\"\" width=\"521\" height=\"345\" srcset=\"https:\/\/kriocomics.com.br\/site\/wp-content\/uploads\/2022\/05\/La-Dansarina-1.jpg 521w, https:\/\/kriocomics.com.br\/site\/wp-content\/uploads\/2022\/05\/La-Dansarina-1-300x199.jpg 300w\" sizes=\"auto, (max-width: 521px) 100vw, 521px\" \/><\/p>\n<p>Com texto de Lillo Parra, La Dansarina \u00e9 uma hist\u00f3ria de fic\u00e7\u00e3o que representa in\u00fameras hist\u00f3rias reais ocorridas no Brasil e no mundo em 1918, durante a crise da gripe espanhola, mas que poderiam muito bem ter ocorrido em 2020, durante a pandemia do novo coronav\u00edrus.<\/p>\n<p><img loading=\"lazy\" decoding=\"async\" class=\"size-full wp-image-17571 aligncenter\" src=\"https:\/\/kriocomics.com.br\/site\/wp-content\/uploads\/2022\/05\/La-Dansarina-2.jpg\" alt=\"\" width=\"461\" height=\"312\" srcset=\"https:\/\/kriocomics.com.br\/site\/wp-content\/uploads\/2022\/05\/La-Dansarina-2.jpg 461w, https:\/\/kriocomics.com.br\/site\/wp-content\/uploads\/2022\/05\/La-Dansarina-2-300x203.jpg 300w\" sizes=\"auto, (max-width: 461px) 100vw, 461px\" \/><\/p>\n<p style=\"text-align: justify;\">Embora esta premiada hist\u00f3ria em quadrinhos tenha sido publicada pela primeira vez em 2015, \u00e9 imposs\u00edvel n\u00e3o encontrar semelhan\u00e7as entre a sociedade em que vive Pedro, o protagonista, e a em que vivemos hoje: uma sociedade, que, em pouco tempo, come\u00e7a a se ver dizimada pela for\u00e7a letal de um v\u00edrus invis\u00edvel.&#8221;<\/p>\n<p>&nbsp;<\/p>\n<p><em>Da Reda\u00e7\u00e3o<\/em><\/p>\n<p>&nbsp;<\/p>\n<p>&nbsp;<\/p>\n","protected":false},"excerpt":{"rendered":"<p>&#8220;Rec\u00e9m-curado da gripe espanhola, Pedro descobre que sua m\u00e3e, acometida pela mesma doen\u00e7a, acaba de morrer.<\/p>\n","protected":false},"author":2,"featured_media":17572,"comment_status":"open","ping_status":"closed","sticky":false,"template":"","format":"standard","meta":{"sfsi_plus_gutenberg_text_before_share":"","sfsi_plus_gutenberg_show_text_before_share":"","sfsi_plus_gutenberg_icon_type":"","sfsi_plus_gutenberg_icon_alignemt":"","sfsi_plus_gutenburg_max_per_row":"","footnotes":""},"categories":[5,1],"tags":[6825,6823,6824],"class_list":["post-17569","post","type-post","status-publish","format-standard","has-post-thumbnail","hentry","category-noticias","category-ultimas-noticias","tag-jefferson-costa","tag-la-dansarina","tag-lillo-parra"],"_links":{"self":[{"href":"https:\/\/kriocomics.com.br\/site\/wp-json\/wp\/v2\/posts\/17569","targetHints":{"allow":["GET"]}}],"collection":[{"href":"https:\/\/kriocomics.com.br\/site\/wp-json\/wp\/v2\/posts"}],"about":[{"href":"https:\/\/kriocomics.com.br\/site\/wp-json\/wp\/v2\/types\/post"}],"author":[{"embeddable":true,"href":"https:\/\/kriocomics.com.br\/site\/wp-json\/wp\/v2\/users\/2"}],"replies":[{"embeddable":true,"href":"https:\/\/kriocomics.com.br\/site\/wp-json\/wp\/v2\/comments?post=17569"}],"version-history":[{"count":2,"href":"https:\/\/kriocomics.com.br\/site\/wp-json\/wp\/v2\/posts\/17569\/revisions"}],"predecessor-version":[{"id":17660,"href":"https:\/\/kriocomics.com.br\/site\/wp-json\/wp\/v2\/posts\/17569\/revisions\/17660"}],"wp:featuredmedia":[{"embeddable":true,"href":"https:\/\/kriocomics.com.br\/site\/wp-json\/wp\/v2\/media\/17572"}],"wp:attachment":[{"href":"https:\/\/kriocomics.com.br\/site\/wp-json\/wp\/v2\/media?parent=17569"}],"wp:term":[{"taxonomy":"category","embeddable":true,"href":"https:\/\/kriocomics.com.br\/site\/wp-json\/wp\/v2\/categories?post=17569"},{"taxonomy":"post_tag","embeddable":true,"href":"https:\/\/kriocomics.com.br\/site\/wp-json\/wp\/v2\/tags?post=17569"}],"curies":[{"name":"wp","href":"https:\/\/api.w.org\/{rel}","templated":true}]}}