{"id":17858,"date":"2022-07-26T02:56:27","date_gmt":"2022-07-26T05:56:27","guid":{"rendered":"https:\/\/kriocomics.com.br\/site\/?p=17858"},"modified":"2022-08-05T00:21:52","modified_gmt":"2022-08-05T03:21:52","slug":"no-dia-nacional-do-escritor-25-de-julho-a-editora-krio-comics-homenageia-seu-roteirista-e-escritor-jean-canesqui","status":"publish","type":"post","link":"https:\/\/kriocomics.com.br\/site\/no-dia-nacional-do-escritor-25-de-julho-a-editora-krio-comics-homenageia-seu-roteirista-e-escritor-jean-canesqui\/","title":{"rendered":"No Dia Nacional do Escritor, 25 de julho, a Editora Kri\u00f4 Comics homenageia seu roteirista e escritor Jean Canesqui"},"content":{"rendered":"<p style=\"text-align: justify;\">Uma Editora de revistas em quadrinhos ao homenagear seu roteirista e escritor, no dia em que \u00e9 comemorado seu dia, est\u00e1 na verdade homenageando seu compromisso, profissionalismo, dedica\u00e7\u00e3o, seriedade, respeito e cumprimento de prazos.<\/p>\n<p style=\"text-align: justify;\">Al\u00e9m de seu enorme talento e a sorte de t\u00ea-lo em seus quadros, s\u00e3o estas e outras tantas qualidades que a <strong>Editora Kri\u00f4 Comics<\/strong> deseja distinguir em <strong>Jean Canesqui<\/strong>, roteirista da <strong>Kri\u00f4 Comics<\/strong>.<\/p>\n<p>Parab\u00e9ns Jean, obrigada por fazer parte de nossa hist\u00f3ria!!!<\/p>\n<p><em>Da Reda\u00e7\u00e3o<\/em><\/p>\n","protected":false},"excerpt":{"rendered":"<p>Uma Editora de revistas em quadrinhos ao homenagear seu roteirista e escritor, no dia em que \u00e9 comemorado seu dia,<\/p>\n","protected":false},"author":2,"featured_media":17859,"comment_status":"open","ping_status":"closed","sticky":false,"template":"","format":"standard","meta":{"sfsi_plus_gutenberg_text_before_share":"","sfsi_plus_gutenberg_show_text_before_share":"","sfsi_plus_gutenberg_icon_type":"","sfsi_plus_gutenberg_icon_alignemt":"","sfsi_plus_gutenburg_max_per_row":"","footnotes":""},"categories":[5,1],"tags":[6890,160],"class_list":["post-17858","post","type-post","status-publish","format-standard","has-post-thumbnail","hentry","category-noticias","category-ultimas-noticias","tag-dia-nacional-do-escritor","tag-jean-canesqui"],"_links":{"self":[{"href":"https:\/\/kriocomics.com.br\/site\/wp-json\/wp\/v2\/posts\/17858","targetHints":{"allow":["GET"]}}],"collection":[{"href":"https:\/\/kriocomics.com.br\/site\/wp-json\/wp\/v2\/posts"}],"about":[{"href":"https:\/\/kriocomics.com.br\/site\/wp-json\/wp\/v2\/types\/post"}],"author":[{"embeddable":true,"href":"https:\/\/kriocomics.com.br\/site\/wp-json\/wp\/v2\/users\/2"}],"replies":[{"embeddable":true,"href":"https:\/\/kriocomics.com.br\/site\/wp-json\/wp\/v2\/comments?post=17858"}],"version-history":[{"count":3,"href":"https:\/\/kriocomics.com.br\/site\/wp-json\/wp\/v2\/posts\/17858\/revisions"}],"predecessor-version":[{"id":17862,"href":"https:\/\/kriocomics.com.br\/site\/wp-json\/wp\/v2\/posts\/17858\/revisions\/17862"}],"wp:featuredmedia":[{"embeddable":true,"href":"https:\/\/kriocomics.com.br\/site\/wp-json\/wp\/v2\/media\/17859"}],"wp:attachment":[{"href":"https:\/\/kriocomics.com.br\/site\/wp-json\/wp\/v2\/media?parent=17858"}],"wp:term":[{"taxonomy":"category","embeddable":true,"href":"https:\/\/kriocomics.com.br\/site\/wp-json\/wp\/v2\/categories?post=17858"},{"taxonomy":"post_tag","embeddable":true,"href":"https:\/\/kriocomics.com.br\/site\/wp-json\/wp\/v2\/tags?post=17858"}],"curies":[{"name":"wp","href":"https:\/\/api.w.org\/{rel}","templated":true}]}}