{"id":17871,"date":"2022-07-29T00:10:30","date_gmt":"2022-07-29T03:10:30","guid":{"rendered":"https:\/\/kriocomics.com.br\/site\/?p=17871"},"modified":"2022-07-29T00:25:13","modified_gmt":"2022-07-29T03:25:13","slug":"a-obsolescencia-programada-dos-nossos-sentimentos-a-morte-nao-ama-os-idosos","status":"publish","type":"post","link":"https:\/\/kriocomics.com.br\/site\/a-obsolescencia-programada-dos-nossos-sentimentos-a-morte-nao-ama-os-idosos\/","title":{"rendered":"A Obsolesc\u00eancia Programada dos Nossos Sentimentos &#8211; A morte n\u00e3o ama os idosos"},"content":{"rendered":"<div>\n<div dir=\"auto\" style=\"text-align: justify;\">\n<p>Uma coisa \u00e9 ineg\u00e1vel, a <strong>Pipoca &amp; Nanquim<\/strong> sabe escolher a dedo os t\u00edtulos para o seu cat\u00e1logo e consegue criar todo um hype em cima deles.<!--more--><\/p>\n<p>Em \u201c<strong>A Obsolesc\u00eancia Programada dos Nossos Sentimentos<\/strong>\u201d simplesmente temos <strong>Zidrou<\/strong>, o roteirista que toda editora quer chamar de seu, e a quadrinhista a sensa\u00e7\u00e3o deste ano, @aimeedejongh, logo, a HQ j\u00e1 chega como um dos grandes lan\u00e7amentos do ano.<\/p>\n<\/div>\n<div dir=\"auto\"><\/div>\n<div dir=\"auto\">\u00a0 \u00a0 \u00a0 \u00a0 \u00a0 <img loading=\"lazy\" decoding=\"async\" class=\"alignnone wp-image-17873\" src=\"https:\/\/kriocomics.com.br\/site\/wp-content\/uploads\/2022\/07\/A-Obsolescencia-Programada-dos-Nossos-Sentimentos-1.jpg\" alt=\"\" width=\"342\" height=\"342\" srcset=\"https:\/\/kriocomics.com.br\/site\/wp-content\/uploads\/2022\/07\/A-Obsolescencia-Programada-dos-Nossos-Sentimentos-1.jpg 400w, https:\/\/kriocomics.com.br\/site\/wp-content\/uploads\/2022\/07\/A-Obsolescencia-Programada-dos-Nossos-Sentimentos-1-300x300.jpg 300w, https:\/\/kriocomics.com.br\/site\/wp-content\/uploads\/2022\/07\/A-Obsolescencia-Programada-dos-Nossos-Sentimentos-1-150x150.jpg 150w, https:\/\/kriocomics.com.br\/site\/wp-content\/uploads\/2022\/07\/A-Obsolescencia-Programada-dos-Nossos-Sentimentos-1-100x100.jpg 100w\" sizes=\"auto, (max-width: 342px) 100vw, 342px\" \/> <img loading=\"lazy\" decoding=\"async\" class=\"alignnone wp-image-17874\" src=\"https:\/\/kriocomics.com.br\/site\/wp-content\/uploads\/2022\/07\/A-Obsolescencia-Programada-dos-Nossos-Sentimentos-2.jpg\" alt=\"\" width=\"343\" height=\"343\" srcset=\"https:\/\/kriocomics.com.br\/site\/wp-content\/uploads\/2022\/07\/A-Obsolescencia-Programada-dos-Nossos-Sentimentos-2.jpg 400w, https:\/\/kriocomics.com.br\/site\/wp-content\/uploads\/2022\/07\/A-Obsolescencia-Programada-dos-Nossos-Sentimentos-2-300x300.jpg 300w, https:\/\/kriocomics.com.br\/site\/wp-content\/uploads\/2022\/07\/A-Obsolescencia-Programada-dos-Nossos-Sentimentos-2-150x150.jpg 150w, https:\/\/kriocomics.com.br\/site\/wp-content\/uploads\/2022\/07\/A-Obsolescencia-Programada-dos-Nossos-Sentimentos-2-100x100.jpg 100w\" sizes=\"auto, (max-width: 343px) 100vw, 343px\" \/><\/div>\n<\/div>\n<p>Mas ser\u00e1 que \u00e9 tudo isso mesmo? Olha, se voc\u00ea procura uma hist\u00f3ria sens\u00edvel, delicada e inspiradora, a resposta \u00e9 sim!<\/p>\n<p>Como o t\u00edtulo bem revela, a HQ \u00e9 sobre encarar o processo de envelhecimento, o do corpo e da alma, e questiona se realmente a velhice precisa ser o fim de tudo. E eu diria at\u00e9 que ela provoca ao colocar os protagonistas Ulisses e Mediterr\u00e2nea em situa\u00e7\u00f5es de completa renova\u00e7\u00e3o.<\/p>\n<p>H\u00e1 renova\u00e7\u00e3o profissional quando Ulisses encara o fato de ter que se aposentar, h\u00e1 renova\u00e7\u00e3o emocional quando o casal se encontra e tem in\u00edcio o flerte, a sexual, que na HQ \u00e9 representada de modo muito delicado e po\u00e9tico e, \u00e9 claro, na vida de ambos com o desenrolar da hist\u00f3ria.<\/p>\n<div style=\"text-align: justify;\">\n<div dir=\"auto\">\u00a0 \u00a0 \u00a0 \u00a0 \u00a0 \u00a0 \u00a0 \u00a0<img loading=\"lazy\" decoding=\"async\" class=\"alignnone wp-image-17875\" src=\"https:\/\/kriocomics.com.br\/site\/wp-content\/uploads\/2022\/07\/A-Obsolescencia-Programada-dos-Nossos-Sentimentos-3.jpg\" alt=\"\" width=\"336\" height=\"336\" srcset=\"https:\/\/kriocomics.com.br\/site\/wp-content\/uploads\/2022\/07\/A-Obsolescencia-Programada-dos-Nossos-Sentimentos-3.jpg 400w, https:\/\/kriocomics.com.br\/site\/wp-content\/uploads\/2022\/07\/A-Obsolescencia-Programada-dos-Nossos-Sentimentos-3-300x300.jpg 300w, https:\/\/kriocomics.com.br\/site\/wp-content\/uploads\/2022\/07\/A-Obsolescencia-Programada-dos-Nossos-Sentimentos-3-150x150.jpg 150w, https:\/\/kriocomics.com.br\/site\/wp-content\/uploads\/2022\/07\/A-Obsolescencia-Programada-dos-Nossos-Sentimentos-3-100x100.jpg 100w\" sizes=\"auto, (max-width: 336px) 100vw, 336px\" \/> <img loading=\"lazy\" decoding=\"async\" class=\"alignnone wp-image-17876\" src=\"https:\/\/kriocomics.com.br\/site\/wp-content\/uploads\/2022\/07\/A-Obsolescencia-Programada-dos-Nossos-Sentimentos-4.jpg\" alt=\"\" width=\"335\" height=\"335\" srcset=\"https:\/\/kriocomics.com.br\/site\/wp-content\/uploads\/2022\/07\/A-Obsolescencia-Programada-dos-Nossos-Sentimentos-4.jpg 400w, https:\/\/kriocomics.com.br\/site\/wp-content\/uploads\/2022\/07\/A-Obsolescencia-Programada-dos-Nossos-Sentimentos-4-300x300.jpg 300w, https:\/\/kriocomics.com.br\/site\/wp-content\/uploads\/2022\/07\/A-Obsolescencia-Programada-dos-Nossos-Sentimentos-4-150x150.jpg 150w, https:\/\/kriocomics.com.br\/site\/wp-content\/uploads\/2022\/07\/A-Obsolescencia-Programada-dos-Nossos-Sentimentos-4-100x100.jpg 100w\" sizes=\"auto, (max-width: 335px) 100vw, 335px\" \/><\/div>\n<div dir=\"auto\">\n<p>E eu digo que ela provoca, mas n\u00e3o se sentido de querer ofender, e sim de fazer o leitor visualizar, acompanhar e refletir as movimenta\u00e7\u00f5es das personagens. S\u00e3o em falas r\u00e1pidas, dos coadjuvantes ao redor de Ulisses e Mediterr\u00e2nea que percebemos a estrutura social de que a velhice precisa sempre estar no mesmo quadro e esperar de forma fria e sem emo\u00e7\u00e3o o fim. Como se fosse at\u00e9 errado come\u00e7ar algo novo.<\/p>\n<p>Fazendo at\u00e9 uma grande brincadeira com o nome dos protagonistas, em seu roteiro, <strong>Zidrou<\/strong> mais uma vez apresenta ao leitor uma reflex\u00e3o sobre costumes e condicionamento social. Ulisses enfrentar o seu medo e se aventurar nas \u00e1guas de Mediterr\u00e2nea \u00e9 um desafio e at\u00e9 mesmo uma li\u00e7\u00e3o de vida.<\/p>\n<p>Para quem procura uma leitura r\u00e1pida e inspiradora, \u201c<strong>A Obsolesc\u00eancia Programada dos Nossos Sentimentos<\/strong>\u201d, \u00e9 uma indica\u00e7\u00e3o e presente ideal.<\/p>\n<p>A velhice n\u00e3o \u00e9 o fim, como bem ensina a HQ, a vida come\u00e7a aos 60!<\/p>\n<\/div>\n<\/div>\n<div><\/div>\n<div>\n<div dir=\"auto\" style=\"text-align: justify;\"><\/div>\n<\/div>\n<div dir=\"auto\"><\/div>\n<div dir=\"auto\"><em>Por: Renato Labeau<\/em><br \/>\n<em>Fonte:<strong><span style=\"color: #000080;\"><a style=\"color: #000080;\" href=\"https:\/\/www.facebook.com\/ImpulsoHQ\/\" target=\"_blank\" rel=\"noopener\"> Impulso HQ<\/a><\/span><\/strong><\/em><\/div>\n<div dir=\"auto\"><\/div>\n<div dir=\"auto\"><\/div>\n<div dir=\"auto\"><\/div>\n","protected":false},"excerpt":{"rendered":"<p>Uma coisa \u00e9 ineg\u00e1vel, a Pipoca &amp; Nanquim sabe escolher a dedo os t\u00edtulos para o seu cat\u00e1logo e consegue<\/p>\n","protected":false},"author":2,"featured_media":17872,"comment_status":"open","ping_status":"closed","sticky":false,"template":"","format":"standard","meta":{"sfsi_plus_gutenberg_text_before_share":"","sfsi_plus_gutenberg_show_text_before_share":"","sfsi_plus_gutenberg_icon_type":"","sfsi_plus_gutenberg_icon_alignemt":"","sfsi_plus_gutenburg_max_per_row":"","footnotes":""},"categories":[5],"tags":[6893,3143,6894],"class_list":["post-17871","post","type-post","status-publish","format-standard","has-post-thumbnail","hentry","category-noticias","tag-a-obsolescencia-programada-dos-nossos-sentimentos","tag-pipoca-nanquim","tag-zidrou"],"_links":{"self":[{"href":"https:\/\/kriocomics.com.br\/site\/wp-json\/wp\/v2\/posts\/17871","targetHints":{"allow":["GET"]}}],"collection":[{"href":"https:\/\/kriocomics.com.br\/site\/wp-json\/wp\/v2\/posts"}],"about":[{"href":"https:\/\/kriocomics.com.br\/site\/wp-json\/wp\/v2\/types\/post"}],"author":[{"embeddable":true,"href":"https:\/\/kriocomics.com.br\/site\/wp-json\/wp\/v2\/users\/2"}],"replies":[{"embeddable":true,"href":"https:\/\/kriocomics.com.br\/site\/wp-json\/wp\/v2\/comments?post=17871"}],"version-history":[{"count":9,"href":"https:\/\/kriocomics.com.br\/site\/wp-json\/wp\/v2\/posts\/17871\/revisions"}],"predecessor-version":[{"id":17885,"href":"https:\/\/kriocomics.com.br\/site\/wp-json\/wp\/v2\/posts\/17871\/revisions\/17885"}],"wp:featuredmedia":[{"embeddable":true,"href":"https:\/\/kriocomics.com.br\/site\/wp-json\/wp\/v2\/media\/17872"}],"wp:attachment":[{"href":"https:\/\/kriocomics.com.br\/site\/wp-json\/wp\/v2\/media?parent=17871"}],"wp:term":[{"taxonomy":"category","embeddable":true,"href":"https:\/\/kriocomics.com.br\/site\/wp-json\/wp\/v2\/categories?post=17871"},{"taxonomy":"post_tag","embeddable":true,"href":"https:\/\/kriocomics.com.br\/site\/wp-json\/wp\/v2\/tags?post=17871"}],"curies":[{"name":"wp","href":"https:\/\/api.w.org\/{rel}","templated":true}]}}