{"id":17921,"date":"2022-08-05T00:15:30","date_gmt":"2022-08-05T03:15:30","guid":{"rendered":"https:\/\/kriocomics.com.br\/site\/?p=17921"},"modified":"2022-08-22T22:57:18","modified_gmt":"2022-08-23T01:57:18","slug":"deste-dracula-nao-ha-do-que-ter-medo","status":"publish","type":"post","link":"https:\/\/kriocomics.com.br\/site\/deste-dracula-nao-ha-do-que-ter-medo\/","title":{"rendered":"Deste Dr\u00e1cula, N\u00e3o H\u00e1 Do Que Ter Medo"},"content":{"rendered":"<p style=\"text-align: justify;\">Em seu 8\u00ba t\u00edtulo publicado na que j\u00e1 \u00e9 informalmente conhecida como \u201cBiblioteca Alberto Breccia\u201d, a editora Comix Zone traz ao Brasil o t\u00edtulo\u00a0<em>Dr\u00e1cula \u2013 Dracul, Vlad? Bah\u2026\u00a0<\/em>que adapta um dos mais famosos personagens do terror mundial de forma um tanto pitoresca e imprevis\u00edvel,\u00a0<strong>bem diferente de in\u00fameras outras vers\u00f5es dispon\u00edveis em incont\u00e1veis m\u00eddias.<\/strong><\/p>\n<p style=\"text-align: justify;\">Dividido em cinco cap\u00edtulos publicados originalmente entre 1984 e 1985 na revista<em>\u00a0Ilustraci\u00f3n + Comix Internacional<\/em>, temos aqui uma vers\u00e3o escrachada do personagem inspirado em Vlad, O Empalador. O Dr\u00e1cula de Breccia \u00e9\u00a0<strong>nada mais, nada menos que um total sarro do in\u00edcio ao fim<\/strong>, j\u00e1 a julgar em sua capa que apresenta um protagonista desajeitado e salivando tal qual um rec\u00e9m-nascido.<\/p>\n<p><img loading=\"lazy\" decoding=\"async\" class=\"size-full wp-image-17923 aligncenter\" src=\"https:\/\/kriocomics.com.br\/site\/wp-content\/uploads\/2022\/08\/Dracula-\u2013-Dracul-Vlad-Bah..-1.jpeg\" alt=\"\" width=\"363\" height=\"533\" srcset=\"https:\/\/kriocomics.com.br\/site\/wp-content\/uploads\/2022\/08\/Dracula-\u2013-Dracul-Vlad-Bah..-1.jpeg 363w, https:\/\/kriocomics.com.br\/site\/wp-content\/uploads\/2022\/08\/Dracula-\u2013-Dracul-Vlad-Bah..-1-204x300.jpeg 204w\" sizes=\"auto, (max-width: 363px) 100vw, 363px\" \/><\/p>\n<p style=\"text-align: justify;\">Aqui, Dr\u00e1cula enfrenta uma vers\u00e3o (posteriormente censura no referente ao seu logo) do super-her\u00f3i popularmente conhecido como O Homem de A\u00e7o, tem medo de uma necess\u00e1ria consulta ao dentista, sofre por saudades de sua amada, sente na pele o assustador autoritarismo em tempos de ditadura e suas desumanas consequ\u00eancias\u2026 em cada p\u00e1gina que se avan\u00e7a\u00a0<strong>vemos um homem-vampiro cada vez menos fant\u00e1stico e mais humano<\/strong>, sendo mais uma v\u00edtima dos problemas corriqueiros de nossa contemporaneidade e vivendo suas consequ\u00eancias como qualquer cidad\u00e3o.<\/p>\n<p style=\"text-align: justify;\">A arte de Breccia segue sua fase anteriormente apresentada em\u00a0<em>Era Outra Vez\u2026<\/em>\u00a0e que dominou seus \u00faltimos anos de carreira, com seu tra\u00e7o psicod\u00e9lico e cores berrantes que em nada lembram os tempos de\u00a0<em>Sherlock Time, Mort Cinder, Perramus<\/em>, entre outras. De forma alguma sua mudan\u00e7a de estilo diminui seu Dr\u00e1cula, muito pelo contr\u00e1rio: por se tratar de uma obra mais voltada para a s\u00e1tira,\u00a0<strong>o tra\u00e7o mais abstrato se encaixa ainda melhor na ideia proposta<\/strong>, afinal de contas, humor n\u00e3o \u00e9 elemento de maior presen\u00e7a quando se lembra de suas principais obras e, nessa publica\u00e7\u00e3o,\u00a0<strong>foi a melhor decis\u00e3o e isso \u00e9 visto em cada cap\u00edtulo.<\/strong><\/p>\n<p><img loading=\"lazy\" decoding=\"async\" class=\"size-full wp-image-17924 aligncenter\" src=\"https:\/\/kriocomics.com.br\/site\/wp-content\/uploads\/2022\/08\/Dracula-\u2013-Dracul-Vlad-Bah..-2.jpeg\" alt=\"\" width=\"363\" height=\"530\" srcset=\"https:\/\/kriocomics.com.br\/site\/wp-content\/uploads\/2022\/08\/Dracula-\u2013-Dracul-Vlad-Bah..-2.jpeg 363w, https:\/\/kriocomics.com.br\/site\/wp-content\/uploads\/2022\/08\/Dracula-\u2013-Dracul-Vlad-Bah..-2-205x300.jpeg 205w\" sizes=\"auto, (max-width: 363px) 100vw, 363px\" \/><\/p>\n<p style=\"text-align: justify;\">Falando em cap\u00edtulos, apesar do conte\u00fado ter sua not\u00f3ria qualidade, \u00e9 uma pena a edi\u00e7\u00e3o inteira ser devorada em pouqu\u00edssimo tempo de leitura: desconsiderando o pref\u00e1cio e material extra, temos aqui, ao todo, 50 p\u00e1ginas de quadrinhos que, por sua caracter\u00edstica proposta de n\u00e3o conter caixas de texto ou di\u00e1logo,<strong>\u00a0podem ser lidas em poucos minutos.<\/strong>\u00a0Dessa forma, o leitor deve ser advertido que, o custo\/benef\u00edcio desta publica\u00e7\u00e3o n\u00e3o \u00e9 dos melhores caso o interessado esteja com baixo poder de compra, inclusive sendo recomendado outros t\u00edtulos do mesmo autor j\u00e1 lan\u00e7ados pela pr\u00f3pria Comix Zone.\u00a0<strong>Dr\u00e1cula serve melhor para aqueles que j\u00e1 est\u00e3o mergulhados no universo de Breccia, e n\u00e3o marinheiros de primeira viagem.<\/strong><\/p>\n<p style=\"text-align: justify;\">A edi\u00e7\u00e3o da Comix Zone segue o mesmo padr\u00e3o das anteriores, assim refor\u00e7ando o que j\u00e1 foi explicitado a respeito desta ser integrante de uma, no Brasil, informal cole\u00e7\u00e3o. Que se explique: a editora Fantagraphics Books, atual respons\u00e1vel pelos t\u00edtulos do autor em nos Estados Unidos, oficialmente considera seus volumes parte de uma cole\u00e7\u00e3o intitulada\u00a0<em>The Alberto Breccia Library<\/em>, cujos t\u00edtulos quase todos j\u00e1 foram publicados recentemente no Brasil em diferentes editoras, faltando apenas\u00a0<em>Evita \u2013 Vida y obra de Eva Per\u00f3n,\u00a0<\/em>que por l\u00e1 tem previs\u00e3o de sair em 2023. Sendo justo,\u00a0<strong>somando todos os lan\u00e7amentos recentes, incluindo os do cat\u00e1logo da Comix Zone, nosso acervo de t\u00edtulos de Breccia \u00e0 disposi\u00e7\u00e3o \u00e9 bem maior se comparado ao estadunidense.<\/strong><\/p>\n<p style=\"text-align: justify;\">N\u00e3o tenha medo em desvendar os mist\u00e9rios que cercam o Dr\u00e1cula de Alberto Breccia, ainda mais porque, na verdade, n\u00e3o encontrar\u00e1 nenhuma dose de pavor, e sim de muitas risadas.<\/p>\n<p><b>Dr\u00e1cula \u2013 Dracul, Vlad? Bah..<\/b><br \/>\nAlberto Breccia (roteiro e arte)<br \/>\nComix Zone<br \/>\nCapa dura<br \/>\n88 p\u00e1ginas<br \/>\n28,5 x 21 cm<br \/>\nR$89,90<\/p>\n<p>&nbsp;<\/p>\n<p><em>Por: Marcus Santana<\/em><br \/>\n<em>Fonte: <strong><span style=\"color: #000080;\"><a style=\"color: #000080;\" href=\"https:\/\/www.torredevigilancia.com\/\" target=\"_blank\" rel=\"noopener\">Torre de Vigil\u00e2ncia<\/a><\/span><\/strong><\/em><\/p>\n","protected":false},"excerpt":{"rendered":"<p>Em seu 8\u00ba t\u00edtulo publicado na que j\u00e1 \u00e9 informalmente conhecida como \u201cBiblioteca Alberto Breccia\u201d, a editora Comix Zone traz<\/p>\n","protected":false},"author":2,"featured_media":17922,"comment_status":"open","ping_status":"closed","sticky":false,"template":"","format":"standard","meta":{"sfsi_plus_gutenberg_text_before_share":"","sfsi_plus_gutenberg_show_text_before_share":"","sfsi_plus_gutenberg_icon_type":"","sfsi_plus_gutenberg_icon_alignemt":"","sfsi_plus_gutenburg_max_per_row":"","footnotes":""},"categories":[5,1],"tags":[6405,6906,4880,6907],"class_list":["post-17921","post","type-post","status-publish","format-standard","has-post-thumbnail","hentry","category-noticias","category-ultimas-noticias","tag-alberto-breccia","tag-biblioteca-alberto-breccia","tag-comix-zone","tag-dracula-dracul-vlad-bah"],"_links":{"self":[{"href":"https:\/\/kriocomics.com.br\/site\/wp-json\/wp\/v2\/posts\/17921","targetHints":{"allow":["GET"]}}],"collection":[{"href":"https:\/\/kriocomics.com.br\/site\/wp-json\/wp\/v2\/posts"}],"about":[{"href":"https:\/\/kriocomics.com.br\/site\/wp-json\/wp\/v2\/types\/post"}],"author":[{"embeddable":true,"href":"https:\/\/kriocomics.com.br\/site\/wp-json\/wp\/v2\/users\/2"}],"replies":[{"embeddable":true,"href":"https:\/\/kriocomics.com.br\/site\/wp-json\/wp\/v2\/comments?post=17921"}],"version-history":[{"count":3,"href":"https:\/\/kriocomics.com.br\/site\/wp-json\/wp\/v2\/posts\/17921\/revisions"}],"predecessor-version":[{"id":17927,"href":"https:\/\/kriocomics.com.br\/site\/wp-json\/wp\/v2\/posts\/17921\/revisions\/17927"}],"wp:featuredmedia":[{"embeddable":true,"href":"https:\/\/kriocomics.com.br\/site\/wp-json\/wp\/v2\/media\/17922"}],"wp:attachment":[{"href":"https:\/\/kriocomics.com.br\/site\/wp-json\/wp\/v2\/media?parent=17921"}],"wp:term":[{"taxonomy":"category","embeddable":true,"href":"https:\/\/kriocomics.com.br\/site\/wp-json\/wp\/v2\/categories?post=17921"},{"taxonomy":"post_tag","embeddable":true,"href":"https:\/\/kriocomics.com.br\/site\/wp-json\/wp\/v2\/tags?post=17921"}],"curies":[{"name":"wp","href":"https:\/\/api.w.org\/{rel}","templated":true}]}}