{"id":17996,"date":"2022-08-27T01:02:56","date_gmt":"2022-08-27T04:02:56","guid":{"rendered":"https:\/\/kriocomics.com.br\/site\/?p=17996"},"modified":"2022-09-14T21:03:18","modified_gmt":"2022-09-15T00:03:18","slug":"graphic-novel-dias-de-areia-ergue-a-discussao-do-papel-social-da-fotografia","status":"publish","type":"post","link":"https:\/\/kriocomics.com.br\/site\/graphic-novel-dias-de-areia-ergue-a-discussao-do-papel-social-da-fotografia\/","title":{"rendered":"Graphic Novel Dias de Areia ergue a discuss\u00e3o do papel social da fotografia"},"content":{"rendered":"<p style=\"text-align: center;\"><em>HQ de Aim\u00e9e de Jongh retrata a paisagem de uma regi\u00e3o devastada por tempestades de areia atrav\u00e9s da jornada de um fotojornalista<\/em><\/p>\n<p style=\"text-align: justify;\">A graphic novel\u00a0<strong><em>Dias de Areia<\/em><\/strong><strong>,<\/strong><strong><em>\u00a0<\/em><\/strong>da holandesa\u00a0<strong>Aim\u00e9e de Jongh,\u00a0<\/strong>chegou ao Brasil pela <strong>Editora Nemo<\/strong>. A HQ conta a hist\u00f3ria de um jovem fotojornalista,<strong>\u00a0<\/strong>que ao longo de sua jornada oportuniza o leitor a questionar o papel social da fotografia e as consequ\u00eancias da interfer\u00eancia humana na natureza.<\/p>\n<p><img loading=\"lazy\" decoding=\"async\" class=\"size-full wp-image-18000 aligncenter\" src=\"https:\/\/kriocomics.com.br\/site\/wp-content\/uploads\/2022\/08\/Dias-de-Areia-1.jpg\" alt=\"\" width=\"550\" height=\"358\" srcset=\"https:\/\/kriocomics.com.br\/site\/wp-content\/uploads\/2022\/08\/Dias-de-Areia-1.jpg 550w, https:\/\/kriocomics.com.br\/site\/wp-content\/uploads\/2022\/08\/Dias-de-Areia-1-300x195.jpg 300w\" sizes=\"auto, (max-width: 550px) 100vw, 550px\" \/><\/p>\n<p style=\"text-align: justify;\">Inspirada em fatos e ambientada na d\u00e9cada de 1930,\u00a0<em>Dias de Areia\u00a0<\/em>acompanha o enredo de John Clarke, contratado pela ag\u00eancia governamental<strong>\u00a0<\/strong>Farm Security Administration (FSA), para testemunhar a situa\u00e7\u00e3o dos agricultores na regi\u00e3o do Dust Bowl, localizada entre o Oklahoma, Kansas e Texas, ao serem atingidos pela seca e tempestades de areia. Tanto na obra quanto na vida real, essa localidade foi devastada, teve planta\u00e7\u00f5es destru\u00eddas deixando milhares de pessoas na mis\u00e9ria.<\/p>\n<p><img loading=\"lazy\" decoding=\"async\" class=\"size-full wp-image-18001 aligncenter\" src=\"https:\/\/kriocomics.com.br\/site\/wp-content\/uploads\/2022\/08\/Dias-de-Areia-2.jpg\" alt=\"\" width=\"550\" height=\"170\" srcset=\"https:\/\/kriocomics.com.br\/site\/wp-content\/uploads\/2022\/08\/Dias-de-Areia-2.jpg 550w, https:\/\/kriocomics.com.br\/site\/wp-content\/uploads\/2022\/08\/Dias-de-Areia-2-300x93.jpg 300w\" sizes=\"auto, (max-width: 550px) 100vw, 550px\" \/><\/p>\n<p style=\"text-align: justify;\">Atrav\u00e9s de desenhos marcados por uma linha fina e realista, com cores quentes que ressaltam as paisagens, a autora tra\u00e7a um destino de mudan\u00e7a de convic\u00e7\u00f5es do protagonista diante da situa\u00e7\u00e3o. Os quadrinhos s\u00e3o resultado de uma pesquisa minuciosa de Aim\u00e9e, composta por leituras, document\u00e1rios e at\u00e9 mesmo uma viagem pelos estados afetados pelo fen\u00f4meno.<\/p>\n<p style=\"text-align: justify;\"><em>Dias de areia<\/em><strong>\u00a0<\/strong>venceu o<strong>\u00a0Prix des Libraires de BD<\/strong>, al\u00e9m de ter se tornado best-seller na Fran\u00e7a e nos Pa\u00edses Baixos. O livro pode ser adquirido no site do\u00a0<span style=\"color: #000080;\"><a style=\"color: #000080;\" href=\"https:\/\/grupoautentica.com.br\/nemo\/quadrinhos\/dias-de-areia\/2113?utm_campaign=pos-lancamento_dias_de_areia_-_nemo&amp;utm_medium=email&amp;utm_source=RD+Station\" target=\"_blank\" rel=\"noopener\"><strong>Grupo Autentica.<\/strong><\/a><\/span><\/p>\n<p>&nbsp;<\/p>\n<p><em>Por: Matheus Nascimento <\/em><br \/>\n<em>Fonte: Revista <strong><span style=\"color: #000080;\"><a style=\"color: #000080;\" href=\"https:\/\/www.revistaogrito.com\/\" target=\"_blank\" rel=\"noopener\">O Grito<\/a><\/span><\/strong><\/em><\/p>\n","protected":false},"excerpt":{"rendered":"<p>HQ de Aim\u00e9e de Jongh retrata a paisagem de uma regi\u00e3o devastada por tempestades de areia atrav\u00e9s da jornada de<\/p>\n","protected":false},"author":2,"featured_media":17997,"comment_status":"open","ping_status":"closed","sticky":false,"template":"","format":"standard","meta":{"sfsi_plus_gutenberg_text_before_share":"","sfsi_plus_gutenberg_show_text_before_share":"","sfsi_plus_gutenberg_icon_type":"","sfsi_plus_gutenberg_icon_alignemt":"","sfsi_plus_gutenburg_max_per_row":"","footnotes":""},"categories":[5,1],"tags":[6934,6932,2976,632,6933],"class_list":["post-17996","post","type-post","status-publish","format-standard","has-post-thumbnail","hentry","category-noticias","category-ultimas-noticias","tag-aimee-de-jongh","tag-dias-de-areia","tag-editora-nemo","tag-graphic-novel","tag-prix-des-libraires-de-bd"],"_links":{"self":[{"href":"https:\/\/kriocomics.com.br\/site\/wp-json\/wp\/v2\/posts\/17996","targetHints":{"allow":["GET"]}}],"collection":[{"href":"https:\/\/kriocomics.com.br\/site\/wp-json\/wp\/v2\/posts"}],"about":[{"href":"https:\/\/kriocomics.com.br\/site\/wp-json\/wp\/v2\/types\/post"}],"author":[{"embeddable":true,"href":"https:\/\/kriocomics.com.br\/site\/wp-json\/wp\/v2\/users\/2"}],"replies":[{"embeddable":true,"href":"https:\/\/kriocomics.com.br\/site\/wp-json\/wp\/v2\/comments?post=17996"}],"version-history":[{"count":5,"href":"https:\/\/kriocomics.com.br\/site\/wp-json\/wp\/v2\/posts\/17996\/revisions"}],"predecessor-version":[{"id":18004,"href":"https:\/\/kriocomics.com.br\/site\/wp-json\/wp\/v2\/posts\/17996\/revisions\/18004"}],"wp:featuredmedia":[{"embeddable":true,"href":"https:\/\/kriocomics.com.br\/site\/wp-json\/wp\/v2\/media\/17997"}],"wp:attachment":[{"href":"https:\/\/kriocomics.com.br\/site\/wp-json\/wp\/v2\/media?parent=17996"}],"wp:term":[{"taxonomy":"category","embeddable":true,"href":"https:\/\/kriocomics.com.br\/site\/wp-json\/wp\/v2\/categories?post=17996"},{"taxonomy":"post_tag","embeddable":true,"href":"https:\/\/kriocomics.com.br\/site\/wp-json\/wp\/v2\/tags?post=17996"}],"curies":[{"name":"wp","href":"https:\/\/api.w.org\/{rel}","templated":true}]}}