{"id":18005,"date":"2022-08-27T01:32:56","date_gmt":"2022-08-27T04:32:56","guid":{"rendered":"https:\/\/kriocomics.com.br\/site\/?p=18005"},"modified":"2022-09-14T21:06:58","modified_gmt":"2022-09-15T00:06:58","slug":"indaiatuba-4a-hq-fest-tem-programacao-definida","status":"publish","type":"post","link":"https:\/\/kriocomics.com.br\/site\/indaiatuba-4a-hq-fest-tem-programacao-definida\/","title":{"rendered":"Indaiatuba: 4\u00aa HQ Fest tem programa\u00e7\u00e3o definida"},"content":{"rendered":"<p style=\"text-align: center;\"><i>Evento destinado aos f\u00e3s de hist\u00f3rias em quadrinhos ocorre dia 17 de setembro<\/i><\/p>\n<p class=\"v1MsoNormal\" style=\"text-align: justify;\">A quarta edi\u00e7\u00e3o da HQ Fest, evento que ocorre no dia 17 de setembro (s\u00e1bado) no Parque Mall Indaiatuba, j\u00e1 tem programa\u00e7\u00e3o definida. O evento gratuito \u00e9 destinado aos f\u00e3s de hist\u00f3rias em quadrinhos de todas as idades e ocorre das 9h \u00e0s 18h, sendo promovido pelo Est\u00fadio EMT.\u00a0Uma novidade deste ano s\u00e3o as atividades interativas destinadas direcionada \u00e0s crian\u00e7as, al\u00e9m do lan\u00e7amento da Graphic Novel \u201cA\u00e7\u00e3o Real\u201d em P&amp;B, o lan\u00e7amento da Revistinha do Palha\u00e7o Koringa e a Exposi\u00e7\u00e3o dos desenhos originais do Batman que criados pelo desenhista Pedro Mauro com o roteiro de Carlos Estefan para a DC Comics.<\/p>\n<p class=\"v1MsoNormal\" style=\"text-align: justify;\">Ap\u00f3s a abertura oficial do evento que ser\u00e1 \u00e0s 9h, iniciamos a programa\u00e7\u00e3o dos pain\u00e9is com os artistas. O primeiro bate-papo ser\u00e1 \u00e0s 11h, a atividade ser\u00e1 conduzida pela quadrinhista Ligia Zanella que\u00a0falar\u00e1 sobre a cria\u00e7\u00e3o de quadrinhos na pandemia. Em seguida \u00e0s 12h o lustrador Marcel Bartholo abordar\u00e1 sobre o mercado de adapta\u00e7\u00f5es liter\u00e1rias em quadrinhos.<\/p>\n<p class=\"v1MsoNormal\" style=\"text-align: justify;\">No per\u00edodo da tarde, \u00e0s 14h os visitantes poder\u00e3o acompanhar o painel comandado por Daniel Saks. O editor falar\u00e1 sobre a cria\u00e7\u00e3o de quadrinhos de terror. A partir das 15h, o evento receber\u00e1 o ilustrador Roberto Castro, que falar\u00e1 sobre as oportunidades e caracter\u00edsticas dos quadrinhos nacionais. Logo em seguida, \u00e0s 16h teremos a apresenta\u00e7\u00e3o do convidado especial desta edi\u00e7\u00e3o o ilustrador Pedro Mauro, que al\u00e9m da sua trajet\u00f3ria contar\u00e1 aos visitantes sobre as oportunidades e desafios de desenhar para o exterior.<\/p>\n<p class=\"v1MsoNormal\" style=\"text-align: justify;\">Segundo o organizador do evento, Moacir Torres, a HQ Fest deve reunir mais de 50 quadrinhistas. \u201cDevido a pandemia, estamos 2 anos sem o evento, e essa retomada nos traz grande expectativa, nesta edi\u00e7\u00e3o temos 20 artistas que s\u00e3o da cidade.\u201d, ressalta. \u201cTeremos ainda bate papos com temas variados, al\u00e9m da presen\u00e7a do quadrinhista Pedro Mauro que al\u00e9m da sua grande trajet\u00f3ria ainda colaborou com sua arte para um projeto da DC Batman: The World.\u201d Conclui.<\/p>\n<p class=\"v1MsoNormal\" style=\"text-align: justify;\">Para a Gerente de Marketing do Parque Mall e organizadora Cinthia Oliveira, o evento j\u00e1 \u00e9 uma tradi\u00e7\u00e3o da Regi\u00e3o. \u201cEst\u00e1vamos ansiosos pela retomada deste evento, que j\u00e1 se tornou refer\u00eancia na regi\u00e3o de Indaiatuba, por reunir grandes nomes e destaques dos quadrinhos nacionais.\u201d destaca. \u201cTeremos um s\u00e1bado de muita divers\u00e3o, cultura e HQs\u201d.<\/p>\n<p class=\"v1MsoNormal\" style=\"text-align: justify;\">A programa\u00e7\u00e3o contar\u00e1 ainda com a participa\u00e7\u00e3o do Teatro Estrada que realizar\u00e1 atra\u00e7\u00f5es e pe\u00e7as durante o evento e ainda a Conta\u00e7\u00e3o de hist\u00f3rias para as crian\u00e7as com o Coletivo Cultural Valamandana.<\/p>\n<p class=\"v1MsoNormal\" style=\"text-align: justify;\">A entrada do evento \u00e9 gratuita, mas pede-se a doa\u00e7\u00e3o volunt\u00e1ria de 1kg de alimento n\u00e3o perec\u00edvel, que ser\u00e1 entregue para a Sociedade S\u00e3o Vicente de Paulo de Indaiatuba, que destinar\u00e1 \u00e0s fam\u00edlias carentes da cidade.<\/p>\n<p class=\"v1MsoNormal\" style=\"text-align: justify;\">A edi\u00e7\u00e3o deste ano conta com o patroc\u00ednio das empresas ProArtis, MK Academy, Grupo Zarin, Col\u00e9gio Renova\u00e7\u00e3o, Fisk Indaiatuba e o apoio das empresas R\u00e1dio Jornal de Indaiatuba, EP Grupo, Infocus Desenvolvimento, Fernanda Bugallo e Editora Gibizinho.<b><\/b><\/p>\n<p>&nbsp;<\/p>\n<p class=\"v1MsoNormal\" style=\"text-align: justify;\"><b>Desfile de Cosplayers<\/b><\/p>\n<p class=\"v1MsoNormal\" style=\"text-align: justify;\">Outra atra\u00e7\u00e3o da 4\u00aa edi\u00e7\u00e3o da HQ Fest ser\u00e1 o desfile de cosplayers, que pelo patroc\u00ednio da empresa Pro Artis oferecer\u00e1 premia\u00e7\u00f5es os inscritos que forem escolhidos pelos jurados como as fantasias mais originais do evento. As inscri\u00e7\u00f5es para participar dever\u00e3o ser feitas no dia do evento e o desfile acontece \u00e0s 17h.<\/p>\n<p>&nbsp;<\/p>\n<p class=\"v1MsoNormal\"><b>Servi\u00e7o<\/b><\/p>\n<p class=\"v1MsoNormal\"><b>4\u00aa HQ Fest no Parque Mall Indaiatuba<\/b><\/p>\n<p class=\"v1MsoNormal\">Quando: 17 de setembro (s\u00e1bado), das 9h \u00e0s 18h<\/p>\n<p class=\"v1MsoNormal\">Atividades: bate-papos com quadrinhistas; exposi\u00e7\u00e3o, venda de hist\u00f3rias em quadrinhos; desfile de cosplayers.<\/p>\n<p class=\"v1MsoNormal\">Informa\u00e7\u00f5es:\u00a0<strong><span style=\"color: #000080;\"><a style=\"color: #000080;\" href=\"http:\/\/www.hqfest.com.br\/\" target=\"_blank\" rel=\"noopener noreferrer\">www.hqfest.com.br<\/a><\/span><\/strong><\/p>\n<p class=\"v1MsoNormal\"><i>Evento aberto ao p\u00fablico e com entrada gratuita<\/i><\/p>\n<p>&nbsp;<\/p>\n<p><em>Da Reda\u00e7\u00e3o<\/em><\/p>\n<p>&nbsp;<\/p>\n","protected":false},"excerpt":{"rendered":"<p>Evento destinado aos f\u00e3s de hist\u00f3rias em quadrinhos ocorre dia 17 de setembro A quarta edi\u00e7\u00e3o da HQ Fest, evento<\/p>\n","protected":false},"author":2,"featured_media":18006,"comment_status":"open","ping_status":"closed","sticky":false,"template":"","format":"standard","meta":{"sfsi_plus_gutenberg_text_before_share":"","sfsi_plus_gutenberg_show_text_before_share":"","sfsi_plus_gutenberg_icon_type":"","sfsi_plus_gutenberg_icon_alignemt":"","sfsi_plus_gutenburg_max_per_row":"","footnotes":""},"categories":[15],"tags":[6937,6935,6936],"class_list":["post-18005","post","type-post","status-publish","format-standard","has-post-thumbnail","hentry","category-eventos","tag-estudio-emt","tag-hq-fest","tag-parque-mall-indaiatuba"],"_links":{"self":[{"href":"https:\/\/kriocomics.com.br\/site\/wp-json\/wp\/v2\/posts\/18005","targetHints":{"allow":["GET"]}}],"collection":[{"href":"https:\/\/kriocomics.com.br\/site\/wp-json\/wp\/v2\/posts"}],"about":[{"href":"https:\/\/kriocomics.com.br\/site\/wp-json\/wp\/v2\/types\/post"}],"author":[{"embeddable":true,"href":"https:\/\/kriocomics.com.br\/site\/wp-json\/wp\/v2\/users\/2"}],"replies":[{"embeddable":true,"href":"https:\/\/kriocomics.com.br\/site\/wp-json\/wp\/v2\/comments?post=18005"}],"version-history":[{"count":3,"href":"https:\/\/kriocomics.com.br\/site\/wp-json\/wp\/v2\/posts\/18005\/revisions"}],"predecessor-version":[{"id":18009,"href":"https:\/\/kriocomics.com.br\/site\/wp-json\/wp\/v2\/posts\/18005\/revisions\/18009"}],"wp:featuredmedia":[{"embeddable":true,"href":"https:\/\/kriocomics.com.br\/site\/wp-json\/wp\/v2\/media\/18006"}],"wp:attachment":[{"href":"https:\/\/kriocomics.com.br\/site\/wp-json\/wp\/v2\/media?parent=18005"}],"wp:term":[{"taxonomy":"category","embeddable":true,"href":"https:\/\/kriocomics.com.br\/site\/wp-json\/wp\/v2\/categories?post=18005"},{"taxonomy":"post_tag","embeddable":true,"href":"https:\/\/kriocomics.com.br\/site\/wp-json\/wp\/v2\/tags?post=18005"}],"curies":[{"name":"wp","href":"https:\/\/api.w.org\/{rel}","templated":true}]}}