{"id":18020,"date":"2022-09-06T21:02:30","date_gmt":"2022-09-07T00:02:30","guid":{"rendered":"https:\/\/kriocomics.com.br\/site\/?p=18020"},"modified":"2022-09-24T07:24:28","modified_gmt":"2022-09-24T10:24:28","slug":"gibi-lembra-historias-demoniacas-envolvendo-xuxa-e-fofao","status":"publish","type":"post","link":"https:\/\/kriocomics.com.br\/site\/gibi-lembra-historias-demoniacas-envolvendo-xuxa-e-fofao\/","title":{"rendered":"Gibi lembra &#8220;hist\u00f3rias demon\u00edacas&#8221; envolvendo Xuxa e Fof\u00e3o"},"content":{"rendered":"<p class=\"v1MsoNormal\" style=\"text-align: justify;\"><img loading=\"lazy\" decoding=\"async\" class=\"size-full wp-image-18025 alignleft\" src=\"https:\/\/kriocomics.com.br\/site\/wp-content\/uploads\/2022\/09\/Almanacao-do-Caio-Mascara-de-Ferro-contra-a-Televisao-3.jpg\" alt=\"\" width=\"400\" height=\"321\" srcset=\"https:\/\/kriocomics.com.br\/site\/wp-content\/uploads\/2022\/09\/Almanacao-do-Caio-Mascara-de-Ferro-contra-a-Televisao-3.jpg 400w, https:\/\/kriocomics.com.br\/site\/wp-content\/uploads\/2022\/09\/Almanacao-do-Caio-Mascara-de-Ferro-contra-a-Televisao-3-300x241.jpg 300w\" sizes=\"auto, (max-width: 400px) 100vw, 400px\" \/>Mesmo quem n\u00e3o viveu nas d\u00e9cadas de 80 e 90 certamente j\u00e1 ouviu falar nos casos de terror envolvendo a &#8220;Xuxa \u2013 A Rainha dos Baixinhos&#8221; e o boneco do &#8220;Fof\u00e3o&#8221;, personagem que fazia parte do grupo infantil chamado Bal\u00e3o M\u00e1gico.<!--more--> Diante de um sucesso impressionante, principalmente para \u00e9poca que n\u00e3o existia ainda a for\u00e7a da internet e das redes sociais, comentava-se que a Xuxa &#8220;s\u00f3 poderia ter uma pacto com o dem\u00f4nio&#8221;.<\/p>\n<p>&nbsp;<\/p>\n<p class=\"v1MsoNormal\" style=\"text-align: justify;\">A partir da\u00ed surgiram hist\u00f3rias, como: se voc\u00ea tocar um disco da Xuxa ao contr\u00e1rio vai ouvir um dem\u00f4nio falando, entre outras coisas. J\u00e1 sobre o Fof\u00e3o diziam que seu &#8220;boneco demon\u00edaco&#8221; guardava um punhal escondido.<\/p>\n<p><img loading=\"lazy\" decoding=\"async\" class=\"size-full wp-image-18026 aligncenter\" src=\"https:\/\/kriocomics.com.br\/site\/wp-content\/uploads\/2022\/09\/Almanacao-do-Caio-Mascara-de-Ferro-contra-a-Televisao-1.jpg\" alt=\"\" width=\"327\" height=\"450\" srcset=\"https:\/\/kriocomics.com.br\/site\/wp-content\/uploads\/2022\/09\/Almanacao-do-Caio-Mascara-de-Ferro-contra-a-Televisao-1.jpg 327w, https:\/\/kriocomics.com.br\/site\/wp-content\/uploads\/2022\/09\/Almanacao-do-Caio-Mascara-de-Ferro-contra-a-Televisao-1-218x300.jpg 218w\" sizes=\"auto, (max-width: 327px) 100vw, 327px\" \/><\/p>\n<p class=\"v1MsoNormal\" style=\"text-align: justify;\">Agora, os artistas Caio Oliveira e Bernardo Aur\u00e9lio resolveram brincar com esse verdadeiro mito popular construindo hist\u00f3rias em quadrinhos com esses temas. A HQ &#8220;M\u00e1scara de Ferro contra a Televis\u00e3o&#8221; tem tr\u00eas hist\u00f3rias escritas por Bernardo Aur\u00e9lio, sendo a maior delas &#8211; &#8220;Super M\u00e1scara contra Baixo Astral&#8221; desenhada por Caio Oliveira e colorida por Ellis Carlos.<\/p>\n<p class=\"v1MsoNormal\" style=\"text-align: justify;\">Bernardo Aur\u00e9lio lembra que a revista j\u00e1 est\u00e1 pronta, mas para que seja impressa precisa contar com o apoio atrav\u00e9s do site do Catarse.me, que funciona como uma esp\u00e9cie de pr\u00e9-venda. O processo \u00e9 simples: basta acessar o site e buscar por &#8220;Cantinho do Combo&#8221;.<\/p>\n<p class=\"v1MsoNormal\" style=\"text-align: justify;\"><b>Almanac\u00e3o do Caio<\/b><\/p>\n<p class=\"v1MsoNormal\" style=\"text-align: justify;\">Isso porque o projeto \u00e9 formado por um combo com duas hist\u00f3rias em quadrinhos. A maior delas, na verdade, \u00e9 o &#8220;Almanac\u00e3o do Caio&#8221;, com 92 p\u00e1ginas. &#8220;A ideia \u00e9 juntar um monte de trabalho que fiz no Cantinho do Caio e que ainda est\u00e1 in\u00e9dito em publica\u00e7\u00f5es impressas. Ter\u00e1 tanto as zoa\u00e7\u00f5es costumeiras, quanto tirinhas sobre games, sobre mim e at\u00e9 as novas tirinhas da academia que tenho feito&#8221;, explica Caio.<\/p>\n<p><img loading=\"lazy\" decoding=\"async\" class=\"size-full wp-image-18027 aligncenter\" src=\"https:\/\/kriocomics.com.br\/site\/wp-content\/uploads\/2022\/09\/Almanacao-do-Caio-Mascara-de-Ferro-contra-a-Televisao-2.jpg\" alt=\"\" width=\"327\" height=\"450\" srcset=\"https:\/\/kriocomics.com.br\/site\/wp-content\/uploads\/2022\/09\/Almanacao-do-Caio-Mascara-de-Ferro-contra-a-Televisao-2.jpg 327w, https:\/\/kriocomics.com.br\/site\/wp-content\/uploads\/2022\/09\/Almanacao-do-Caio-Mascara-de-Ferro-contra-a-Televisao-2-218x300.jpg 218w\" sizes=\"auto, (max-width: 327px) 100vw, 327px\" \/><\/p>\n<p class=\"v1MsoNormal\" style=\"text-align: justify;\">Caio d\u00e1 continuidade ao seu &#8220;Di\u00e1rio da Moramba&#8221;, desta vez com o &#8220;Bye Banha Gym&#8221;. &#8220;Parece que as coisas est\u00e3o funcionando&#8221;, comenta o artista, se referindo aos quilos perdidos.<\/p>\n<p class=\"v1MsoNormal\" style=\"text-align: justify;\">Tem ainda as adapta\u00e7\u00f5es dos tweets mais bizarros do mundo pol\u00edtico de Bras\u00edlia, que sempre fazem muito sucesso na internet (@cantinhodocaio).<\/p>\n<p class=\"v1MsoNormal\" style=\"text-align: justify;\">Al\u00e9m de garantir a impress\u00e3o da revista, os artistas esperam proporcionar a ida a Comic Con Experience (CCXP), maior evento de cultura Pop do pa\u00eds, que acontece em dezembro em S\u00e3o Paulo. &#8220;Inclusive, quem for ao evento vai poder pegar as revistas com a gente no Beco do Artistas se tudo der certo&#8221;, ressalta Bernardo.<\/p>\n<p>&nbsp;<\/p>\n<p class=\"v1MsoNormal\"><b>Mais informa\u00e7\u00f5es:<\/b><\/p>\n<p class=\"v1MsoNormal\">Bernardo Aur\u00e9lio: (86) 99819-3178<\/p>\n<p class=\"v1MsoNormal\">Marcelo Costa (assessoria): (51) 99770-1599<\/p>\n<p class=\"v1MsoNormal\">@cantinhodocaio<\/p>\n<p>&nbsp;<\/p>\n<p class=\"v1MsoNormal\"><strong>PARA APOIAR<\/strong><\/p>\n<p class=\"v1MsoNormal\"><strong><span style=\"color: #000080;\"><a style=\"color: #000080;\" href=\"https:\/\/www.catarse.me\/cantinho_do_combo_c413?ref=ctrse_explore_pgsearch\" target=\"_blank\" rel=\"noopener noreferrer\">https:\/\/www.catarse.me\/cantinho_do_combo_c413?ref=ctrse_explore_pgsearch<\/a><\/span><\/strong><\/p>\n<p>&nbsp;<\/p>\n<p><em>Por: Marcelo Ribeiro<\/em><\/p>\n","protected":false},"excerpt":{"rendered":"<p>Mesmo quem n\u00e3o viveu nas d\u00e9cadas de 80 e 90 certamente j\u00e1 ouviu falar nos casos de terror envolvendo a<\/p>\n","protected":false},"author":2,"featured_media":18024,"comment_status":"open","ping_status":"closed","sticky":false,"template":"","format":"standard","meta":{"sfsi_plus_gutenberg_text_before_share":"","sfsi_plus_gutenberg_show_text_before_share":"","sfsi_plus_gutenberg_icon_type":"","sfsi_plus_gutenberg_icon_alignemt":"","sfsi_plus_gutenburg_max_per_row":"","footnotes":""},"categories":[5,1],"tags":[6939,6940],"class_list":["post-18020","post","type-post","status-publish","format-standard","has-post-thumbnail","hentry","category-noticias","category-ultimas-noticias","tag-almanacao-do-caio","tag-mascara-de-ferro-contra-a-televisao"],"_links":{"self":[{"href":"https:\/\/kriocomics.com.br\/site\/wp-json\/wp\/v2\/posts\/18020","targetHints":{"allow":["GET"]}}],"collection":[{"href":"https:\/\/kriocomics.com.br\/site\/wp-json\/wp\/v2\/posts"}],"about":[{"href":"https:\/\/kriocomics.com.br\/site\/wp-json\/wp\/v2\/types\/post"}],"author":[{"embeddable":true,"href":"https:\/\/kriocomics.com.br\/site\/wp-json\/wp\/v2\/users\/2"}],"replies":[{"embeddable":true,"href":"https:\/\/kriocomics.com.br\/site\/wp-json\/wp\/v2\/comments?post=18020"}],"version-history":[{"count":5,"href":"https:\/\/kriocomics.com.br\/site\/wp-json\/wp\/v2\/posts\/18020\/revisions"}],"predecessor-version":[{"id":18030,"href":"https:\/\/kriocomics.com.br\/site\/wp-json\/wp\/v2\/posts\/18020\/revisions\/18030"}],"wp:featuredmedia":[{"embeddable":true,"href":"https:\/\/kriocomics.com.br\/site\/wp-json\/wp\/v2\/media\/18024"}],"wp:attachment":[{"href":"https:\/\/kriocomics.com.br\/site\/wp-json\/wp\/v2\/media?parent=18020"}],"wp:term":[{"taxonomy":"category","embeddable":true,"href":"https:\/\/kriocomics.com.br\/site\/wp-json\/wp\/v2\/categories?post=18020"},{"taxonomy":"post_tag","embeddable":true,"href":"https:\/\/kriocomics.com.br\/site\/wp-json\/wp\/v2\/tags?post=18020"}],"curies":[{"name":"wp","href":"https:\/\/api.w.org\/{rel}","templated":true}]}}