{"id":18036,"date":"2022-09-06T23:19:08","date_gmt":"2022-09-07T02:19:08","guid":{"rendered":"https:\/\/kriocomics.com.br\/site\/?p=18036"},"modified":"2022-09-29T02:31:46","modified_gmt":"2022-09-29T05:31:46","slug":"memorias-da-bicicleta-powerpaola-propoe-jornada-afetiva-na-hq-todas-as-bicicletas-que-tive","status":"publish","type":"post","link":"https:\/\/kriocomics.com.br\/site\/memorias-da-bicicleta-powerpaola-propoe-jornada-afetiva-na-hq-todas-as-bicicletas-que-tive\/","title":{"rendered":"Mem\u00f3rias da bicicleta: Powerpaola prop\u00f5e jornada afetiva na HQ Todas As Bicicletas Que Tive"},"content":{"rendered":"<p style=\"text-align: center;\"><em>Lan\u00e7ada simultaneamente em seis pa\u00edses, obra autobiogr\u00e1fica da equatoriana refor\u00e7a sua proposta est\u00e9tica \u00fanica nos quadrinhos<\/em><\/p>\n<p style=\"text-align: justify;\">Bons contadores de hist\u00f3rias conseguem buscar as mais inusitadas perspectivas para levar envolver o leitor em uma narrativa. A quadrinista equatoriana\u00a0<strong>Powerpaola<\/strong>\u00a0\u00e9 uma leg\u00edtima representante desse tipo de artista, sempre tentando fugir do \u00f3bvio no modo como consegue falar de temas como relacionamento, solid\u00e3o, amadurecimento e rela\u00e7\u00e3o com a cidade. Em\u00a0<strong><em>Todas As Bicicletas Que Tive<\/em><\/strong>, seu novo livro, ela aborda esses assuntos a partir de um ponto de partida bem comum e, talvez por isso mesmo, t\u00e3o pr\u00f3ximo de tanta gente: a nossa rela\u00e7\u00e3o com as bicicletas.<\/p>\n<p style=\"text-align: justify;\">Como os outros quadrinhos da autora, aqui ela novamente utiliza passagens de sua vida pessoal como base, mas dessa vez organiza suas mem\u00f3rias a partir das bicicletas que teve. Cada cap\u00edtulo traz algum acontecimento vivenciado nas diferentes cidades em que j\u00e1 viveu a partir da rela\u00e7\u00e3o afetiva estabelecida com sua bike naquele momento. A partir disso ela fala, por exemplo, das mem\u00f3rias de sua inf\u00e2ncia, quando usou sua primeira bicicleta para impressionar um grupo de garotos em Quito. Em outro momento, compartilha a mem\u00f3ria de sua amiga em Cali, quando vivenciaram uma adolesc\u00eancia punk at\u00e9 se afastarem completamente anos depois.<\/p>\n<p style=\"text-align: justify;\">O uso de objetos como fio condutor da narrativa \u00e9 um recurso liter\u00e1rio bastante conhecido, mas Powerpaola explora o fato da bicicleta funcionar tamb\u00e9m como uma extens\u00e3o de nosso corpo, pois trata-se de um meio de locomo\u00e7\u00e3o que depende da energia que produzimos. \u201cAs bicicletas s\u00e3o m\u00e1quinas impulsionadas por voc\u00ea mesma\u201d, reflete a autora em determinado momento. \u201c\u00c9 voc\u00ea quem decide para onde quer se deslocar\u201d.<\/p>\n<figure class=\"wp-container-2 wp-block-gallery-1 wp-block-gallery has-nested-images columns-default is-cropped\" style=\"text-align: justify;\" data-carousel-extra=\"{&quot;blog_id&quot;:1,&quot;permalink&quot;:&quot;https:\\\/\\\/www.revistaogrito.com\\\/memorias-da-bicicleta-powerpaola-propoe-jornada-afetiva-na-hq-todas-as-bicicletas-que-tive\\\/&quot;}\">\n<figure class=\"wp-block-image size-large\"><\/figure>\n<figure class=\"wp-block-image size-large\"><\/figure>\n<figure class=\"wp-block-image size-large\"><\/figure>\n<\/figure>\n<p style=\"text-align: justify;\">O livro o tempo todo busca articular refer\u00eancias ligadas ao ato de pedalar, como a liberdade de se deslocar livremente e o equil\u00edbrio necess\u00e1rio para pilotar, mas sem cair em maneirismos ou clich\u00eas. Ao contr\u00e1rio, Powerpaola faz aqui uma escrita muito bem constru\u00edda, quase meticulosa. Ela pouco a pouco vai adicionando uma s\u00e9rie de elementos que v\u00e3o ganhando mais e mais tra\u00e7\u00e3o ao longo do livro, como um perigo iminente ligado \u00e0 figura de um jacar\u00e9 e o mist\u00e9rio que se desenvolve ao redor de um buraco que ela encontra no meio da rua. \u201cQuando vejo um buraco escuro, n\u00e3o posso evitar olhar pra dentro dele\u201d, diz.<\/p>\n<p style=\"text-align: justify;\">Depois do seu \u00f3timo\u00a0<strong><em>Qp<\/em><\/strong>, em que abordava de maneira franca um relacionamento longo ao lado de seu companheiro e do sucesso\u00a0<strong><em>V\u00edrus Tropical<\/em><\/strong>, seu romance de forma\u00e7\u00e3o, neste novo trabalho temos uma autora ainda mais ciente de sua arte t\u00e3o peculiar. Powerpaola segue ainda mais segura em seu projeto est\u00e9tico \u00fanico, um estilo que desafia conven\u00e7\u00f5es do realismo ao mesmo tempo em que proporciona uma imers\u00e3o na leitura por conta de sua arte incrivelmente detalhada.\u00a0<em>Todas As Bicicletas Que Tive\u00a0<\/em>destaca-se pela profundidade alcan\u00e7ada no uso dos diferentes tons de cinza e no impacto causado pelo uso pontual das cores chamativas, como o amarelo e o vermelho.<\/p>\n<p style=\"text-align: justify;\">As paisagens das cidades seguem com bastante destaque no trabalho da autora, que \u00e9 uma conhecida n\u00f4made com passagens por diversos locais ao longo da vida. O livro vai pontuando mem\u00f3rias em cidades como Paris, Cali, Medell\u00edn, Quito, Buenos Aires e Bogot\u00e1, onde as bicicletas aparecem como objetos-narrativos, mas tamb\u00e9m como personagens. Ao cham\u00e1-las pelo nome, as bikes ganham ainda mais personalidade: \u201cA Chinesa\u201d, \u201cChopper\u201d, \u201cAurorita\u201d, etc.<\/p>\n<p style=\"text-align: justify;\">A HQ \u00e9 parte de um empreendimento editorial latino pouco visto no mundo dos quadrinhos. Foi lan\u00e7ada simultaneamente em seis pa\u00edses, por cinco editoras diferentes: El Fakir (Equador), La Silueta (Col\u00f4mbia), Lote 42 (Brasil), Musara\u00f1a (Argentina) e Sexto Piso (M\u00e9xico e Espanha).<\/p>\n<p style=\"text-align: justify;\">\u00c9 um livro que avan\u00e7a bastante na proposta art\u00edstica de Powerpaola, o que \u00e9 uma grata surpresa para os f\u00e3s que a acompanham h\u00e1 muito tempo. Mas \u00e9 tamb\u00e9m um livro que refor\u00e7a o quanto a artista \u00e9 singular dentro do cen\u00e1rio internacional de quadrinhos hoje, um refor\u00e7o de uma autoralidade muito presente, reconhec\u00edvel.<\/p>\n<p>&nbsp;<\/p>\n<p><em>Por: Paulo Floro <\/em><br \/>\n<em>Fonte: Revista <strong><span style=\"color: #000080;\"><a style=\"color: #000080;\" href=\"https:\/\/www.revistaogrito.com\/\" target=\"_blank\" rel=\"noopener\">O Grito<\/a><\/span><\/strong><\/em><\/p>\n<p>&nbsp;<\/p>\n","protected":false},"excerpt":{"rendered":"<p>Lan\u00e7ada simultaneamente em seis pa\u00edses, obra autobiogr\u00e1fica da equatoriana refor\u00e7a sua proposta est\u00e9tica \u00fanica nos quadrinhos Bons contadores de hist\u00f3rias<\/p>\n","protected":false},"author":2,"featured_media":18037,"comment_status":"open","ping_status":"closed","sticky":false,"template":"","format":"standard","meta":{"sfsi_plus_gutenberg_text_before_share":"","sfsi_plus_gutenberg_show_text_before_share":"","sfsi_plus_gutenberg_icon_type":"","sfsi_plus_gutenberg_icon_alignemt":"","sfsi_plus_gutenburg_max_per_row":"","footnotes":""},"categories":[5,1],"tags":[6941,6942],"class_list":["post-18036","post","type-post","status-publish","format-standard","has-post-thumbnail","hentry","category-noticias","category-ultimas-noticias","tag-powerpaola","tag-todas-as-bicicletas-que-tive"],"_links":{"self":[{"href":"https:\/\/kriocomics.com.br\/site\/wp-json\/wp\/v2\/posts\/18036","targetHints":{"allow":["GET"]}}],"collection":[{"href":"https:\/\/kriocomics.com.br\/site\/wp-json\/wp\/v2\/posts"}],"about":[{"href":"https:\/\/kriocomics.com.br\/site\/wp-json\/wp\/v2\/types\/post"}],"author":[{"embeddable":true,"href":"https:\/\/kriocomics.com.br\/site\/wp-json\/wp\/v2\/users\/2"}],"replies":[{"embeddable":true,"href":"https:\/\/kriocomics.com.br\/site\/wp-json\/wp\/v2\/comments?post=18036"}],"version-history":[{"count":4,"href":"https:\/\/kriocomics.com.br\/site\/wp-json\/wp\/v2\/posts\/18036\/revisions"}],"predecessor-version":[{"id":18041,"href":"https:\/\/kriocomics.com.br\/site\/wp-json\/wp\/v2\/posts\/18036\/revisions\/18041"}],"wp:featuredmedia":[{"embeddable":true,"href":"https:\/\/kriocomics.com.br\/site\/wp-json\/wp\/v2\/media\/18037"}],"wp:attachment":[{"href":"https:\/\/kriocomics.com.br\/site\/wp-json\/wp\/v2\/media?parent=18036"}],"wp:term":[{"taxonomy":"category","embeddable":true,"href":"https:\/\/kriocomics.com.br\/site\/wp-json\/wp\/v2\/categories?post=18036"},{"taxonomy":"post_tag","embeddable":true,"href":"https:\/\/kriocomics.com.br\/site\/wp-json\/wp\/v2\/tags?post=18036"}],"curies":[{"name":"wp","href":"https:\/\/api.w.org\/{rel}","templated":true}]}}