{"id":18223,"date":"2022-11-11T21:21:59","date_gmt":"2022-11-12T00:21:59","guid":{"rendered":"https:\/\/kriocomics.com.br\/site\/?p=18223"},"modified":"2022-11-11T21:22:55","modified_gmt":"2022-11-12T00:22:55","slug":"revista-em-quadrinhos-sera-lancada-em-marilia","status":"publish","type":"post","link":"https:\/\/kriocomics.com.br\/site\/revista-em-quadrinhos-sera-lancada-em-marilia\/","title":{"rendered":"Revista em quadrinhos ser\u00e1 lan\u00e7ada em Mar\u00edlia"},"content":{"rendered":"<p style=\"text-align: justify;\">O roteirista, produtor audiovisual, diretor e editor Guilherme Nascimento, morador de Mar\u00edlia, e o designer e ilustrador Max Francioli v\u00e3o lan\u00e7ar no in\u00edcio de dezembro a revista em quadrinhos \u201cO Mundo de L\u00eddia\u201d.<!--more--><\/p>\n<p style=\"text-align: justify;\">A produ\u00e7\u00e3o foi financiada pelo Programa de A\u00e7\u00e3o Cultural (ProAC). \u00c9 o \u00fanico quadrinho do interior paulista aprovado pelo financiamento estadual em 2021.\u00a0A revista \u00e9 voltada ao p\u00fablico infanto-juvenil.<\/p>\n<p style=\"text-align: justify;\">A personagem L\u00eddia precisa enfrentar dramas familiares que v\u00e3o criar uma conex\u00e3o com o p\u00fablico e a narrativa fica ainda mais envolvente quando a personagem encontra na leitura e nos poderes a for\u00e7a para seguir adiante.<\/p>\n<p style=\"text-align: justify;\">Antes do lan\u00e7amento, o autor e o ilustrador v\u00e3o realizar duas oficinas, nos dias 01 e 03 de dezembro, na Casa da Cultura de Mar\u00edlia \u2013 localizada na avenida Santo Ant\u00f4nio, 136. A oficina gratuita vai ensinar o p\u00fablico a estruturar roteiros e ilustrar quadrinhos. As inscri\u00e7\u00f5es podem ser feitas atrav\u00e9s do telefone (14) 3454-1889.<\/p>\n<p style=\"text-align: justify;\">O lan\u00e7amento de \u201cO Mundo de L\u00eddia\u201d ser\u00e1 no dia 07 de dezembro, \u00e0s 19h, tamb\u00e9m na Casa da Cultura.<\/p>\n<p style=\"text-align: justify;\">Alguns exemplares ser\u00e3o doados para as escolas municipais e a biblioteca de Mar\u00edlia.<\/p>\n<p>&nbsp;<\/p>\n<p><em>Da Reda\u00e7\u00e3o<\/em><br \/>\n<em>Fonte: Mar\u00edlia Not\u00edcias<\/em><\/p>\n<p>&nbsp;<\/p>\n","protected":false},"excerpt":{"rendered":"<p>O roteirista, produtor audiovisual, diretor e editor Guilherme Nascimento, morador de Mar\u00edlia, e o designer e ilustrador Max Francioli v\u00e3o<\/p>\n","protected":false},"author":2,"featured_media":18224,"comment_status":"open","ping_status":"closed","sticky":false,"template":"","format":"standard","meta":{"sfsi_plus_gutenberg_text_before_share":"","sfsi_plus_gutenberg_show_text_before_share":"","sfsi_plus_gutenberg_icon_type":"","sfsi_plus_gutenberg_icon_alignemt":"","sfsi_plus_gutenburg_max_per_row":"","footnotes":""},"categories":[15],"tags":[7013,7011,7012,7010],"class_list":["post-18223","post","type-post","status-publish","format-standard","has-post-thumbnail","hentry","category-eventos","tag-casa-da-cultura-de-marilia","tag-guilherme-nascimento","tag-max-francioli","tag-o-mundo-de-lidia"],"_links":{"self":[{"href":"https:\/\/kriocomics.com.br\/site\/wp-json\/wp\/v2\/posts\/18223","targetHints":{"allow":["GET"]}}],"collection":[{"href":"https:\/\/kriocomics.com.br\/site\/wp-json\/wp\/v2\/posts"}],"about":[{"href":"https:\/\/kriocomics.com.br\/site\/wp-json\/wp\/v2\/types\/post"}],"author":[{"embeddable":true,"href":"https:\/\/kriocomics.com.br\/site\/wp-json\/wp\/v2\/users\/2"}],"replies":[{"embeddable":true,"href":"https:\/\/kriocomics.com.br\/site\/wp-json\/wp\/v2\/comments?post=18223"}],"version-history":[{"count":2,"href":"https:\/\/kriocomics.com.br\/site\/wp-json\/wp\/v2\/posts\/18223\/revisions"}],"predecessor-version":[{"id":18226,"href":"https:\/\/kriocomics.com.br\/site\/wp-json\/wp\/v2\/posts\/18223\/revisions\/18226"}],"wp:featuredmedia":[{"embeddable":true,"href":"https:\/\/kriocomics.com.br\/site\/wp-json\/wp\/v2\/media\/18224"}],"wp:attachment":[{"href":"https:\/\/kriocomics.com.br\/site\/wp-json\/wp\/v2\/media?parent=18223"}],"wp:term":[{"taxonomy":"category","embeddable":true,"href":"https:\/\/kriocomics.com.br\/site\/wp-json\/wp\/v2\/categories?post=18223"},{"taxonomy":"post_tag","embeddable":true,"href":"https:\/\/kriocomics.com.br\/site\/wp-json\/wp\/v2\/tags?post=18223"}],"curies":[{"name":"wp","href":"https:\/\/api.w.org\/{rel}","templated":true}]}}