{"id":18385,"date":"2022-12-28T23:52:47","date_gmt":"2022-12-29T02:52:47","guid":{"rendered":"https:\/\/kriocomics.com.br\/site\/?p=18385"},"modified":"2023-01-27T00:21:43","modified_gmt":"2023-01-27T03:21:43","slug":"hq-pedro-e-o-imperador-encontro-surreal-entre-os-imperadores-pedro-i-e-pedro-ii","status":"publish","type":"post","link":"https:\/\/kriocomics.com.br\/site\/hq-pedro-e-o-imperador-encontro-surreal-entre-os-imperadores-pedro-i-e-pedro-ii\/","title":{"rendered":"HQ Pedro e o Imperador, encontro surreal entre os imperadores Pedro I e Pedro II"},"content":{"rendered":"<div class=\"x11i5rnm xat24cr x1mh8g0r x1vvkbs xdj266r x126k92a\">\n<div dir=\"auto\" style=\"text-align: justify;\">Gosto muito das a\u00e7\u00f5es da @lote42 e <strong>\u201cPedro e o Imperador\u201d<\/strong>, pra mim, \u00e9 mais uma HQ que ganha muito mais import\u00e2ncia pela forma que foi publicada do que o quadrinho em si. E eu j\u00e1 explico.<\/div>\n<\/div>\n<p><!--more--><\/p>\n<div class=\"x11i5rnm xat24cr x1mh8g0r x1vvkbs xtlvy1s x126k92a\" style=\"text-align: justify;\">\n<div dir=\"auto\">HQ \u00e9 uma coprodu\u00e7\u00e3o das editoras Lote 42 (Brasil) e Polvo (Portugal) e une o roteiro do brasileiro Batista com a arte da portuguesa Joana Afonso. N\u00e3o bastasse toda essa integra\u00e7\u00e3o, o quadrinho ainda foi lan\u00e7ado na Feira do Livro de Frankfurt (Alemanha) e na AmadoraBD, o maior festival de quadrinhos de Portugal.<\/div>\n<div dir=\"auto\"><\/div>\n<\/div>\n<div class=\"x11i5rnm xat24cr x1mh8g0r x1vvkbs xtlvy1s x126k92a\" style=\"text-align: justify;\">\n<div dir=\"auto\">Outro ponto a se destacar \u00e9 que a obra integra as comemora\u00e7\u00f5es do Bicenten\u00e1rio da Independ\u00eancia e faz parte do Programa Brasil em Quadrinhos, criado em 2019 pelo Minist\u00e9rio das Rela\u00e7\u00f5es Exteriores \u2013 Itamaraty, com apoio e produ\u00e7\u00e3o da Bienal de Quadrinhos de Curitiba.<\/div>\n<\/div>\n<div dir=\"auto\"><\/div>\n<div dir=\"auto\">\u00a0 \u00a0 \u00a0 \u00a0 \u00a0 <img loading=\"lazy\" decoding=\"async\" class=\"alignnone size-full wp-image-18387\" src=\"https:\/\/kriocomics.com.br\/site\/wp-content\/uploads\/2022\/12\/Pedro-e-o-Imperador-1.jpg\" alt=\"\" width=\"282\" height=\"400\" srcset=\"https:\/\/kriocomics.com.br\/site\/wp-content\/uploads\/2022\/12\/Pedro-e-o-Imperador-1.jpg 282w, https:\/\/kriocomics.com.br\/site\/wp-content\/uploads\/2022\/12\/Pedro-e-o-Imperador-1-212x300.jpg 212w\" sizes=\"auto, (max-width: 282px) 100vw, 282px\" \/> <img loading=\"lazy\" decoding=\"async\" class=\"alignnone size-full wp-image-18388\" src=\"https:\/\/kriocomics.com.br\/site\/wp-content\/uploads\/2022\/12\/Pedro-e-o-Imperador-2.jpg\" alt=\"\" width=\"281\" height=\"400\" srcset=\"https:\/\/kriocomics.com.br\/site\/wp-content\/uploads\/2022\/12\/Pedro-e-o-Imperador-2.jpg 281w, https:\/\/kriocomics.com.br\/site\/wp-content\/uploads\/2022\/12\/Pedro-e-o-Imperador-2-211x300.jpg 211w\" sizes=\"auto, (max-width: 281px) 100vw, 281px\" \/><\/div>\n<div class=\"x11i5rnm xat24cr x1mh8g0r x1vvkbs xtlvy1s x126k92a\" style=\"text-align: justify;\">\n<div dir=\"auto\"><\/div>\n<div dir=\"auto\">Com tudo isso, creio que j\u00e1 deu pra sacar o quanto essa HQ \u00e9 importante. Ela representa o sucesso de uma iniciativa de pol\u00edtica cultural que articula a difus\u00e3o cultural das produ\u00e7\u00f5es brasileiras e seus artistas para o exterior.<\/div>\n<div dir=\"auto\"><\/div>\n<\/div>\n<div class=\"x11i5rnm xat24cr x1mh8g0r x1vvkbs xtlvy1s x126k92a\" style=\"text-align: justify;\">\n<div dir=\"auto\">E claro, tamb\u00e9m faz o caminho inverso ao apresentar para n\u00f3s brasileiros artistas portugueses. No caso aqui, a arte de Joana Afonso \u00e9 o grande ponto alto da HQ. Linda, com muita express\u00e3o, cen\u00e1rios bem trabalhados e uma quadriniza\u00e7\u00e3o que funciona perfeitamente para a hist\u00f3ria. Confesso que gostaria de ver mais material de Joana e at\u00e9 com cores porque a coloriza\u00e7\u00e3o da capa \u00e9 muito bonita.<\/div>\n<\/div>\n<div dir=\"auto\"><\/div>\n<div dir=\"auto\">\u00a0 \u00a0 \u00a0 \u00a0 \u00a0 <img loading=\"lazy\" decoding=\"async\" class=\"alignnone size-full wp-image-18389\" src=\"https:\/\/kriocomics.com.br\/site\/wp-content\/uploads\/2022\/12\/Pedro-e-o-Imperador-3.jpg\" alt=\"\" width=\"283\" height=\"400\" srcset=\"https:\/\/kriocomics.com.br\/site\/wp-content\/uploads\/2022\/12\/Pedro-e-o-Imperador-3.jpg 283w, https:\/\/kriocomics.com.br\/site\/wp-content\/uploads\/2022\/12\/Pedro-e-o-Imperador-3-212x300.jpg 212w\" sizes=\"auto, (max-width: 283px) 100vw, 283px\" \/> <img loading=\"lazy\" decoding=\"async\" class=\"alignnone size-full wp-image-18390\" src=\"https:\/\/kriocomics.com.br\/site\/wp-content\/uploads\/2022\/12\/Pedro-e-o-Imperador-4.jpg\" alt=\"\" width=\"285\" height=\"400\" srcset=\"https:\/\/kriocomics.com.br\/site\/wp-content\/uploads\/2022\/12\/Pedro-e-o-Imperador-4.jpg 285w, https:\/\/kriocomics.com.br\/site\/wp-content\/uploads\/2022\/12\/Pedro-e-o-Imperador-4-214x300.jpg 214w\" sizes=\"auto, (max-width: 285px) 100vw, 285px\" \/><\/div>\n<div class=\"x11i5rnm xat24cr x1mh8g0r x1vvkbs xtlvy1s x126k92a\" style=\"text-align: justify;\">\n<div dir=\"auto\">Sobre o roteiro \u00e9 preciso entender o projeto e o recorte da hist\u00f3ria que ele se prop\u00f5e. Obviamente que o encontro dos dois Pedro \u00e9 fic\u00e7\u00e3o e isso \u00e9 colocado de forma muito clara na HQ. N\u00e3o espere um roteiro \u00e1cido que questiona os fundamentos da nossa hist\u00f3ria ou um embate filos\u00f3fico questionando a moralidade dos Imperadores.<\/div>\n<div dir=\"auto\"><\/div>\n<\/div>\n<div class=\"x11i5rnm xat24cr x1mh8g0r x1vvkbs xtlvy1s x126k92a\" style=\"text-align: justify;\">\n<div dir=\"auto\">H\u00e1 sim momentos em que Batista deixa subentendidas algumas posturas, principalmente, de Pedro I, mas nada muito contundente. Paira sobre o roteiro, todo aquele romantismo dos livros de hist\u00f3ria did\u00e1ticos.<\/div>\n<div dir=\"auto\"><\/div>\n<\/div>\n<div class=\"x11i5rnm xat24cr x1mh8g0r x1vvkbs xtlvy1s x126k92a\">\n<div dir=\"auto\" style=\"text-align: justify;\"><strong>\u201cPedro e o Imperador\u201d<\/strong> \u00e9 uma HQ que deveria ser muito mais comentada (n\u00e3o s\u00f3 nas m\u00eddias que falam de quadrinhos) porque inicia um projeto maravilhoso. A Lote42 est\u00e1 de parab\u00e9ns por fazer parte dessa iniciativa.<\/div>\n<\/div>\n<div dir=\"auto\"><\/div>\n<div dir=\"auto\"><\/div>\n<div dir=\"auto\"><\/div>\n<div dir=\"auto\"><\/div>\n<div dir=\"auto\"><em>Por: Renato Lebeau<\/em><br \/>\n<em>Fonte: <span style=\"color: #000080;\"><strong><a style=\"color: #000080;\" href=\"https:\/\/www.facebook.com\/ImpulsoHQ\/\" target=\"_blank\" rel=\"noopener\">Impulso HQ<\/a><\/strong><\/span><\/em><\/div>\n","protected":false},"excerpt":{"rendered":"<p>Gosto muito das a\u00e7\u00f5es da @lote42 e \u201cPedro e o Imperador\u201d, pra mim, \u00e9 mais uma HQ que ganha muito<\/p>\n","protected":false},"author":2,"featured_media":18386,"comment_status":"open","ping_status":"closed","sticky":false,"template":"","format":"standard","meta":{"sfsi_plus_gutenberg_text_before_share":"","sfsi_plus_gutenberg_show_text_before_share":"","sfsi_plus_gutenberg_icon_type":"","sfsi_plus_gutenberg_icon_alignemt":"","sfsi_plus_gutenburg_max_per_row":"","footnotes":""},"categories":[5,1],"tags":[7063,7062,7061],"class_list":["post-18385","post","type-post","status-publish","format-standard","has-post-thumbnail","hentry","category-noticias","category-ultimas-noticias","tag-editora-lote-42","tag-editora-polvo","tag-pedro-e-o-imperador"],"_links":{"self":[{"href":"https:\/\/kriocomics.com.br\/site\/wp-json\/wp\/v2\/posts\/18385","targetHints":{"allow":["GET"]}}],"collection":[{"href":"https:\/\/kriocomics.com.br\/site\/wp-json\/wp\/v2\/posts"}],"about":[{"href":"https:\/\/kriocomics.com.br\/site\/wp-json\/wp\/v2\/types\/post"}],"author":[{"embeddable":true,"href":"https:\/\/kriocomics.com.br\/site\/wp-json\/wp\/v2\/users\/2"}],"replies":[{"embeddable":true,"href":"https:\/\/kriocomics.com.br\/site\/wp-json\/wp\/v2\/comments?post=18385"}],"version-history":[{"count":9,"href":"https:\/\/kriocomics.com.br\/site\/wp-json\/wp\/v2\/posts\/18385\/revisions"}],"predecessor-version":[{"id":18399,"href":"https:\/\/kriocomics.com.br\/site\/wp-json\/wp\/v2\/posts\/18385\/revisions\/18399"}],"wp:featuredmedia":[{"embeddable":true,"href":"https:\/\/kriocomics.com.br\/site\/wp-json\/wp\/v2\/media\/18386"}],"wp:attachment":[{"href":"https:\/\/kriocomics.com.br\/site\/wp-json\/wp\/v2\/media?parent=18385"}],"wp:term":[{"taxonomy":"category","embeddable":true,"href":"https:\/\/kriocomics.com.br\/site\/wp-json\/wp\/v2\/categories?post=18385"},{"taxonomy":"post_tag","embeddable":true,"href":"https:\/\/kriocomics.com.br\/site\/wp-json\/wp\/v2\/tags?post=18385"}],"curies":[{"name":"wp","href":"https:\/\/api.w.org\/{rel}","templated":true}]}}