{"id":18527,"date":"2023-02-28T01:39:38","date_gmt":"2023-02-28T04:39:38","guid":{"rendered":"https:\/\/kriocomics.com.br\/site\/?p=18527"},"modified":"2023-03-29T22:51:42","modified_gmt":"2023-03-30T01:51:42","slug":"escritores-negros-participe-do-edital-para-publicacao-de-livro-fisico-e-e-book-palavras-com-dende-e-axe","status":"publish","type":"post","link":"https:\/\/kriocomics.com.br\/site\/escritores-negros-participe-do-edital-para-publicacao-de-livro-fisico-e-e-book-palavras-com-dende-e-axe\/","title":{"rendered":"Escritores negros, participe do Edital para publica\u00e7\u00e3o de livro f\u00edsico e E-book: Palavras com Dend\u00ea e Ax\u00e9"},"content":{"rendered":"<p style=\"text-align: justify;\">A <strong>Revista \u00c1frica e Africanidades<\/strong>, est\u00e1 lan\u00e7ando edital para publica\u00e7\u00e3o do livro f\u00edsico e E-book: <strong>Palavras com Dend\u00ea e Ax\u00e9<\/strong>, contendo narrativas negras, nas quais, as diversas religiosidades de matriz africanas e afro-brasileiras, se apresentem enquanto territ\u00f3rios de (re)constru\u00e7\u00e3o identit\u00e1ria,\u00a0 (re)resist\u00eancia, (re)exist\u00eanica, organiza\u00e7\u00e3o comunit\u00e1ria, reconhecimento, preserva\u00e7\u00e3o e dissemina\u00e7\u00e3o de saberes negros.<!--more--> Poder\u00e3o participar escritores (as) negros (as) brasileiros (as) ou estrangeiros (as) maiores de 18 anos.<\/p>\n<p style=\"text-align: justify;\"><strong>Limites:<\/strong> cada escritor (a) poder\u00e1 participar com 1 conto ou cr\u00f4nica com at\u00e9 3 p\u00e1ginas em tamanho A5 (14&#215;21) no total ou at\u00e9 tr\u00eas poemas desde que n\u00e3o ultrapasse 3 p\u00e1ginas no total. Textos que ultrapassem o limite ser\u00e3o desclassificados do processo de sele\u00e7\u00e3o. Todos os textos enviados devem ser in\u00e9ditos.<\/p>\n<p style=\"text-align: justify;\"><strong>Inscri\u00e7\u00e3o (an\u00e1lise dos textos): Gratuita<\/strong><\/p>\n<p style=\"text-align: justify;\">Direitos para autores (as) selecionados: Quatro exemplares impressos enviados via Correios com frete incluso (territ\u00f3rio brasileiro). Para escritores (as) residentes em outros pa\u00edses o frete ser\u00e1 cobrado separadamente.<\/p>\n<p style=\"text-align: justify;\"><strong>Custos para autores (as) selecionados:<\/strong> R$ 160,00 (pagamento ap\u00f3s o resultado da sele\u00e7\u00e3o podendo ser parcelado no cart\u00e3o de cr\u00e9dito em at\u00e9 2x)<\/p>\n<p style=\"text-align: justify;\"><strong>Prazo para envio dos textos:<\/strong>\u00a0 31 de mar\u00e7o de 2023.<\/p>\n<p style=\"text-align: justify;\"><strong>Resultado:<\/strong> 11 de abril de 2023 (por e-mail)<\/p>\n<p style=\"text-align: justify;\">Previs\u00e3o de Publica\u00e7\u00e3o e entrega dos exemplares: 2\u00aa quinzena de Maio\/2023 (vers\u00e3o impressa e em e-book, sendo considerada duas publica\u00e7\u00f5es com\u00a0 ISBN diferentes)<\/p>\n<p style=\"text-align: justify;\"><strong>Observa\u00e7\u00f5es Importantes:\u00a0<\/strong><\/p>\n<p style=\"text-align: justify;\">1) Ser\u00e3o aceitos poesias, contos e cr\u00f4nicas in\u00e9ditos ou n\u00e3o escritos exclusivamente em portugu\u00eas.<\/p>\n<p style=\"text-align: justify;\">2) Os textos dever\u00e3o ter no m\u00ednimo 1 e no m\u00e1ximo 3 p\u00e1ginas digitadas em formato\u00a0 A5 (14&#215;21), em fonte Arial, corpo 11, espa\u00e7amento de 1,5. Margens de 2 cm.<\/p>\n<div style=\"text-align: justify;\">3) Os textos que possu\u00edrem express\u00f5es em idiomas de origem africana dever\u00e3o ter as\u00a0 tradu\u00e7\u00f5es\u00a0 em notas de rodap\u00e9.<\/div>\n<div><\/div>\n<div style=\"text-align: justify;\">4) No caso de cr\u00f4nicas e contos cada autor (a) poder\u00e1 submeter\u00a0 at\u00e9 1 texto\u00a0 desde que n\u00e3o ultrapasse o limite de tr\u00eas p\u00e1ginas; e no caso de poesia at\u00e9 tr\u00eas textos dentro do limite de tr\u00eas p\u00e1ginas no total.<\/div>\n<div><\/div>\n<div><\/div>\n<div><\/div>\n<div><\/div>\n<div><em>Da Reda\u00e7\u00e3o<\/em><\/div>\n<div><\/div>\n","protected":false},"excerpt":{"rendered":"<p>A Revista \u00c1frica e Africanidades, est\u00e1 lan\u00e7ando edital para publica\u00e7\u00e3o do livro f\u00edsico e E-book: Palavras com Dend\u00ea e Ax\u00e9,<\/p>\n","protected":false},"author":2,"featured_media":18528,"comment_status":"open","ping_status":"closed","sticky":false,"template":"","format":"standard","meta":{"sfsi_plus_gutenberg_text_before_share":"","sfsi_plus_gutenberg_show_text_before_share":"","sfsi_plus_gutenberg_icon_type":"","sfsi_plus_gutenberg_icon_alignemt":"","sfsi_plus_gutenburg_max_per_row":"","footnotes":""},"categories":[5,1],"tags":[7088],"class_list":["post-18527","post","type-post","status-publish","format-standard","has-post-thumbnail","hentry","category-noticias","category-ultimas-noticias","tag-livro-palavras-com-dende-e-axe"],"_links":{"self":[{"href":"https:\/\/kriocomics.com.br\/site\/wp-json\/wp\/v2\/posts\/18527","targetHints":{"allow":["GET"]}}],"collection":[{"href":"https:\/\/kriocomics.com.br\/site\/wp-json\/wp\/v2\/posts"}],"about":[{"href":"https:\/\/kriocomics.com.br\/site\/wp-json\/wp\/v2\/types\/post"}],"author":[{"embeddable":true,"href":"https:\/\/kriocomics.com.br\/site\/wp-json\/wp\/v2\/users\/2"}],"replies":[{"embeddable":true,"href":"https:\/\/kriocomics.com.br\/site\/wp-json\/wp\/v2\/comments?post=18527"}],"version-history":[{"count":1,"href":"https:\/\/kriocomics.com.br\/site\/wp-json\/wp\/v2\/posts\/18527\/revisions"}],"predecessor-version":[{"id":18529,"href":"https:\/\/kriocomics.com.br\/site\/wp-json\/wp\/v2\/posts\/18527\/revisions\/18529"}],"wp:featuredmedia":[{"embeddable":true,"href":"https:\/\/kriocomics.com.br\/site\/wp-json\/wp\/v2\/media\/18528"}],"wp:attachment":[{"href":"https:\/\/kriocomics.com.br\/site\/wp-json\/wp\/v2\/media?parent=18527"}],"wp:term":[{"taxonomy":"category","embeddable":true,"href":"https:\/\/kriocomics.com.br\/site\/wp-json\/wp\/v2\/categories?post=18527"},{"taxonomy":"post_tag","embeddable":true,"href":"https:\/\/kriocomics.com.br\/site\/wp-json\/wp\/v2\/tags?post=18527"}],"curies":[{"name":"wp","href":"https:\/\/api.w.org\/{rel}","templated":true}]}}