{"id":18562,"date":"2023-03-25T00:19:06","date_gmt":"2023-03-25T03:19:06","guid":{"rendered":"https:\/\/kriocomics.com.br\/site\/?p=18562"},"modified":"2023-03-25T00:22:13","modified_gmt":"2023-03-25T03:22:13","slug":"a-feira-do-livro-2023-acontecera-em-junho-na-praca-charles-miller-em-sao-paulo","status":"publish","type":"post","link":"https:\/\/kriocomics.com.br\/site\/a-feira-do-livro-2023-acontecera-em-junho-na-praca-charles-miller-em-sao-paulo\/","title":{"rendered":"A Feira do Livro 2023 acontecer\u00e1 em junho, na Pra\u00e7a Charles Miller em S\u00e3o Paulo"},"content":{"rendered":"<p style=\"text-align: justify;\">A segunda edi\u00e7\u00e3o da <span style=\"color: #000080;\"><a style=\"color: #000080;\" href=\"https:\/\/www.instagram.com\/afeiradolivro\/\" target=\"_blank\" rel=\"noopener\"><strong>@afeiradolivro<\/strong><\/a><\/span>, <strong>Festival Liter\u00e1rio de Rua<\/strong> criado em S\u00e3o Paulo no ano passado, j\u00e1 tem data para acontecer. <!--more--> O mais novo <strong>Festival Liter\u00e1rio<\/strong> realizar\u00e1 sua segunda edi\u00e7\u00e3o entre 7 e 11 de junho de 2023, ocupando a pra\u00e7a Charles Miller durante o feriado de Corpus Christi, em S\u00e3o Paulo.<\/p>\n<p style=\"text-align: justify;\">De acordo com a organiza\u00e7\u00e3o, a data foi escolhida para permitir que os paulistanos e os leitores de fora da cidade possam curtir juntos (e de folga) a pra\u00e7a p\u00fablica.<\/p>\n<p style=\"text-align: justify;\">O evento re\u00fane dezenas de editoras e livrarias de todos os tamanhos e perfis, autoras e autores queridos pelo p\u00fablico reunidos numa programa\u00e7\u00e3o pluralista e democr\u00e1tica, conversas divertidas e relevantes, mesas liter\u00e1rias, oficinas, atividades e sess\u00f5es de aut\u00f3grafos. Tudo sem catraca, sem cobran\u00e7a de entrada. Todas as atividades s\u00e3o gratuitas!<\/p>\n<p style=\"text-align: justify;\">Para acompanhar as novidades do evento basta seguir o perfil @afeiradolivro e acompanhar a divulga\u00e7\u00e3o da programa\u00e7\u00e3o e convidados. Ali\u00e1s, o evento j\u00e1 divulgou o seu primeiro convidado internacional, trata-se de Richard Zenith, bi\u00f3grafo do poeta portugu\u00eas Fernando Pessoa, autor da monumental \u201cPessoa, uma biografia\u201d (Companhia das Letras). Zenith aproveitar\u00e1 o evento para lan\u00e7ar o livro na Feira com apoio do Instituto Cam\u00f5es (@camoesip ).<\/p>\n<p style=\"text-align: justify;\">A <strong>Feira do Livro<\/strong> \u00e9 realizada em parceria pela <strong>Associa\u00e7\u00e3o Quatro Cinco Um<\/strong> e pela <strong>Mar\u00e9 Produ\u00e7\u00f5es<\/strong> em modelo sem fins lucrativos e precisa da sua for\u00e7a para ocupar as ruas de S\u00e3o Paulo com mais livros e menos carros. Tive a oportunidade de ir ano passado no evento e curti bastante. Com certeza irei mais uma vez aproveitar a programa\u00e7\u00e3o e o passeio.<\/p>\n<p style=\"text-align: justify;\">E a\u00ed, quem aqui j\u00e1 vai deixar reservada a data na agenda????????<br \/>\nE vou encerrar o post usando a frase do evento porque eu acho muito bacana:<br \/>\nViva o livro brasileiro!<\/p>\n<p>&nbsp;<\/p>\n<p><em>Por: Renato Lebeau<\/em><br \/>\n<em>Fonte:\u00a0<span style=\"color: #000080;\"><strong><a style=\"color: #000080;\" href=\"https:\/\/www.facebook.com\/ImpulsoHQ\/\" target=\"_blank\" rel=\"noopener\">Impulso HQ<\/a><\/strong><\/span><\/em><\/p>\n","protected":false},"excerpt":{"rendered":"<p>A segunda edi\u00e7\u00e3o da @afeiradolivro, Festival Liter\u00e1rio de Rua criado em S\u00e3o Paulo no ano passado, j\u00e1 tem data para<\/p>\n","protected":false},"author":2,"featured_media":18563,"comment_status":"open","ping_status":"closed","sticky":false,"template":"","format":"standard","meta":{"sfsi_plus_gutenberg_text_before_share":"","sfsi_plus_gutenberg_show_text_before_share":"","sfsi_plus_gutenberg_icon_type":"","sfsi_plus_gutenberg_icon_alignemt":"","sfsi_plus_gutenburg_max_per_row":"","footnotes":""},"categories":[15],"tags":[7102,7101,7103],"class_list":["post-18562","post","type-post","status-publish","format-standard","has-post-thumbnail","hentry","category-eventos","tag-associacao-quatro-cinco-um","tag-festival-literario-de-rua","tag-mare-producoes"],"_links":{"self":[{"href":"https:\/\/kriocomics.com.br\/site\/wp-json\/wp\/v2\/posts\/18562","targetHints":{"allow":["GET"]}}],"collection":[{"href":"https:\/\/kriocomics.com.br\/site\/wp-json\/wp\/v2\/posts"}],"about":[{"href":"https:\/\/kriocomics.com.br\/site\/wp-json\/wp\/v2\/types\/post"}],"author":[{"embeddable":true,"href":"https:\/\/kriocomics.com.br\/site\/wp-json\/wp\/v2\/users\/2"}],"replies":[{"embeddable":true,"href":"https:\/\/kriocomics.com.br\/site\/wp-json\/wp\/v2\/comments?post=18562"}],"version-history":[{"count":4,"href":"https:\/\/kriocomics.com.br\/site\/wp-json\/wp\/v2\/posts\/18562\/revisions"}],"predecessor-version":[{"id":18567,"href":"https:\/\/kriocomics.com.br\/site\/wp-json\/wp\/v2\/posts\/18562\/revisions\/18567"}],"wp:featuredmedia":[{"embeddable":true,"href":"https:\/\/kriocomics.com.br\/site\/wp-json\/wp\/v2\/media\/18563"}],"wp:attachment":[{"href":"https:\/\/kriocomics.com.br\/site\/wp-json\/wp\/v2\/media?parent=18562"}],"wp:term":[{"taxonomy":"category","embeddable":true,"href":"https:\/\/kriocomics.com.br\/site\/wp-json\/wp\/v2\/categories?post=18562"},{"taxonomy":"post_tag","embeddable":true,"href":"https:\/\/kriocomics.com.br\/site\/wp-json\/wp\/v2\/tags?post=18562"}],"curies":[{"name":"wp","href":"https:\/\/api.w.org\/{rel}","templated":true}]}}