{"id":18743,"date":"2023-06-19T01:17:12","date_gmt":"2023-06-19T04:17:12","guid":{"rendered":"https:\/\/kriocomics.com.br\/site\/?p=18743"},"modified":"2023-07-08T00:55:27","modified_gmt":"2023-07-08T03:55:27","slug":"um-papo-com-clarice-hoffman-e-greg-vieira-autores-de-pedra-dagua-a-obra-de-clarice-lispector-da-espaco-e-incentiva-nossa-potencia-criadora","status":"publish","type":"post","link":"https:\/\/kriocomics.com.br\/site\/um-papo-com-clarice-hoffman-e-greg-vieira-autores-de-pedra-dagua-a-obra-de-clarice-lispector-da-espaco-e-incentiva-nossa-potencia-criadora\/","title":{"rendered":"Um papo com Clarice Hoffman e Greg Vieira, autores de Pedra D\u2019\u00c1gua: \u201ca obra de Clarice Lispector d\u00e1 espa\u00e7o e incentiva nossa pot\u00eancia criadora\u201d"},"content":{"rendered":"<p style=\"text-align: center;\"><em>A HQ foge do formato convencional de biografias em quadrinhos e investiga a rela\u00e7\u00e3o de Clarice com a cidade e como isso reverbera nos dias de hoje<\/em><\/p>\n<p style=\"text-align: justify;\">O sal\u00e3o de festas do Hotel Central, na Boa Vista, recebeu no \u00faltimo dia 26 de maio, o esperado lan\u00e7amento da HQ <em>Pedra D\u2019\u00c1gua<\/em>, uma cria\u00e7\u00e3o de <strong>Clarice Hoffmann<\/strong> ilustrada pelo desenhista <strong>Greg Vieira<\/strong> e editada pelo selo HQ da Companhia Editora de Pernambuco (CEPE).\u00a0 A obra \u00e9 uma homenagem \u00e0 escritora\u00a0<strong>Clarice Lispector<\/strong>, cuja inf\u00e2ncia e come\u00e7o da adolesc\u00eancia foram vividos no Recife. O mesmo Hotel Central \u00e9 cen\u00e1rio dessas viv\u00eancias da escritora e aparece em cena importante do quadrinho.<\/p>\n<p style=\"text-align: justify;\">Nascida na Ucr\u00e2nia, Clarice chegou na cidade em 1925 com apenas cinco anos de idade, acompanhada pelo pai, m\u00e3e e duas irm\u00e3s, onde ficou at\u00e9 o ano de 1935, quando foi embora para o Rio de Janeiro.<\/p>\n<p style=\"text-align: justify;\">Para construir o roteiro da HQ, Clarice Hoffmann com a colabora\u00e7\u00e3o de\u00a0<strong>Clara Moreira<\/strong>, criou a personagem de Esther, uma pesquisadora que vem ao Recife em busca de tra\u00e7os da vida da escritora na cidade. A partir de uma pesquisa minuciosa de declara\u00e7\u00f5es feitas por Clarice Lispector a respeito do Recife em entrevistas, cita\u00e7\u00f5es em cr\u00f4nicas e trechos de seus romances e contos, as autoras resgatam a mem\u00f3ria dos anos de juventude de Clarice. Refazem os caminhos por onde ela passou, revisitam as casas onde morou, os col\u00e9gios em que estudou, e desses passeios emergem as lembran\u00e7as de uma cidade que n\u00e3o existe mais e algumas das experi\u00eancias que no futuro iriam marcar a personalidade e a escrita de Clarice.<\/p>\n<p style=\"text-align: justify;\">Para dar vida ao texto, o ilustrador Greg Vieira mostrou mais uma vez a sua habilidade em elaborar uma narrativa visual de extrema delicadeza que nos atrai n\u00e3o s\u00f3 pela beleza dos desenhos, mas tamb\u00e9m pelos elementos pelos quais vai emoldurando a hist\u00f3ria. As cores marcando as nuances entre o real e o po\u00e9tico, a fluidez na sucess\u00e3o e ordena\u00e7\u00e3o dos quadros, o requinte da textura das pranchas, o sil\u00eancio e os movimentos que vamos percebendo no decorrer da leitura fazem de\u00a0<em>Pedra D\u2019\u00c1gua<\/em>\u00a0uma das mais encantadoras novelas gr\u00e1ficas lan\u00e7adas no Brasil recentemente.<\/p>\n<p style=\"text-align: justify;\"><strong>O Grito!<\/strong>\u00a0conversou com\u00a0<strong>Clarice Hoffmann\u00a0<\/strong>e\u00a0<strong>Greg Vieira<\/strong>\u00a0sobre o processo de cria\u00e7\u00e3o de\u00a0<em>Pedra D\u2019\u00c1gua<\/em>\u00a0e de que maneira o mergulho na obra de Clarice Lispector acionou nela uma for\u00e7a criadora potente e determinante nas escolhas feitas para chegar ao resultado desejado.<\/p>\n<figure id=\"attachment_18744\" aria-describedby=\"caption-attachment-18744\" style=\"width: 299px\" class=\"wp-caption alignleft\"><img loading=\"lazy\" decoding=\"async\" class=\"wp-image-18744 size-full\" src=\"https:\/\/kriocomics.com.br\/site\/wp-content\/uploads\/2023\/06\/Jornalista-e-escritora-Clarice-Hoffmann.jpg\" alt=\"\" width=\"299\" height=\"400\" srcset=\"https:\/\/kriocomics.com.br\/site\/wp-content\/uploads\/2023\/06\/Jornalista-e-escritora-Clarice-Hoffmann.jpg 299w, https:\/\/kriocomics.com.br\/site\/wp-content\/uploads\/2023\/06\/Jornalista-e-escritora-Clarice-Hoffmann-224x300.jpg 224w\" sizes=\"auto, (max-width: 299px) 100vw, 299px\" \/><figcaption id=\"caption-attachment-18744\" class=\"wp-caption-text\">Jornalista e escritora Clarice Hoffmann<\/figcaption><\/figure>\n<p style=\"text-align: justify;\"><strong>O Grito! \u2013<\/strong>\u00a0<strong>Voc\u00ea \u00e9 jornalista, produtora cultural e pesquisadora. Como esses campos de atividade e conhecimento contribuem para essa nova caminhada como roteirista de HQ?<\/strong><\/p>\n<p style=\"text-align: justify;\"><strong>Clarice Hoffmann \u2013<\/strong>\u00a0Acho que as experi\u00eancias profissionais que acumulei como jornalista, especialmente, na \u00e1rea do audiovisual, e como produtora cultural de projetos na linguagem das artes visuais, foram fundamentais para que eu pudesse criar roteiros para HQs. Mas, eu ainda n\u00e3o me vejo como roteirista de novelas gr\u00e1ficas, apesar de imaginar outras. Na verdade, o que me move \u00e9 o desejo de compartilhar com outras pessoas algo que chamou minha aten\u00e7\u00e3o e, a partir disso, pensar sobre a melhor forma de comunicar a \u201chist\u00f3ria\u201d. Acho que esse \u00e9 o ponto de interse\u00e7\u00e3o da minha atua\u00e7\u00e3o como jornalista, como produtora cultural e como pesquisadora.<\/p>\n<p style=\"text-align: justify;\"><strong>Greg, Voc\u00ea trabalhou com Clarice Hoffmann em\u00a0<em>O Obscuro Fich\u00e1rio dos Artistas Mundanos<\/em>. Em ambos os trabalhos h\u00e1 uma preocupa\u00e7\u00e3o grande com a reconstitui\u00e7\u00e3o, com a pesquisa documentada, com as refer\u00eancias (fotos, etc). Esse \u00e9 tamb\u00e9m um pouco o seu modo de trabalhar, certo? Queria que voc\u00ea comentasse um pouco como foi novamente fazer essa parceria com Clarice e o que voc\u00ea de diferente nos dois trabalhos.<\/strong><\/p>\n<p style=\"text-align: justify;\"><strong>Greg<\/strong>: Em ambos os trabalhos h\u00e1 uma preocupa\u00e7\u00e3o grande com a pesquisa, a reconstitui\u00e7\u00e3o, esse \u00e9 o modo de trabalhar de Clarice [Hoffmann]. Esse amor pelo documento, pelo papel, de trazer tudo isso na \u00edntegra dentro do livro, \u00e9 bem caracter\u00edstica de Clarice tamb\u00e9m. Isso estava presente no<em>\u00a0Obscuro Fich\u00e1rio<\/em>, sendo que l\u00e1 os documentos estavam dentro das hist\u00f3rias e neste livro dedicamos um cap\u00edtulo inteiro a eles. Inicialmente, eu estava escalado para desenhar apenas o quarto cap\u00edtulo, com os documentos. O que h\u00e1 em comum nos dois trabalhos \u00e9 que estou retratando o bairro da Boa Vista [Centro do Recife], que \u00e9 o meu objeto de estudo h\u00e1 algum tempo.<\/p>\n<figure id=\"attachment_18745\" aria-describedby=\"caption-attachment-18745\" style=\"width: 500px\" class=\"wp-caption aligncenter\"><img loading=\"lazy\" decoding=\"async\" class=\"wp-image-18745 size-full\" src=\"https:\/\/kriocomics.com.br\/site\/wp-content\/uploads\/2023\/06\/Greg-Vieira.jpg\" alt=\"\" width=\"500\" height=\"295\" srcset=\"https:\/\/kriocomics.com.br\/site\/wp-content\/uploads\/2023\/06\/Greg-Vieira.jpg 500w, https:\/\/kriocomics.com.br\/site\/wp-content\/uploads\/2023\/06\/Greg-Vieira-300x177.jpg 300w\" sizes=\"auto, (max-width: 500px) 100vw, 500px\" \/><figcaption id=\"caption-attachment-18745\" class=\"wp-caption-text\">Quadrinista e artista pl\u00e1stico Greg Vieira. (Foto: Helder Tavares\/Divulga\u00e7\u00e3o)<\/figcaption><\/figure>\n<p style=\"text-align: justify;\"><strong>A HQ\u00a0<em>O Obscuro Fich\u00e1rio dos Artistas Mundanos<\/em>, sua primeira experi\u00eancia como roteirista foi resultado de um projeto de pesquisa seu o qual rendeu diversos produtos, entre eles as quatro hist\u00f3rias roteirizadas por voc\u00ea e Abel Alencar. Desta vez, em\u00a0<em>Pedra D\u2019\u00c1gua<\/em>, o projeto j\u00e1 foi a pr\u00f3pria HQ. Como voc\u00ea diferencia esses dois trabalhos em termos de processo de produ\u00e7\u00e3o?<\/strong><\/p>\n<p style=\"text-align: justify;\"><strong>Hoffmann:\u00a0<\/strong>A ideia de criar uma HQ baseada na pesquisa\u00a0<em>O Obscuro Fich\u00e1rio dos Artistas Mundanos<\/em>\u00a0surgiu desde os primeiros contatos com a documenta\u00e7\u00e3o, especialmente, a partir das leituras dos relat\u00f3rios de campana produzidos pelos agentes da Delegacia de Ordem Pol\u00edtica e Social (DOPS). Quando, finalmente, a novela gr\u00e1fica come\u00e7ou a ser concebida eu j\u00e1 estava mergulhada naquele universo h\u00e1 mais de cinco anos. Para mim aquelas hist\u00f3rias, aquelas pessoas\/personagens estavam totalmente presentes na minha vida e nos meus sonhos. Eu conversava com eles.<\/p>\n<p style=\"text-align: justify;\">Mesmo assim, minha proposta era a de atuar na HQ apenas como pesquisadora e produtora executiva, foi um susto quando me vi escrevendo. J\u00e1\u00a0<em>Pedra D\u2019\u00c1gua<\/em>\u00a0surgiu a partir de um convite da CEPE. Outro susto: ser convidada para criar o roteiro de uma HQ sobre o Recife de\u00a0Clarice\u00a0Lispector. Bateu um medo danado, mas aceitei.<\/p>\n<p style=\"text-align: justify;\">Eu j\u00e1 havia lido alguns contos de\u00a0Clarice, mas naquele momento meu conhecimento era \u00ednfimo. Ent\u00e3o, todas as obras que eu li e as pesquisas que fiz posteriormente tinham como foco a cria\u00e7\u00e3o da novela gr\u00e1fica. Eu comecei sem saber exatamente o que seria contado, o oposto do que aconteceu na HQ do\u00a0<em>Obscuro<\/em>, que s\u00f3 escrevi porque sabia exatamente o que contar.<\/p>\n<p style=\"text-align: justify;\"><strong>E voc\u00ea, Greg, como foi o processo de produ\u00e7\u00e3o de Pedra D\u2019\u00c1gua?<\/strong><\/p>\n<p style=\"text-align: justify;\"><strong>Greg<\/strong>: Em\u00a0<em>O Obscuro Fich\u00e1rio<\/em>, a Cepe entrou em um segundo momento, ent\u00e3o a gente estava bem solto, cada um fazendo os trabalhos em casa, sem ter que responder a ningu\u00e9m, foi uma cria\u00e7\u00e3o bem livre. Nesse segundo,\u00a0<em>Pedra D\u2019\u00c1gua<\/em>, at\u00e9 por ter sido um convite da Cepe, teve uma participa\u00e7\u00e3o maior do editor. Foi uma cria\u00e7\u00e3o tripla, porque teve muito a participa\u00e7\u00e3o de Diogo [Guedes, editor da Cepe].<\/p>\n<p style=\"text-align: justify;\"><strong><em>O Obscuro Fich\u00e1rio dos Artistas Mundanos<\/em>\u00a0foi uma HQ mais jornal\u00edstica e documental.\u00a0<em>Pedra D\u2019\u00c1gua\u00a0<\/em>est\u00e1 ancorada numa realidade documentada, por\u00e9m com elementos ficcionais e com maior liberdade po\u00e9tica. Essa escolha decorreu do fato da hist\u00f3ria focar na inf\u00e2ncia da escritora no Recife e a necessidade de preencher lacunas de uma mem\u00f3ria j\u00e1 fragmentada? Ou teve tamb\u00e9m rela\u00e7\u00e3o com o desejo de atrair um maior n\u00famero de leitores, sobretudo, os admiradores de Clarice?<\/strong><\/p>\n<p style=\"text-align: justify;\"><strong>Hoffmann:\u00a0<\/strong>Em nenhum momento passou pela minha cabe\u00e7a fazer\u00a0Clarice\u00a0crian\u00e7a no Recife. \u00c9 um universo que n\u00e3o tenho familiaridade, o infantil, e fazer uma hist\u00f3ria destinada a adultos envolvendo uma crian\u00e7a, crian\u00e7as, acho dific\u00edlimo. N\u00e3o conseguiria. A personagem criada para a HQ, a pesquisadora Esther, nasceu de forma instintiva. A ideia me colocava numa posi\u00e7\u00e3o confort\u00e1vel, em um universo mais pr\u00f3ximo ao meu.<\/p>\n<p style=\"text-align: justify;\">Essa escolha n\u00e3o foi feita para preencher lacunas ou atrair leitores. Na verdade, eu n\u00e3o penso nos leitores quando estou criando, roteirizando. Em\u00a0<em>Pedra D\u2019\u00c1gua<\/em>, eu pensava em\u00a0Clarice\u00a0Lispector. Pensava no Recife que ela viveu e nas transforma\u00e7\u00f5es pelas quais a cidade passou. Sobre ser ancorada numa realidade documentada, por\u00e9m com elementos ficcionais e com maior liberdade po\u00e9tica, eu acho que a obra de\u00a0Clarice\u00a0d\u00e1 espa\u00e7o e incentiva nossa pot\u00eancia criadora.<\/p>\n<p style=\"text-align: justify;\">A ep\u00edgrafe da HQ foi escolhida exatamente por essa raz\u00e3o. Mas, \u00e9 como voc\u00ea disse: s\u00e3o elementos ficcionais, n\u00e3o \u00e9 exatamente uma fic\u00e7\u00e3o, pois h\u00e1 muita pesquisa por tr\u00e1s de cada cena. Elas est\u00e3o ancoradas em muitos artigos, disserta\u00e7\u00f5es, teses e, claro, nas obras da pr\u00f3pria\u00a0Clarice.<\/p>\n<p style=\"text-align: justify;\"><strong>A personagem da pesquisadora Esther n\u00e3o seria um autorretrato seu, mesmo que parcial?<\/strong><\/p>\n<p style=\"text-align: justify;\">Sim, parcialmente \u00e9 um autorretrato, como tamb\u00e9m \u00e9 um autorretrato de Clara Moreira que criou junto comigo o argumento da hist\u00f3ria. Esther tamb\u00e9m simboliza outras tantas mulheres que se debru\u00e7aram sobre a vida e a obra de\u00a0Clarice\u00a0Lispector. A cria\u00e7\u00e3o dessa personagem, uma pesquisadora-escritora, tamb\u00e9m possibilitou assinalar as reflex\u00f5es de Lispector sobre a linguagem, a palavra e sobre o ato de escrever.<\/p>\n<p style=\"text-align: justify;\">Mas, em\u00a0<em>Pedra D\u2019\u00c1gua<\/em>, eu parcialmente tamb\u00e9m sou a narradora que fala sobre Esther. E ela \u00e9 uma personagem fundamental para aproximar a HQ de uma constru\u00e7\u00e3o narrativa que\u00a0Clarice\u00a0utilizou em diversas obras. A exist\u00eancia de um narrador que fala na terceira pessoa do pret\u00e9rito imperfeito sobre um personagem, que s\u00f3 vai ganhar voz, no presente e na primeira pessoa, quando se \u201cdescobre\u201d.<\/p>\n<p style=\"text-align: justify;\">E essa\u00a0escolha para HQ tamb\u00e9m estava relacionada \u00e0 possibilidade de adotar o mesmo arco narrativo que\u00a0Clarice\u00a0usava, cujo cl\u00edmax foi nomeado pelo cr\u00edtico liter\u00e1rio Benedito Nunes como\u00a0epifania.<\/p>\n<p style=\"text-align: justify;\"><strong>Greg<\/strong>: A princ\u00edpio Esther n\u00e3o tinha uma descri\u00e7\u00e3o pra ela, como ela era, se ela tinha alguma mania, algo assim. Eu tinha pedido essa descri\u00e7\u00e3o sobre ela para fazer o quarto dela, mas isso dependia da cria\u00e7\u00e3o da personagem e at\u00e9 aquele momento eu ainda n\u00e3o tinha assumido os outros cap\u00edtulos. Quando eu comecei a desenhar os cap\u00edtulos anteriores, n\u00e3o tive tempo de trabalhar a personagem, ent\u00e3o fui criando dentro dos esbo\u00e7os, na loucura mesmo. Tinha p\u00e1gina que ela era uma pessoa mais velha, tinha hora que ela era mais nova, em um momento estava de cabelo comprido, em outro mais longo. Tinha tra\u00e7os muito gerais, muito dentro de um padr\u00e3o.<\/p>\n<p style=\"text-align: justify;\">A\u00ed Clarice disse que n\u00e3o estava curtindo aqueles primeiros desenhos da personagem e sugeriu um rosto que ela achava massa para Esther. Ela chegou pra mim e disse \u201cc\u00ea sabe a m\u00e3e do seu filho, Raul, Cl\u00e1udia? Eu acho massa. Liguei pra ela e perguntei se ela topava posar para esta HQ. Ela nunca tinha feito nada parecido com isso, mas mesmo assim ela topou. Fizemos uns dois ensaios de fotos e a partir da\u00ed deu para desenvolver bem Esther.<\/p>\n<p style=\"text-align: justify;\">No meio do processo eu tamb\u00e9m entendi que a hist\u00f3ria representa muito uma busca da pr\u00f3pria Clarice Hoffmann e de que a HQ tinha tamb\u00e9m uma coisa muito pessoal pra ela.<\/p>\n<figure class=\"wp-block-image size-large\" style=\"text-align: justify;\"><\/figure>\n<p style=\"text-align: justify;\"><strong>A beleza dos desenhos de Greg \u00e9 indiscut\u00edvel e revela uma intensa intera\u00e7\u00e3o e harmonia entre o texto escrito e o texto visual. As imagens s\u00e3o t\u00e3o potentes quanto as palavras e, por vezes, at\u00e9 mais. Voc\u00ea poderia esmiu\u00e7ar o processo de cria\u00e7\u00e3o a quatro m\u00e3os (al\u00e9m da colabora\u00e7\u00e3o de Clara Moreira no argumento e roteiro)? Os desenhos se adequaram completamente ao roteiro inicial proposto ou ambos, roteiro e desenhos, foram nascendo do di\u00e1logo entre voc\u00ea e Greg?<\/strong><\/p>\n<p style=\"text-align: justify;\">O roteiro inicial de\u00a0<em>Pedra D\u2019\u00c1gua<\/em>\u00a0foi criado nos primeiros meses da pandemia. O convite da CEPE foi feito um m\u00eas antes do in\u00edcio do<em>\u00a0lockdown<\/em>. Foi exatamente o tempo de propor o argumento, constru\u00eddo a partir de uma conversa entre mim e Clara, com a presen\u00e7a luxuosa de Abel Alencar, parceiro na HQ do\u00a0<em>Obscuro<\/em>, e de reunir livros, comprados ou emprestados, para dar in\u00edcio \u00e0 pesquisa e \u00e0 cria\u00e7\u00e3o do roteiro. Com a chegada da pandemia, tudo ficou incerto, inclusive, o projeto de produ\u00e7\u00e3o da HQ.<\/p>\n<p style=\"text-align: justify;\">Mas, naquela altura, eu j\u00e1 n\u00e3o conseguia parar. Aproveitei o tempo de isolamento para ler tudo que tinha reunido e escrever o primeiro cap\u00edtulo da novela gr\u00e1fica, enviei primeiro para Clara, que deu diversas sugest\u00f5es, e depois para a CEPE. Ent\u00e3o, a primeira vers\u00e3o do roteiro foi criada ao longo desse per\u00edodo. Eu n\u00e3o fa\u00e7o ideia de como outros roteiristas de HQ trabalham. Nunca li um roteiro de algu\u00e9m da \u00e1rea. Mas, a constru\u00e7\u00e3o que fa\u00e7o e que fiz para\u00a0<em>Pedra D\u2019\u00c1gua<\/em>\u00a0indica as cenas por p\u00e1ginas, por quadros e os textos.<\/p>\n<p style=\"text-align: justify;\">Com raras exce\u00e7\u00f5es, n\u00e3o h\u00e1 indica\u00e7\u00e3o de \u00e2ngulos, cores ou detalhamentos minuciosos da cena. Ent\u00e3o, o trabalho desenvolvido com o Greg foi feito a partir do envio deste roteiro, da troca de ideias sobre a obra de\u00a0Clarice\u00a0e as cenas propostas e de um di\u00e1logo sobre quadros que imageticamente n\u00e3o estavam resolvidos. E a\u00ed, ele barbarizou. E, claro, que quando a HQ vai sendo desenhada o roteiro vai passando por uma esp\u00e9cie de segundo tratamento, que vem da constru\u00e7\u00e3o narrativa criada a partir da imagem, da\u00ed a autoria.<\/p>\n<p style=\"text-align: justify;\"><strong>Greg<\/strong>: Quando eu comecei esse trabalho eu ainda estava casado e morava na Boa Vista mesmo, mas l\u00e1 pros lados da Agamenon [Magalh\u00e3es, larga avenida no Centro do Recife]. Quando eu fui chamado para fazer os cap\u00edtulos 1 ao 3 eu j\u00e1 tinha me separado e estava procurando casa pra morar e acabei vindo parar na Rua Sete de Setembro, bem no foco de onde estava a hist\u00f3ria da HQ, bem pertinho da Sinagoga.<\/p>\n<p style=\"text-align: justify;\">Eu passei esses quase dois anos cruzando e visitando esses lugares quase todos os dias. Isso foi bem no in\u00edcio p\u00f3s-pandemia e a cidade estava ainda um pouco vazia e eu visitava os locais quase todos os dias. V\u00e1rias vezes dei o mergulho na mar\u00e9 at\u00e9 acertar o dia da mar\u00e9 cheia [N.E: h\u00e1 uma cena linda na HQ em que a personagem Esther se banha na mar\u00e9 cheia do Rio Capibaribe, uma cena transformadora e importante da hist\u00f3ria].<\/p>\n<p style=\"text-align: justify;\"><strong>E para finalizar, n\u00e3o resta d\u00favidas que voc\u00ea foi fisgada pelo v\u00edrus da linguagem das HQs. J\u00e1 existe algum novo projeto no campo da novela gr\u00e1fica em prepara\u00e7\u00e3o?<\/strong><\/p>\n<p style=\"text-align: justify;\">Sim. Existem algumas ideias. Quatro hist\u00f3rias que tenho vontade de contar. Todas no formato de novela gr\u00e1fica.<\/p>\n<p class=\"wp-block-heading\"><strong>HQ Pedra D\u2019\u00c1gua<\/strong><br \/>\nPode ser adquirido por R$ 70,00 <span style=\"color: #000080;\"><strong><a style=\"color: #000080;\" href=\"https:\/\/www.cepe.com.br\/lojacepe\/\" target=\"_blank\" rel=\"noopener\">clicando aqui<\/a><\/strong><\/span>:<\/p>\n<p>&nbsp;<\/p>\n<p><em>Por: Alexandre Figueir\u00f4a<\/em><br \/>\n<em>Fonte:\u00a0<span style=\"color: #000080;\"><strong><a style=\"color: #000080;\" href=\"https:\/\/revistaogrito.com\/\" target=\"_blank\" rel=\"noopener\">Revista O Grito<\/a><\/strong><\/span><\/em><\/p>\n","protected":false},"excerpt":{"rendered":"<p>A HQ foge do formato convencional de biografias em quadrinhos e investiga a rela\u00e7\u00e3o de Clarice com a cidade e<\/p>\n","protected":false},"author":2,"featured_media":18750,"comment_status":"open","ping_status":"closed","sticky":false,"template":"","format":"standard","meta":{"sfsi_plus_gutenberg_text_before_share":"","sfsi_plus_gutenberg_show_text_before_share":"","sfsi_plus_gutenberg_icon_type":"","sfsi_plus_gutenberg_icon_alignemt":"","sfsi_plus_gutenburg_max_per_row":"","footnotes":""},"categories":[5,1],"tags":[7151,3514,7153,7152,7154],"class_list":["post-18743","post","type-post","status-publish","format-standard","has-post-thumbnail","hentry","category-noticias","category-ultimas-noticias","tag-clarice-hoffmann","tag-clarice-lispector","tag-editora-de-pernambuco-cepe","tag-greg-vieira","tag-hq-pedra-dagua"],"_links":{"self":[{"href":"https:\/\/kriocomics.com.br\/site\/wp-json\/wp\/v2\/posts\/18743","targetHints":{"allow":["GET"]}}],"collection":[{"href":"https:\/\/kriocomics.com.br\/site\/wp-json\/wp\/v2\/posts"}],"about":[{"href":"https:\/\/kriocomics.com.br\/site\/wp-json\/wp\/v2\/types\/post"}],"author":[{"embeddable":true,"href":"https:\/\/kriocomics.com.br\/site\/wp-json\/wp\/v2\/users\/2"}],"replies":[{"embeddable":true,"href":"https:\/\/kriocomics.com.br\/site\/wp-json\/wp\/v2\/comments?post=18743"}],"version-history":[{"count":7,"href":"https:\/\/kriocomics.com.br\/site\/wp-json\/wp\/v2\/posts\/18743\/revisions"}],"predecessor-version":[{"id":18753,"href":"https:\/\/kriocomics.com.br\/site\/wp-json\/wp\/v2\/posts\/18743\/revisions\/18753"}],"wp:featuredmedia":[{"embeddable":true,"href":"https:\/\/kriocomics.com.br\/site\/wp-json\/wp\/v2\/media\/18750"}],"wp:attachment":[{"href":"https:\/\/kriocomics.com.br\/site\/wp-json\/wp\/v2\/media?parent=18743"}],"wp:term":[{"taxonomy":"category","embeddable":true,"href":"https:\/\/kriocomics.com.br\/site\/wp-json\/wp\/v2\/categories?post=18743"},{"taxonomy":"post_tag","embeddable":true,"href":"https:\/\/kriocomics.com.br\/site\/wp-json\/wp\/v2\/tags?post=18743"}],"curies":[{"name":"wp","href":"https:\/\/api.w.org\/{rel}","templated":true}]}}