{"id":18875,"date":"2023-07-17T00:39:16","date_gmt":"2023-07-17T03:39:16","guid":{"rendered":"https:\/\/kriocomics.com.br\/site\/?p=18875"},"modified":"2023-07-25T22:51:40","modified_gmt":"2023-07-26T01:51:40","slug":"cola-na-grade-e-ajude-a-perifacon-realizar-sua-3a-edicao","status":"publish","type":"post","link":"https:\/\/kriocomics.com.br\/site\/cola-na-grade-e-ajude-a-perifacon-realizar-sua-3a-edicao\/","title":{"rendered":"Cola na grade, e ajude a PerifaCon realizar sua 3\u00aa Edi\u00e7\u00e3o"},"content":{"rendered":"<p><iframe loading=\"lazy\" title=\"COLA NA GRADE E AJUDE A PERIFACON A REALIZA SUA TERCEIRA EDI\u00c7\u00c3O\" width=\"800\" height=\"450\" src=\"https:\/\/www.youtube.com\/embed\/Cyju5bSD9vY?feature=oembed\" frameborder=\"0\" allow=\"accelerometer; autoplay; clipboard-write; encrypted-media; gyroscope; picture-in-picture; web-share\" allowfullscreen><\/iframe><\/p>\n<p style=\"text-align: justify;\">Para que a terceira edi\u00e7\u00e3o da conven\u00e7\u00e3o nerd das favelas aconte\u00e7a com todas as atra\u00e7\u00f5es e atividades que o nosso p\u00fablico merece, lan\u00e7amos a campanha de financiamento cultural e coletivo. Cola na grade e fa\u00e7a a sua doa\u00e7\u00e3o no site do\u00a0<strong>Catarse<\/strong>\u00a0acessando o link:\u00a0<span style=\"color: #000080;\"><strong><a style=\"color: #000080;\" href=\"https:\/\/www.catarse.me\/perifacon_2023_3863\" target=\"_blank\" rel=\"noopener noreferrer\">https:\/\/www.catarse.me\/perifacon_2023_3863<\/a><\/strong><\/span><\/p>\n<p style=\"text-align: justify;\"><strong>*<\/strong>A retirada de ingressos j\u00e1 est\u00e1 dispon\u00edvel pelo link:\u00a0<span style=\"color: #000080;\"><strong><a style=\"color: #000080;\" href=\"https:\/\/ingressos.btix.app\/perifacon-2023\" target=\"_blank\" rel=\"noopener noreferrer\">https:\/\/ingressos.btix.app\/perifacon-2023<\/a><\/strong><\/span><\/p>\n<p style=\"text-align: justify;\">Programada para ser realizada em\u00a0<strong>30 de julho de 2023<\/strong>, com uma expectativa de p\u00fablico de\u00a0<strong>15 mil pessoas<\/strong>, a\u00a0<strong>PerifaCon 2023<\/strong>\u00a0est\u00e1 precisando da ajuda de todos para fazer mais esse sonho acontecer.<\/p>\n<p style=\"text-align: justify;\"><strong>A PerifaCon nasceu do desejo e da dificuldade de jovens nerds perif\u00e9ricos frequentarem eventos geek.<\/strong><\/p>\n<p style=\"text-align: justify;\">Em 2019, em uma reuni\u00e3o entre amigos, muito se compartilhava sobre a impossibilidade de frequentar feiras de quadrinhos e grandes conven\u00e7\u00f5es nerds. Os motivos eram: dificuldade no deslocamento pela cidade, ingressos caros e a sobreviv\u00eancia no pr\u00f3prio evento.<\/p>\n<p style=\"text-align: justify;\">Por que n\u00e3o criar a nossa pr\u00f3pria conven\u00e7\u00e3o nerd? Um evento com os seguintes prop\u00f3sitos:<\/p>\n<ul style=\"text-align: justify;\">\n<li>democratizar a cultura pop &amp; nerd<\/li>\n<li>acontecer em equipamentos p\u00fablicos na periferia<\/li>\n<li>totalmente de gra\u00e7a<\/li>\n<li>para um p\u00fablico diverso de oito a oitenta anos<\/li>\n<li>viabilizar o debate sobre economia criativa<\/li>\n<li>n\u00e3o contar somente com p\u00fablico perif\u00e9rico e sim com um p\u00fablico ampliado que entenda a import\u00e2ncia de atravessar a cidade.<\/li>\n<\/ul>\n<p style=\"text-align: justify;\"><span class=\"redactor-invisible-space\">E, assim, nasceu a\u00a0<strong>Primeira Conven\u00e7\u00e3o Nerd das Favelas<\/strong>.\u00a0<\/span><\/p>\n<p style=\"text-align: justify;\"><strong>Criando pontes e derrubando muros<\/strong>, a\u00a0<strong>PerifaCon<\/strong>\u00a0fez sua primeira edi\u00e7\u00e3o no\u00a0<strong>Cap\u00e3o Redondo<\/strong>\u00a0e contou com\u00a0<strong>quarenta mil pessoas<\/strong>, lotando o espa\u00e7o e abrindo um maior ainda. A oportunidade de o mercado conhecer uma periferia criativa e consumidora dessa ind\u00fastria.<\/p>\n<p style=\"text-align: justify;\">Em\u00a0<strong>2022<\/strong>, ap\u00f3s a pandemia, a\u00a0<strong>PerifaCon<\/strong>\u00a0volta e ocupa a\u00a0<strong>Brasil\u00e2ndia<\/strong>. Agora o p\u00fablico atinge\u00a0<strong>10 mil pessoas<\/strong>\u00a0e a programa\u00e7\u00e3o conta com parceiros e artistas importantes da ind\u00fastria, como:\u00a0<strong>Globoplay, Turma da M\u00f4nica, SPcine<\/strong>, entre outros.<\/p>\n<p style=\"text-align: justify;\">Chegamos a\u00a0<strong>2023<\/strong>\u00a0e planejamos fazer uma edi\u00e7\u00e3o especial e ocupar a\u00a0<strong>Cidade Tiradentes.<\/strong><\/p>\n<p style=\"text-align: justify;\"><strong>Sobre a Cidade Tiradentes:<\/strong><\/p>\n<ul style=\"text-align: justify;\">\n<li>abriga o maior complexo de conjuntos habitacionais da Am\u00e9rica Latina, com cerca de\u00a0<strong>quarenta mil unidades<\/strong>\u00a0e uma popula\u00e7\u00e3o de\u00a0<strong>211.501 mil habitantes<\/strong>\u00a0(censo 2010).<\/li>\n<li>Ou seja concentra\u00a0<strong>2% da popula\u00e7\u00e3o paulistana<\/strong><\/li>\n<li>A propor\u00e7\u00e3o de equipamentos culturais\/municipais na\u00a0<strong>Cidade Tiradentes<\/strong>\u00a0\u00e9 de\u00a0<strong>cinco equipamentos<\/strong>\u00a0para cada\u00a0<strong>cem mil pessoas<\/strong>\u00a0e, apesar disso, a CT tem uma produ\u00e7\u00e3o cultural fort\u00edssima fomentada por\u00a0<strong>coletivos de artistas, Ongs e pela pr\u00f3pria comunidade<\/strong>.<\/li>\n<li>E \u00e9 l\u00e1 que tem um centro cultural (<strong>Centro de Forma\u00e7\u00e3o Cultural da Cidade Tiradentes<\/strong>) com mais de\u00a0<strong>quarenta mil metros quadrados<\/strong>, o maior da cidade, que j\u00e1 recebe artistas e uma programa\u00e7\u00e3o cultural de alta qualidade, onde a\u00a0<strong>PerifaCon<\/strong>\u00a0resolveu aterrissar.<\/li>\n<\/ul>\n<p style=\"text-align: justify;\"><strong>Sobre a Programa\u00e7\u00e3o do evento:<\/strong><\/p>\n<ul style=\"text-align: justify;\">\n<li><strong>Beco dos Artistas com mais de oitenta artistas perif\u00e9ricos comercializando suas artes<\/strong><\/li>\n<li><strong>Game Perifa com mais de vinte desenvolvedores de jogos<\/strong><\/li>\n<li><strong>Lan\u00e7amentos e Novidades sobre filmes e s\u00e9ries com convidados especiais<\/strong><\/li>\n<li><strong>Comemora\u00e7\u00e3o de 100 anos da Warner<\/strong><\/li>\n<li><strong>Comemora\u00e7\u00e3o de sessenta anos da M\u00f4nica (Turma da M\u00f4nica)<\/strong><\/li>\n<li><strong>Concurso de Cosplay<\/strong><\/li>\n<li><strong>Mostra de curtas metragens<\/strong><\/li>\n<li><strong>Shows e bate-papos no palco principal<\/strong><\/li>\n<li><strong>Mais de trinta lojas e editoras expondo seus produtos a pre\u00e7os acess\u00edveis<\/strong><\/li>\n<li><strong>Exposi\u00e7\u00e3o de figurinos, bonecos e desenhos<\/strong><\/li>\n<li><strong>8 horas de sess\u00e3o de aut\u00f3grafos<\/strong><\/li>\n<\/ul>\n<p style=\"text-align: justify;\">Ser\u00e3o mais de cinquenta atividades, 150 participantes e 12 horas de conte\u00fado nerd na periferia<em>.<\/em><\/p>\n<p style=\"text-align: justify;\"><strong>Mas, para que isso aconte\u00e7a, precisamos de ajuda para realizar o evento.<\/strong><\/p>\n<p style=\"text-align: justify;\">Diante dos desafios na produ\u00e7\u00e3o cultural do pa\u00eds e com a dificuldade de conseguir patroc\u00ednios enfrentada este ano pela\u00a0<strong>PerifaCon<\/strong>, n\u00e3o conseguimos levantar o valor necess\u00e1rio para realiza\u00e7\u00e3o desta edi\u00e7\u00e3o e resolvemos lan\u00e7ar a campanha de financiamento cultural\u00a0<strong>#SOMOUNOCORRE<\/strong>.<\/p>\n<p style=\"text-align: justify;\"><strong>Por ano, a PerifaCon gera 250 empregos diretos e indiretos a jovens perif\u00e9ricos e movimenta mais de 1 milh\u00e3o de reais<\/strong>. A diminui\u00e7\u00e3o no formato do evento levar\u00e1 a consequ\u00eancias que ir\u00e3o refletir de imediato na perda de empregos diretos e indiretos, menos op\u00e7\u00f5es de programa\u00e7\u00f5es culturais e de entretenimento gratuitas e, ainda, deixar de apresentar a periferia criativa ao mundo.<\/p>\n<p style=\"text-align: justify;\"><strong>Realiza\u00e7\u00f5es PerifaCon desde sua funda\u00e7\u00e3o em 2019<\/strong><\/p>\n<ul>\n<li style=\"text-align: justify;\">PerifaCon j\u00e1 levou mais de\u00a0<strong>2000 pessoas para eventos nerds<\/strong><\/li>\n<li style=\"text-align: justify;\">PerifaCon j\u00e1 atendeu mais de\u00a0<strong>200 artistas perif\u00e9ricos<\/strong><\/li>\n<li style=\"text-align: justify;\">PerifaCon j\u00e1 teve um programa de conte\u00fado nerd nas redes da\u00a0<strong>Netflix<\/strong>\u00a0chamado\u00a0<em><strong>Na Boca do Povo<\/strong><\/em><\/li>\n<li style=\"text-align: justify;\">PerifaCon j\u00e1 assinou campanhas com a\u00a0<strong>Asics, Netflix, Warner<\/strong>, entre outras<\/li>\n<\/ul>\n<p>&nbsp;<\/p>\n<p><em>Da Reda\u00e7\u00e3o<\/em><\/p>\n","protected":false},"excerpt":{"rendered":"<p>Para que a terceira edi\u00e7\u00e3o da conven\u00e7\u00e3o nerd das favelas aconte\u00e7a com todas as atra\u00e7\u00f5es e atividades que o nosso<\/p>\n","protected":false},"author":2,"featured_media":18876,"comment_status":"open","ping_status":"closed","sticky":false,"template":"","format":"standard","meta":{"sfsi_plus_gutenberg_text_before_share":"","sfsi_plus_gutenberg_show_text_before_share":"","sfsi_plus_gutenberg_icon_type":"","sfsi_plus_gutenberg_icon_alignemt":"","sfsi_plus_gutenburg_max_per_row":"","footnotes":""},"categories":[5,1],"tags":[2595,7166],"class_list":["post-18875","post","type-post","status-publish","format-standard","has-post-thumbnail","hentry","category-noticias","category-ultimas-noticias","tag-perifacon","tag-perifacon-2023"],"_links":{"self":[{"href":"https:\/\/kriocomics.com.br\/site\/wp-json\/wp\/v2\/posts\/18875","targetHints":{"allow":["GET"]}}],"collection":[{"href":"https:\/\/kriocomics.com.br\/site\/wp-json\/wp\/v2\/posts"}],"about":[{"href":"https:\/\/kriocomics.com.br\/site\/wp-json\/wp\/v2\/types\/post"}],"author":[{"embeddable":true,"href":"https:\/\/kriocomics.com.br\/site\/wp-json\/wp\/v2\/users\/2"}],"replies":[{"embeddable":true,"href":"https:\/\/kriocomics.com.br\/site\/wp-json\/wp\/v2\/comments?post=18875"}],"version-history":[{"count":3,"href":"https:\/\/kriocomics.com.br\/site\/wp-json\/wp\/v2\/posts\/18875\/revisions"}],"predecessor-version":[{"id":18879,"href":"https:\/\/kriocomics.com.br\/site\/wp-json\/wp\/v2\/posts\/18875\/revisions\/18879"}],"wp:featuredmedia":[{"embeddable":true,"href":"https:\/\/kriocomics.com.br\/site\/wp-json\/wp\/v2\/media\/18876"}],"wp:attachment":[{"href":"https:\/\/kriocomics.com.br\/site\/wp-json\/wp\/v2\/media?parent=18875"}],"wp:term":[{"taxonomy":"category","embeddable":true,"href":"https:\/\/kriocomics.com.br\/site\/wp-json\/wp\/v2\/categories?post=18875"},{"taxonomy":"post_tag","embeddable":true,"href":"https:\/\/kriocomics.com.br\/site\/wp-json\/wp\/v2\/tags?post=18875"}],"curies":[{"name":"wp","href":"https:\/\/api.w.org\/{rel}","templated":true}]}}