{"id":18887,"date":"2023-07-17T02:58:52","date_gmt":"2023-07-17T05:58:52","guid":{"rendered":"https:\/\/kriocomics.com.br\/site\/?p=18887"},"modified":"2023-07-17T02:59:26","modified_gmt":"2023-07-17T05:59:26","slug":"perifacon-e-spcine-apresentam-mostra-de-curtas-perifericos-a-primeira-mostra-de-cinema-independente-da-perifacon","status":"publish","type":"post","link":"https:\/\/kriocomics.com.br\/site\/perifacon-e-spcine-apresentam-mostra-de-curtas-perifericos-a-primeira-mostra-de-cinema-independente-da-perifacon\/","title":{"rendered":"PerifaCon e Spcine apresentam: Mostra de Curtas Perif\u00e9ricos, a primeira mostra de cinema independente da PerifaCon"},"content":{"rendered":"<p><strong>PerifaCon<\/strong> a conven\u00e7\u00e3o nerd das favelas, e a <strong>Spcine<\/strong>, empresa de cinema e audiovisual de S\u00e3o Paulo, uma iniciativa da Prefeitura paulista com foco no desenvolvimento dos setores de cinema, TV, games e novas m\u00eddias, apresentar\u00e3o na <strong>PerifaCon<\/strong> <strong>2023<\/strong>, a <strong>Mostra de Curtas Perif\u00e9ricos<\/strong>.<\/p>\n<p>At\u00e9 20 de julho, cineastas com interesse em exibir filmes de curta-metragem (at\u00e9 15 minutos), dentro das sess\u00f5es que ocorrer\u00e3o no dia da <strong>Perifacon 2023<\/strong>, podem se inscrever pelo <span style=\"color: #000080;\"><strong><a style=\"color: #000080;\" href=\"http:\/\/link https:\/\/linktr.ee\/perifacon\" target=\"_blank\" rel=\"noopener\">link https:\/\/linktr.ee\/perifacon<\/a><\/strong><\/span> .<\/p>\n<p>A curadoria ser\u00e1 feita por representantes da <strong>Spcine<\/strong> e da <strong>Perifacon<\/strong>, e os filmes exibidos em 30 de julho, nas salas do <strong>Circuito Spcine<\/strong>.\u00a0O projeto ocupar\u00e1 cinco salas do <strong>Circuito Spcine,<\/strong> em diferentes lugares da cidade. Incr\u00edvel, n\u00e9?<\/p>\n<p>O melhor: voc\u00ea pode inscrever o seu curta-metragem, para as sess\u00f5es que ir\u00e3o acontecer dentro da <strong>PerifaCon<\/strong>. Bora?<\/p>\n<p>Acesse o link para se inscrever e saber mais informa\u00e7\u00f5es sobre o projeto.<\/p>\n<p>&nbsp;<\/p>\n<p><em>Da Reda\u00e7\u00e3o<\/em><\/p>\n","protected":false},"excerpt":{"rendered":"<p>PerifaCon a conven\u00e7\u00e3o nerd das favelas, e a Spcine, empresa de cinema e audiovisual de S\u00e3o Paulo, uma iniciativa da<\/p>\n","protected":false},"author":2,"featured_media":18888,"comment_status":"open","ping_status":"closed","sticky":false,"template":"","format":"standard","meta":{"sfsi_plus_gutenberg_text_before_share":"","sfsi_plus_gutenberg_show_text_before_share":"","sfsi_plus_gutenberg_icon_type":"","sfsi_plus_gutenberg_icon_alignemt":"","sfsi_plus_gutenburg_max_per_row":"","footnotes":""},"categories":[5],"tags":[7179,7178,2595,7177],"class_list":["post-18887","post","type-post","status-publish","format-standard","has-post-thumbnail","hentry","category-noticias","tag-circuito-spcine","tag-mostra-de-curtas-perifericos","tag-perifacon","tag-spcine"],"_links":{"self":[{"href":"https:\/\/kriocomics.com.br\/site\/wp-json\/wp\/v2\/posts\/18887","targetHints":{"allow":["GET"]}}],"collection":[{"href":"https:\/\/kriocomics.com.br\/site\/wp-json\/wp\/v2\/posts"}],"about":[{"href":"https:\/\/kriocomics.com.br\/site\/wp-json\/wp\/v2\/types\/post"}],"author":[{"embeddable":true,"href":"https:\/\/kriocomics.com.br\/site\/wp-json\/wp\/v2\/users\/2"}],"replies":[{"embeddable":true,"href":"https:\/\/kriocomics.com.br\/site\/wp-json\/wp\/v2\/comments?post=18887"}],"version-history":[{"count":2,"href":"https:\/\/kriocomics.com.br\/site\/wp-json\/wp\/v2\/posts\/18887\/revisions"}],"predecessor-version":[{"id":18890,"href":"https:\/\/kriocomics.com.br\/site\/wp-json\/wp\/v2\/posts\/18887\/revisions\/18890"}],"wp:featuredmedia":[{"embeddable":true,"href":"https:\/\/kriocomics.com.br\/site\/wp-json\/wp\/v2\/media\/18888"}],"wp:attachment":[{"href":"https:\/\/kriocomics.com.br\/site\/wp-json\/wp\/v2\/media?parent=18887"}],"wp:term":[{"taxonomy":"category","embeddable":true,"href":"https:\/\/kriocomics.com.br\/site\/wp-json\/wp\/v2\/categories?post=18887"},{"taxonomy":"post_tag","embeddable":true,"href":"https:\/\/kriocomics.com.br\/site\/wp-json\/wp\/v2\/tags?post=18887"}],"curies":[{"name":"wp","href":"https:\/\/api.w.org\/{rel}","templated":true}]}}