{"id":19069,"date":"2023-08-19T07:01:22","date_gmt":"2023-08-19T10:01:22","guid":{"rendered":"https:\/\/kriocomics.com.br\/site\/?p=19069"},"modified":"2023-08-19T07:05:23","modified_gmt":"2023-08-19T10:05:23","slug":"7a-edicao-da-bienal-de-quadrinhos-de-curitiba-acontece-entre-os-dias-7-e-10-de-setembro","status":"publish","type":"post","link":"https:\/\/kriocomics.com.br\/site\/7a-edicao-da-bienal-de-quadrinhos-de-curitiba-acontece-entre-os-dias-7-e-10-de-setembro\/","title":{"rendered":"7\u00aa edi\u00e7\u00e3o da Bienal de Quadrinhos de Curitiba acontece entre os dias 7 e 10 de setembro"},"content":{"rendered":"<div class=\"xdj266r x11i5rnm xat24cr x1mh8g0r x1vvkbs x126k92a\">\n<div dir=\"auto\">\n<div class=\"xdj266r x11i5rnm xat24cr x1mh8g0r x1vvkbs x126k92a\">\n<div dir=\"auto\" style=\"text-align: justify;\">A\u00a0 7\u00aa edi\u00e7\u00e3o da <strong>Bienal de Quadrinhos de Curitiba<\/strong> <strong>@bienaldequadrinhos<\/strong> de Curitiba, que volta a ser presencial e acontece de forma gratuita no <strong>Museu Municipal de Arte<\/strong> <strong>(MuMA)<\/strong> entre 7 e 10 de setembro, divulgou as artistas e os artistas convidados de sua programa\u00e7\u00e3o, que envolve palestras, oficinas, debates, exposi\u00e7\u00f5es, visitas guiadas, rodada de neg\u00f3cios, sess\u00f5es de aut\u00f3grafos, o duelo HQ, a tradicional feira de HQs e uma festa para reunir p\u00fablico e convidados em torno da chamada nona arte. <!--more--><\/div>\n<div dir=\"auto\" style=\"text-align: justify;\"><\/div>\n<\/div>\n<div class=\"x11i5rnm xat24cr x1mh8g0r x1vvkbs xtlvy1s x126k92a\" style=\"text-align: justify;\">\n<div dir=\"auto\">Para discutir e apresentar o tema <strong>\u201cResist\u00eancias, Exist\u00eancias: Quadrinhos e Corpos Plurais\u201d<\/strong>, estar\u00e3o presentes mais de 40 artistas, nacionais e internacionais, que contemplam uma abrang\u00eancia geogr\u00e1fica, e tamb\u00e9m tem\u00e1tica.<\/div>\n<div dir=\"auto\"><\/div>\n<\/div>\n<div class=\"x11i5rnm xat24cr x1mh8g0r x1vvkbs xtlvy1s x126k92a\" style=\"text-align: justify;\">\n<div dir=\"auto\">A homenageada da edi\u00e7\u00e3o, a letrista <strong>Lilian Mitsunaga<\/strong>, respons\u00e1vel pelo letreiramento das edi\u00e7\u00f5es brasileiras dos quadrinhos da Disney e criadora de fontes para edi\u00e7\u00f5es brasileiras de obras de Will Eisner e Craig Thompson, tamb\u00e9m estar\u00e1 presente. Entre os internacionais, est\u00e3o o jornalista sueco <strong>Fredrik Str\u00f6mberg<\/strong>; a quadrinista argentina <strong>Maria Luque<\/strong>; a francesa <strong>Coco Corine Ray<\/strong>; a ilustradora e cartunista sueca <strong>Joanna Rubin Dranger<\/strong>; a francesa <strong>Chantal Montellier<\/strong>, uma das principais artistas da nona arte francesa; e o quadrinista, jornalista e jazzista de Kosovo,<strong> Gani Jakupi<\/strong>.<\/div>\n<\/div>\n<div class=\"x11i5rnm xat24cr x1mh8g0r x1vvkbs xtlvy1s x126k92a\" style=\"text-align: justify;\">\n<div dir=\"auto\"><\/div>\n<\/div>\n<div class=\"x11i5rnm xat24cr x1mh8g0r x1vvkbs xtlvy1s x126k92a\" style=\"text-align: justify;\">\n<div dir=\"auto\">A edi\u00e7\u00e3o de 2023 da <strong>Bienal de Quadrinhos<\/strong> tem uma curadoria 100% feminina. <strong>Mitie Taketani<\/strong>, propriet\u00e1ria da Itiban Comic Shop; <strong>Maria Clara Carneiro<\/strong>, pesquisadora, tradutora de quadrinhos e professora do departamento de Letras Estrangeiras Modernas da UFSM; e <strong>Dandara Palankof<\/strong>, tradutora, editora no est\u00fadio de produ\u00e7\u00e3o editorial de super-her\u00f3is da Mythos Editora e coeditora da Revista Plaf, especializada em quadrinhos.<\/div>\n<div dir=\"auto\"><\/div>\n<\/div>\n<div class=\"x11i5rnm xat24cr x1mh8g0r x1vvkbs xtlvy1s x126k92a\" style=\"text-align: justify;\">\n<div dir=\"auto\">A programa\u00e7\u00e3o completa e a lista das artistas e dos artistas convidados podem ser conferidas no site oficial do evento em\u00a0<span style=\"color: #000080;\"><strong><a class=\"x1i10hfl xjbqb8w x6umtig x1b1mbwd xaqea5y xav7gou x9f619 x1ypdohk xt0psk2 xe8uvvx xdj266r x11i5rnm xat24cr x1mh8g0r xexx8yu x4uap5 x18d9i69 xkhd6sd x16tdsg8 x1hl2dhg xggy1nq x1a2a7pz xt0b8zv x1fey0fg\" style=\"color: #000080;\" tabindex=\"0\" role=\"link\" href=\"https:\/\/l.facebook.com\/l.php?u=http%3A%2F%2Fwww.bienaldequadrinhos.com.br%2F%3Ffbclid%3DIwAR0g-YaLioK4uPZi036eDyFn6cIro-3Lw82cVwIA0yFRZM762_XLMEB9PR0&amp;h=AT306UViD0xZgsdBDenZ0T_IPXB-ah8SUqjSy1U0K0FUP2V1wRLtkDc6TATOABa3kCYiWZf1QfRN_e4rC85NEvDdHT6dGWZlYOqpKN3uYeJDMWQbO6em5y8OXpxuLHmtKvWPRls4PRfQ7gm_hcmr&amp;__tn__=-UK-R&amp;c[0]=AT3l4SazAyYX0JsFhczzUubkqaWjHF2UF8s4uMCwohp1zEIsSTgkT3bc6yXf6Iyfu7-A2uMziK2y6Sb2ZOVCWQckTqg4TXrXxOCiRTBqDNJazO3pRr-Soqwf-QBx0XmqSrG9BgqhnVsXyIVWmOMB46iypIP1m-G15Xah4cadm1x09YSH3uDrCHgQs5aeGMKRz-03mBEv6YS0\" target=\"_blank\" rel=\"nofollow noopener noreferrer\">www.bienaldequadrinhos.com.br<\/a><\/strong><\/span><\/div>\n<div dir=\"auto\"><\/div>\n<\/div>\n<div class=\"x11i5rnm xat24cr x1mh8g0r x1vvkbs xtlvy1s x126k92a\">\n<div dir=\"auto\" style=\"text-align: justify;\">J\u00e1 coloca na agenda e se puder, vai l\u00e1 conferir um dos eventos de quadrinhos mais tradicionais do Brasil. O <strong>MuMA \u2013 Museu Municipal de Arte<\/strong> \u2013 Port\u00e3o Cultural \u2013 fica na Avenida Rep\u00fablica Argentina, 3430 \u2013 Curitiba (PR).<\/div>\n<\/div>\n<\/div>\n<\/div>\n<div dir=\"auto\"><\/div>\n<div dir=\"auto\"><\/div>\n<div dir=\"auto\"><\/div>\n<p><em>Por: Renato Lebeau<\/em><br \/>\n<em>Fonte:\u00a0<span style=\"color: #000080;\"><strong><a style=\"color: #000080;\" href=\"https:\/\/www.facebook.com\/ImpulsoHQ\/\" target=\"_blank\" rel=\"noopener\">Impulso HQ<\/a><\/strong><\/span><\/em><\/p>\n","protected":false},"excerpt":{"rendered":"<p>A\u00a0 7\u00aa edi\u00e7\u00e3o da Bienal de Quadrinhos de Curitiba @bienaldequadrinhos de Curitiba, que volta a ser presencial e acontece de<\/p>\n","protected":false},"author":2,"featured_media":19070,"comment_status":"open","ping_status":"closed","sticky":false,"template":"","format":"standard","meta":{"sfsi_plus_gutenberg_text_before_share":"","sfsi_plus_gutenberg_show_text_before_share":"","sfsi_plus_gutenberg_icon_type":"","sfsi_plus_gutenberg_icon_alignemt":"","sfsi_plus_gutenburg_max_per_row":"","footnotes":""},"categories":[15],"tags":[6591,7233,7231,7236,7229,7234,7232,7228,7235,7230,7002,7227,7226],"class_list":["post-19069","post","type-post","status-publish","format-standard","has-post-thumbnail","hentry","category-eventos","tag-bienal-de-quadrinhos-de-curitiba","tag-chantal-montellier","tag-coco-corine-ray","tag-dandara-palankof","tag-fredrik-stromberg","tag-gani-jakupi","tag-joanna-rubin-dranger","tag-lilian-mitsunaga","tag-maria-clara-carneiro","tag-maria-luque","tag-mitie-taketani","tag-muma","tag-museu-municipal-de-arte"],"_links":{"self":[{"href":"https:\/\/kriocomics.com.br\/site\/wp-json\/wp\/v2\/posts\/19069","targetHints":{"allow":["GET"]}}],"collection":[{"href":"https:\/\/kriocomics.com.br\/site\/wp-json\/wp\/v2\/posts"}],"about":[{"href":"https:\/\/kriocomics.com.br\/site\/wp-json\/wp\/v2\/types\/post"}],"author":[{"embeddable":true,"href":"https:\/\/kriocomics.com.br\/site\/wp-json\/wp\/v2\/users\/2"}],"replies":[{"embeddable":true,"href":"https:\/\/kriocomics.com.br\/site\/wp-json\/wp\/v2\/comments?post=19069"}],"version-history":[{"count":3,"href":"https:\/\/kriocomics.com.br\/site\/wp-json\/wp\/v2\/posts\/19069\/revisions"}],"predecessor-version":[{"id":19073,"href":"https:\/\/kriocomics.com.br\/site\/wp-json\/wp\/v2\/posts\/19069\/revisions\/19073"}],"wp:featuredmedia":[{"embeddable":true,"href":"https:\/\/kriocomics.com.br\/site\/wp-json\/wp\/v2\/media\/19070"}],"wp:attachment":[{"href":"https:\/\/kriocomics.com.br\/site\/wp-json\/wp\/v2\/media?parent=19069"}],"wp:term":[{"taxonomy":"category","embeddable":true,"href":"https:\/\/kriocomics.com.br\/site\/wp-json\/wp\/v2\/categories?post=19069"},{"taxonomy":"post_tag","embeddable":true,"href":"https:\/\/kriocomics.com.br\/site\/wp-json\/wp\/v2\/tags?post=19069"}],"curies":[{"name":"wp","href":"https:\/\/api.w.org\/{rel}","templated":true}]}}