{"id":19104,"date":"2023-09-09T00:59:11","date_gmt":"2023-09-09T03:59:11","guid":{"rendered":"https:\/\/kriocomics.com.br\/site\/?p=19104"},"modified":"2023-09-28T00:16:42","modified_gmt":"2023-09-28T03:16:42","slug":"artists-alley-quadrinistas-independentes-ganham-espaco-na-bienal-do-livro-40-anos","status":"publish","type":"post","link":"https:\/\/kriocomics.com.br\/site\/artists-alley-quadrinistas-independentes-ganham-espaco-na-bienal-do-livro-40-anos\/","title":{"rendered":"Artists Alley: Quadrinistas independentes ganham espa\u00e7o na Bienal do Livro 40 anos"},"content":{"rendered":"<section id=\"single-post\" class=\"menu-space-top\">\n<div class=\"container\">\n<div class=\"blog-content-wrapper\">\n<div class=\"blog-content richTextEditorJs\" style=\"box-sizing: border-box; border: 0px solid; --tw-border-spacing-x: 0; --tw-border-spacing-y: 0; --tw-translate-x: 0; --tw-translate-y: 0; --tw-rotate: 0; --tw-skew-x: 0; --tw-skew-y: 0; --tw-scale-x: 1; --tw-scale-y: 1; --tw-scroll-snap-strictness: proximity; --tw-ring-offset-width: 0px; --tw-ring-offset-color: #fff; --tw-ring-color: #3b82f680; --tw-ring-offset-shadow: 0 0 #0000; --tw-ring-shadow: 0 0 #0000; --tw-shadow: 0 0 #0000; --tw-shadow-colored: 0 0 #0000; text-rendering: optimizelegibility; -webkit-font-smoothing: antialiased; color: #36363b; width: 960.109px; max-width: 984px; margin-left: auto; padding-right: 4.5rem;\" data-conteudo=\"{&quot;time&quot;:1693952297725,&quot;blocks&quot;:[{&quot;type&quot;:&quot;paragraph&quot;,&quot;data&quot;:{&quot;text&quot;:&quot;Valorizando as hist\u00f3rias e as diferentes narrativas, independentemente da plataforma, mas sem perder de vista o livro como estrela para a forma\u00e7\u00e3o de uma na\u00e7\u00e3o leitora, a &lt;b&gt;21\u00aa Bienal do Livro Rio, maior festival de literatura, cultura e entretenimento do pa\u00eds \u2013 agora Patrim\u00f4nio Cultural&lt;\/b&gt;, abriu caminho em sua edi\u00e7\u00e3o comemorativa de 40 anos para o Artists Alley, um espa\u00e7o envolvente que celebra a fus\u00e3o entre literatura e arte, e permite a intera\u00e7\u00e3o por completo entre leitores e seus ilustradores e quadrinistas preferidos, desde seus processos criativos \u00e0 habilidade de cria\u00e7\u00e3o em primeira m\u00e3o.&amp;nbsp; Com cerca de 30 estandes de autores independentes, o Artists Alley tem agitado a rua Z do Pavilh\u00e3o Verde, onde est\u00e1 localizado.&amp;nbsp;&quot;}},{&quot;type&quot;:&quot;paragraph&quot;,&quot;data&quot;:{&quot;text&quot;:&quot;Pela primeira vez na Bienal do Livro Rio, como visitante e autor convidado, o cartunista ga\u00facho Rafael Fritzen, criador das tirinhas \u2018\u00c2ngulo de Vista\u2019, se surpreendeu com sua participa\u00e7\u00e3o no&amp;nbsp;Artists Alley j\u00e1 nos primeiros dias. &lt;i&gt;\u201cEu n\u00e3o esperava que fosse ter fila de gente para comprar meus livros, conversar, pegar um aut\u00f3grafo. \u00c9 muito legal viver essa experi\u00eancia!\u201d&lt;\/i&gt;, afirma.&amp;nbsp; Fritzen considera a intera\u00e7\u00e3o com os leitores a parte mais importante do espa\u00e7o, sem contar as vendas \u2013 que, segundo ele, est\u00e3o de vento em popa. &lt;i&gt;\u201cEu trouxe uns 500 livros e j\u00e1 foi praticamente metade em tr\u00eas dias. Est\u00e1 no n\u00edvel da CCXP, que \u00e9 o maior evento de quadrinhos do Brasil.\u201d&lt;\/i&gt;, garante ele \u2013 que nesta quarta-feira, 6 de setembro, vai participar da mesa \u201cPor tr\u00e1s do tra\u00e7o: bate-papo com artistas do mundo independente\u201d, no Esta\u00e7\u00e3o Plural, \u00e0s 14h.&quot;}},{&quot;type&quot;:&quot;paragraph&quot;,&quot;data&quot;:{&quot;text&quot;:&quot;Para o ilustrador Anderson Awyas participar de um evento da propor\u00e7\u00e3o da Bienal \u00e9 um f\u00f4lego para a cena carioca dos HQs que, segundo ele, tem tido poucas oportunidades. &amp;nbsp;\u201cEstar inserido num evento de tamanha visibilidade privilegia os artistas independentes, ideal para dar acesso a quem quer produzir e consumir coisas novas. Al\u00e9m disso, facilita a vida do p\u00fablico, que passa a encontrar os quadrinistas todos em um mesmo lugar. A experi\u00eancia tem sido intensa e incr\u00edvel\u201d, afirma.&amp;nbsp; F\u00e3s do trabalho de Gustavo Borges, autor de \u201cMorte Crens\u201d e \u201cCebolinha: Recupera\u00e7\u00e3o\u201d, as amigas Julia Maia e Juliana Sim\u00e3o tiveram a oportunidade de conhec\u00ea-lo no&amp;nbsp;Artists Alley.&quot;}},{&quot;type&quot;:&quot;paragraph&quot;,&quot;data&quot;:{&quot;text&quot;:&quot;Elas aprovaram a nova \u00e1rea da Bienal e j\u00e1 esperam que continue crescendo nas pr\u00f3ximas edi\u00e7\u00f5es.&amp;nbsp;\u201cEu achei a ideia muito legal, porque d\u00e1 oportunidade pros autores independentes, que n\u00e3o costumam ter muito espa\u00e7o\u201d, elogiou Juliana. \u201cE tamb\u00e9m pude conhecer o Gustavo. Ele me explicou um pouco do projeto dele, que \u2018Morte Crens\u2019 foi seu primeiro livro. \u00c9 uma troca que a gente s\u00f3 tem aqui\u201d, destaca. &amp;nbsp;&amp;nbsp;Al\u00e9m do&amp;nbsp;Artists Alley, alguns dos expoentes da nona arte est\u00e3o por todo lado na Bienal do Livro. A procura por quadrinhos est\u00e1 em alta. No Pavilh\u00e3o Verde, a Comix BookShop tem tido boa movimenta\u00e7\u00e3o desde os primeiros dias do evento.&amp;nbsp; Os mang\u00e1s s\u00e3o os mais procurados no estande, especialmente pelos leitores mais jovens. T\u00edtulos como \u201cOne Piece\u201d, \u201cDemon Slayer\u201d e \u201cJojo\u2019s Bizarre Adventure\u201d est\u00e3o na listados mais vendidos.&amp;nbsp;&quot;}},{&quot;type&quot;:&quot;paragraph&quot;,&quot;data&quot;:{&quot;text&quot;:&quot;No Pavilh\u00e3o Azul, a Companhia das Letras \u2013 que recentemente adquiriu a JBC (Japan Brazil Communication), editora refer\u00eancia em mang\u00e1s no mercado editorial brasileiro - tem percep\u00e7\u00e3o igual. A Panini, no mesmo pavilh\u00e3o, tamb\u00e9m registrou grande procura por mang\u00e1s como \u201cOne Piece\u201d, \u201cBlue Lock\u201d e\u201cChainsaw Man\u201d. Mas, apesar da febre dos quadrinhos japoneses, o p\u00f3dio das vendas na editora \u2014 ao menos nos primeiros quatro dias de festival \u2014 foi 100% da Turma da M\u00f4nica, que completa 60 anos em2023. O quadrinho mais vendido no estande da editora \u00e9 o \u201cCebolinha: 1973\u201d, uma edi\u00e7\u00e3o com as primeiras tirinhas do personagem de Mauricio de Sousa.&amp;nbsp;&quot;}},{&quot;type&quot;:&quot;paragraph&quot;,&quot;data&quot;:{&quot;text&quot;:&quot;A lista completa dos expositores est\u00e1 dispon\u00edvel no Instagram da Bienal:&amp;nbsp;&lt;a href=\\&quot;https:\/\/www.instagram.com\/p\/Cwvp-lsJP4F\/?img_index=1\\&quot; target=\\&quot;_blank\\&quot;&gt;https:\/\/www.instagram.com\/p\/Cwvp-lsJP4F\/?img_index=1&lt;\/a&gt;&amp;nbsp;&amp;nbsp;&quot;}},{&quot;type&quot;:&quot;paragraph&quot;,&quot;data&quot;:{&quot;text&quot;:&quot;&lt;b&gt;Programa\u00e7\u00e3o geek - &lt;\/b&gt;Com sess\u00f5es pensadas para explorar a transversalidade dos livros, a Bienal do Livro Rio ter\u00e1, nesta quarta-feira, 6 de setembro, um dia de programa\u00e7\u00e3o dedicado ao universo dos mang\u00e1s, \u00e0 jornada dos quadrinistas e aos artistas do mundo independente.&quot;}},{&quot;type&quot;:&quot;paragraph&quot;,&quot;data&quot;:{&quot;text&quot;:&quot;&lt;b&gt;Confira os destaques:&amp;nbsp;&lt;\/b&gt;&quot;}},{&quot;type&quot;:&quot;paragraph&quot;,&quot;data&quot;:{&quot;text&quot;:&quot;&lt;b&gt;12h \u2013 Esta\u00e7\u00e3o Plural - O NOVO MANG\u00c1: SUNNY SUNNY ANN!, DE MIKI YAMAMOTO&lt;\/b&gt;&amp;nbsp;com Leandro Gon, Daniela Mazur e Isabela Alc\u00e2ntara&amp;nbsp;&amp;nbsp;&amp;nbsp;&amp;nbsp;&amp;nbsp;&amp;nbsp; &amp;nbsp;&quot;}},{&quot;type&quot;:&quot;paragraph&quot;,&quot;data&quot;:{&quot;text&quot;:&quot;&lt;b&gt;13h \u2013 Esta\u00e7\u00e3o Plural - DESDOBRANDO CULTURAS: O IMPACTO DOS MANG\u00c1S NO BRASIL&lt;\/b&gt;&amp;nbsp;com Guto Barbosa, Tio Bruce, Tio San e Fred Animes&amp;nbsp;&quot;}},{&quot;type&quot;:&quot;paragraph&quot;,&quot;data&quot;:{&quot;text&quot;:&quot;&lt;b&gt;14h \u2013 Esta\u00e7\u00e3o Plural - POR TR\u00c1S DO TRA\u00c7O: BATE-PAPO COM ARTISTAS DO MUNDO INDEPENDENTE&lt;\/b&gt;&amp;nbsp;com Mariza Scheid, Carlos Ruas, Guilherme Infante e Rafael Fritzen&amp;nbsp;&quot;}},{&quot;type&quot;:&quot;paragraph&quot;,&quot;data&quot;:{&quot;text&quot;:&quot;&lt;b&gt;15h - Palavra-Chave - DO CONCEITO \u00c0 PUBLICA\u00c7\u00c3O: A JORNADA DOS QUADRINISTAS&lt;\/b&gt;&amp;nbsp;com Mariza Scheid, Felipe Cagno, Rapha Pinheiro e Sidney Gusman, jornalista especializado.&quot;}},{&quot;type&quot;:&quot;paragraph&quot;,&quot;data&quot;:{&quot;text&quot;:&quot;&lt;b&gt;15h - Palavra-Chave - ENALDINHO: A LENDA DA INTERNET&lt;\/b&gt; &quot;}},{&quot;type&quot;:&quot;paragraph&quot;,&quot;data&quot;:{&quot;text&quot;:&quot;&lt;b&gt;16h \u2013 Esta\u00e7\u00e3o Plural - MERGULHANDO NO UNIVERSO DOS BOARD GAMES: UM GUIA AL\u00c9M DOS CL\u00c1SSICOS &lt;\/b&gt;com&amp;nbsp;Rafael Studart, Jack Explicador, Thiago Queiroz e Yuri&amp;nbsp;&quot;}},{&quot;type&quot;:&quot;paragraph&quot;,&quot;data&quot;:{&quot;text&quot;:&quot;&lt;b&gt;16h -Infantil - MESA DO AUTOR - GUILHERME KARSTEN, ESCRITOR E ILUSTRADOR&amp;nbsp;&lt;\/b&gt;&quot;}},{&quot;type&quot;:&quot;paragraph&quot;,&quot;data&quot;:{&quot;text&quot;:&quot;&lt;b&gt;17h \u2013 Esta\u00e7\u00e3o Plural - DO LIVRO A LIVE: DESCOBRINDO LITERATURA NA ERA DOS STREAMERS&lt;\/b&gt;&amp;nbsp;com Olhaogab, Andrea Bistafa, Livre senhas e Victor Almeida&amp;nbsp;&quot;}},{&quot;type&quot;:&quot;paragraph&quot;,&quot;data&quot;:{&quot;text&quot;:&quot;&lt;b&gt;18h \u2013 Esta\u00e7\u00e3o Plural - CONEX\u00d5ES VIRTUAIS: COMO A COMUNIDADE GAMER UNE MUNDOS&lt;\/b&gt;&amp;nbsp;com Marychi, Coelho no Jap\u00e3o, Pedro Savino e Mariza Scheid&amp;nbsp;&amp;nbsp;&quot;}},{&quot;type&quot;:&quot;paragraph&quot;,&quot;data&quot;:{&quot;text&quot;:&quot;&lt;b&gt;Bienal do Livro Rio 40 anos&lt;\/b&gt;&amp;nbsp;&quot;}},{&quot;type&quot;:&quot;paragraph&quot;,&quot;data&quot;:{&quot;text&quot;:&quot;Presente na mem\u00f3ria afetiva de milhares de pessoas, a Bienal do Livro Rio completa 40 anos com uma edi\u00e7\u00e3o comemorativa que traz as mais relevantes discuss\u00f5es contempor\u00e2neas, acompanhando as mudan\u00e7as do mundo. Este ano, o maior festival de literatura, cultura e entretenimento vai oferecer ao p\u00fablico experi\u00eancias que v\u00e3o al\u00e9m do livro, em palcos in\u00e9ditos e com bastante intera\u00e7\u00e3o com o p\u00fablico, unido por uma paix\u00e3o em comum: contar e ouvir hist\u00f3rias. Realizada pela GL events Exhibitions e pelo Sindicato Nacional dos Editores de Livros (SNEL), a Bienal vai reunir, este ano, mais de 300 autores em 80 encontros com os leitores, com cerca de 300 editoras do pa\u00eds inteiro. Ser\u00e3o mais de 200 horas de programa\u00e7\u00e3o para toda a fam\u00edlia.&amp;nbsp;&quot;}}],&quot;version&quot;:&quot;2.18.0&quot;}\">\n<p class=\"paragraph\" style=\"text-align: justify;\">Valorizando as hist\u00f3rias e as diferentes narrativas, independentemente da plataforma, mas sem perder de vista o livro como estrela para a forma\u00e7\u00e3o de uma na\u00e7\u00e3o leitora, a\u00a0<b>21\u00aa Bienal do Livro Rio, maior festival de literatura, cultura e entretenimento do pa\u00eds \u2013 agora Patrim\u00f4nio Cultural<\/b>, abriu caminho em sua edi\u00e7\u00e3o comemorativa de 40 anos para o <strong>Artists Alley<\/strong>, um espa\u00e7o envolvente que celebra a fus\u00e3o entre literatura e arte, e permite a intera\u00e7\u00e3o por completo entre leitores e seus ilustradores e quadrinistas preferidos, desde seus processos criativos \u00e0 habilidade de cria\u00e7\u00e3o em primeira m\u00e3o.\u00a0 Com cerca de 30 estandes de autores independentes, o <strong>Artists Alley<\/strong> tem agitado a rua Z do Pavilh\u00e3o Verde, onde est\u00e1 localizado.<\/p>\n<p class=\"paragraph\" style=\"text-align: justify;\">Pela primeira vez na <strong>Bienal do Livro Rio<\/strong>, como visitante e autor convidado, o cartunista ga\u00facho <strong>Rafael Fritzen<\/strong>, criador das tirinhas <strong>\u2018\u00c2ngulo de Vista\u2019<\/strong>, se surpreendeu com sua participa\u00e7\u00e3o no\u00a0<strong>Artists Alley<\/strong> j\u00e1 nos primeiros dias.\u00a0<i>\u201cEu n\u00e3o esperava que fosse ter fila de gente para comprar meus livros, conversar, pegar um aut\u00f3grafo. \u00c9 muito legal viver essa experi\u00eancia!\u201d<\/i>, afirma.\u00a0 Fritzen considera a intera\u00e7\u00e3o com os leitores a parte mais importante do espa\u00e7o, sem contar as vendas \u2013 que, segundo ele, est\u00e3o de vento em popa.\u00a0<i>\u201cEu trouxe uns 500 livros e j\u00e1 foi praticamente metade em tr\u00eas dias. Est\u00e1 no n\u00edvel da CCXP, que \u00e9 o maior evento de quadrinhos do Brasil.\u201d<\/i>, garante ele.<\/p>\n<p class=\"paragraph\" style=\"text-align: justify;\">Para o ilustrador <strong>Anderson Awyas<\/strong> participar de um evento da propor\u00e7\u00e3o da Bienal \u00e9 um f\u00f4lego para a cena carioca dos HQs que, segundo ele, tem tido poucas oportunidades. \u00a0\u201cEstar inserido num evento de tamanha visibilidade privilegia os artistas independentes, ideal para dar acesso a quem quer produzir e consumir coisas novas. Al\u00e9m disso, facilita a vida do p\u00fablico, que passa a encontrar os quadrinistas todos em um mesmo lugar. A experi\u00eancia tem sido intensa e incr\u00edvel\u201d, afirma.\u00a0 F\u00e3s do trabalho de <strong>Gustavo Borges<\/strong>, autor de <strong>\u201cMorte Crens\u201d<\/strong> e <strong>\u201cCebolinha: Recupera\u00e7\u00e3o\u201d<\/strong>, as amigas Julia Maia e Juliana Sim\u00e3o tiveram a oportunidade de conhec\u00ea-lo no\u00a0<strong>Artists Alley<\/strong>.<\/p>\n<p class=\"paragraph\" style=\"text-align: justify;\">Elas aprovaram a nova \u00e1rea da Bienal e j\u00e1 esperam que continue crescendo nas pr\u00f3ximas edi\u00e7\u00f5es.\u00a0\u201cEu achei a ideia muito legal, porque d\u00e1 oportunidade pros autores independentes, que n\u00e3o costumam ter muito espa\u00e7o\u201d, elogiou Juliana. \u201cE tamb\u00e9m pude conhecer o Gustavo. Ele me explicou um pouco do projeto dele, que <strong>\u2018Morte Crens\u2019<\/strong> foi seu primeiro livro. \u00c9 uma troca que a gente s\u00f3 tem aqui\u201d, destaca. \u00a0\u00a0Al\u00e9m do\u00a0<strong>Artists Alley<\/strong>, alguns dos expoentes da nona arte est\u00e3o por todo lado na <strong>Bienal do Livro<\/strong>. A procura por quadrinhos est\u00e1 em alta. No <strong>Pavilh\u00e3o Verde<\/strong>, a <strong>Comix BookShop<\/strong> tem tido boa movimenta\u00e7\u00e3o desde os primeiros dias do evento.\u00a0 Os mang\u00e1s s\u00e3o os mais procurados no estande, especialmente pelos leitores mais jovens. T\u00edtulos como \u201cOne Piece\u201d, \u201cDemon Slayer\u201d e \u201cJojo\u2019s Bizarre Adventure\u201d est\u00e3o na listados mais vendidos.<\/p>\n<p class=\"paragraph\" style=\"text-align: justify;\">No <strong>Pavilh\u00e3o Azul<\/strong>, a <strong>Companhia das Letras<\/strong> \u2013 que recentemente adquiriu a <strong>JBC<\/strong> (Japan Brazil Communication), editora refer\u00eancia em mang\u00e1s no mercado editorial brasileiro &#8211; tem percep\u00e7\u00e3o igual. A <strong>Panini<\/strong>, no mesmo pavilh\u00e3o, tamb\u00e9m registrou grande procura por mang\u00e1s como \u201cOne Piece\u201d, \u201cBlue Lock\u201d e\u201cChainsaw Man\u201d. Mas, apesar da febre dos quadrinhos japoneses, o p\u00f3dio das vendas na editora \u2014 ao menos nos primeiros quatro dias de festival \u2014 foi 100% da <strong>Turma da M\u00f4nica<\/strong>, que completa 60 anos em 2023. O quadrinho mais vendido no estande da editora \u00e9 o <strong>\u201cCebolinha: 1973\u201d<\/strong>, uma edi\u00e7\u00e3o com as primeiras tirinhas do personagem de <strong>Mauricio de Sousa<\/strong>.<\/p>\n<p class=\"paragraph\" style=\"text-align: justify;\">A lista completa dos expositores est\u00e1 dispon\u00edvel no Instagram da Bienal:\u00a0<strong><span style=\"color: #000080;\"><a style=\"color: #000080;\" href=\"https:\/\/www.instagram.com\/p\/Cwvp-lsJP4F\/?img_index=1\" target=\"_blank\" rel=\"noopener\">https:\/\/www.instagram.com\/p\/Cwvp-lsJP4F\/?img_index=1<\/a><\/span><\/strong><\/p>\n<p class=\"paragraph\" style=\"text-align: justify;\"><b>Bienal do Livro Rio 40 anos<\/b><\/p>\n<p class=\"paragraph\" style=\"text-align: justify;\">Presente na mem\u00f3ria afetiva de milhares de pessoas, a <strong>Bienal do Livro Rio<\/strong> completa 40 anos com uma edi\u00e7\u00e3o comemorativa que traz as mais relevantes discuss\u00f5es contempor\u00e2neas, acompanhando as mudan\u00e7as do mundo. Este ano, o maior festival de literatura, cultura e entretenimento vai oferecer ao p\u00fablico experi\u00eancias que v\u00e3o al\u00e9m do livro, em palcos in\u00e9ditos e com bastante intera\u00e7\u00e3o com o p\u00fablico, unido por uma paix\u00e3o em comum: contar e ouvir hist\u00f3rias. Realizada pela GL events Exhibitions e pelo Sindicato Nacional dos Editores de Livros (SNEL), a Bienal vai reunir, este ano, mais de 300 autores em 80 encontros com os leitores, com cerca de 300 editoras do pa\u00eds inteiro. Ser\u00e3o mais de 200 horas de programa\u00e7\u00e3o para toda a fam\u00edlia.<\/p>\n<\/div>\n<\/div>\n<\/div>\n<\/section>\n<p>&nbsp;<\/p>\n<p><em>Da Reda\u00e7\u00e3o<\/em><\/p>\n","protected":false},"excerpt":{"rendered":"<p>Valorizando as hist\u00f3rias e as diferentes narrativas, independentemente da plataforma, mas sem perder de vista o livro como estrela para<\/p>\n","protected":false},"author":2,"featured_media":19105,"comment_status":"open","ping_status":"closed","sticky":false,"template":"","format":"standard","meta":{"sfsi_plus_gutenberg_text_before_share":"","sfsi_plus_gutenberg_show_text_before_share":"","sfsi_plus_gutenberg_icon_type":"","sfsi_plus_gutenberg_icon_alignemt":"","sfsi_plus_gutenburg_max_per_row":"","footnotes":""},"categories":[5,1],"tags":[7249,7252,7251,3332,7248,7255,7253,7254,7250],"class_list":["post-19104","post","type-post","status-publish","format-standard","has-post-thumbnail","hentry","category-noticias","category-ultimas-noticias","tag-21a-bienal-do-livro-rio-de-janeiro","tag-anderson-awyas","tag-angulo-de-vista","tag-artists-alley","tag-bienal-do-livro-do-rio-de-janeiro","tag-cebolinha-recuperacao","tag-gustavo-borges","tag-morte-crens","tag-rafael-fritzen"],"_links":{"self":[{"href":"https:\/\/kriocomics.com.br\/site\/wp-json\/wp\/v2\/posts\/19104","targetHints":{"allow":["GET"]}}],"collection":[{"href":"https:\/\/kriocomics.com.br\/site\/wp-json\/wp\/v2\/posts"}],"about":[{"href":"https:\/\/kriocomics.com.br\/site\/wp-json\/wp\/v2\/types\/post"}],"author":[{"embeddable":true,"href":"https:\/\/kriocomics.com.br\/site\/wp-json\/wp\/v2\/users\/2"}],"replies":[{"embeddable":true,"href":"https:\/\/kriocomics.com.br\/site\/wp-json\/wp\/v2\/comments?post=19104"}],"version-history":[{"count":2,"href":"https:\/\/kriocomics.com.br\/site\/wp-json\/wp\/v2\/posts\/19104\/revisions"}],"predecessor-version":[{"id":19107,"href":"https:\/\/kriocomics.com.br\/site\/wp-json\/wp\/v2\/posts\/19104\/revisions\/19107"}],"wp:featuredmedia":[{"embeddable":true,"href":"https:\/\/kriocomics.com.br\/site\/wp-json\/wp\/v2\/media\/19105"}],"wp:attachment":[{"href":"https:\/\/kriocomics.com.br\/site\/wp-json\/wp\/v2\/media?parent=19104"}],"wp:term":[{"taxonomy":"category","embeddable":true,"href":"https:\/\/kriocomics.com.br\/site\/wp-json\/wp\/v2\/categories?post=19104"},{"taxonomy":"post_tag","embeddable":true,"href":"https:\/\/kriocomics.com.br\/site\/wp-json\/wp\/v2\/tags?post=19104"}],"curies":[{"name":"wp","href":"https:\/\/api.w.org\/{rel}","templated":true}]}}