{"id":19166,"date":"2023-09-20T02:08:52","date_gmt":"2023-09-20T05:08:52","guid":{"rendered":"https:\/\/kriocomics.com.br\/site\/?p=19166"},"modified":"2023-10-11T21:37:08","modified_gmt":"2023-10-12T00:37:08","slug":"serie-tracos-pernambucanos-no-youtube-conta-historia-dos-quadrinhos-pernambucanos","status":"publish","type":"post","link":"https:\/\/kriocomics.com.br\/site\/serie-tracos-pernambucanos-no-youtube-conta-historia-dos-quadrinhos-pernambucanos\/","title":{"rendered":"S\u00e9rie Tra\u00e7os Pernambucanos, no YouTube, conta hist\u00f3ria dos quadrinhos pernambucanos"},"content":{"rendered":"<p style=\"text-align: center;\"><em>O document\u00e1rio foi lan\u00e7ado originalmente em 2014 e apresenta nomes pioneiros da HQ no Estado, al\u00e9m da gera\u00e7\u00e3o da Ragu<\/em><\/p>\n<p style=\"text-align: justify;\">A s\u00e9rie\u00a0<strong>Tra\u00e7os Pernambucanos<\/strong>, que faz um retrato do quadrinho pernambucano, chega finalmente ao YouTube. A s\u00e9rie em document\u00e1rio, em tr\u00eas partes, tem dire\u00e7\u00e3o de<strong>\u00a0Rafael Coelho<\/strong>\u00a0e\u00a0<strong>Danielle Romani\u00a0<\/strong>e apresenta o trabalho de chargistas, quadrinistas e cartunistas do Estado.<\/p>\n<p style=\"text-align: justify;\">O document\u00e1rio foi lan\u00e7ado originalmente em 2014, mas s\u00f3 agora fica dispon\u00edvel para exibi\u00e7\u00e3o no YouTube. O doc \u00e9 dividido em tr\u00eas epis\u00f3dios: os pioneiros que enfrentaram a ditadura com seus tra\u00e7os, os que se aventuraram pela grande ind\u00fastria dos quadrinhos, como o internacionalmente conhecido Watson Portela e a gera\u00e7\u00e3o de quadrinistas do in\u00edcio dos anos 2010, como Jo\u00e3o Lin, Greg, Silvino e Flav\u00e3o.<\/p>\n<p style=\"text-align: justify;\">O doc re\u00fane dezenas de depoimentos e registros, um dos maiores registros audiovisuais feitos sobre o quadrinho pernambucano. \u201cContinua sendo um material importante para quem quer conhecer e pesquisar sobre a \u00e1rea. Re\u00fane nomes e um acervo fundamental para as artes gr\u00e1ficas do Estado\u201d, diz Danielle Romani, que assina o roteiro e a dire\u00e7\u00e3o do doc, ao lado de\u00a0Rafael\u00a0Coelho.<\/p>\n<p>&nbsp;<\/p>\n<p><iframe loading=\"lazy\" title=\"TRA\u00c7OS PERNAMBUCANOS_EPIS\u00d3DIO 1\" width=\"800\" height=\"450\" src=\"https:\/\/www.youtube.com\/embed\/3gK3jMhsrKs?feature=oembed\" frameborder=\"0\" allow=\"accelerometer; autoplay; clipboard-write; encrypted-media; gyroscope; picture-in-picture; web-share\" allowfullscreen><\/iframe><\/p>\n<p><iframe loading=\"lazy\" title=\"TRA\u00c7OS PERNAMBUCANOS_EPIS\u00d3DIO 2\" width=\"800\" height=\"450\" src=\"https:\/\/www.youtube.com\/embed\/W5xttOkTO10?feature=oembed\" frameborder=\"0\" allow=\"accelerometer; autoplay; clipboard-write; encrypted-media; gyroscope; picture-in-picture; web-share\" allowfullscreen><\/iframe><\/p>\n<p><iframe loading=\"lazy\" title=\"TRA\u00c7OS PERNAMBUCANOS_EPIS\u00d3DIO 3\" width=\"800\" height=\"450\" src=\"https:\/\/www.youtube.com\/embed\/cTn_1UUiHjU?feature=oembed\" frameborder=\"0\" allow=\"accelerometer; autoplay; clipboard-write; encrypted-media; gyroscope; picture-in-picture; web-share\" allowfullscreen><\/iframe><\/p>\n<p>&nbsp;<\/p>\n<p><em>Por: Paulo Floro<\/em><br \/>\n<em>Fonte:\u00a0<span style=\"color: #000080;\"><strong><a style=\"color: #000080;\" href=\"https:\/\/revistaogrito.com\/\" target=\"_blank\" rel=\"noopener\">Revista O Grito<\/a><\/strong><\/span><\/em><\/p>\n","protected":false},"excerpt":{"rendered":"<p>O document\u00e1rio foi lan\u00e7ado originalmente em 2014 e apresenta nomes pioneiros da HQ no Estado, al\u00e9m da gera\u00e7\u00e3o da Ragu<\/p>\n","protected":false},"author":2,"featured_media":19169,"comment_status":"open","ping_status":"closed","sticky":false,"template":"","format":"standard","meta":{"sfsi_plus_gutenberg_text_before_share":"","sfsi_plus_gutenberg_show_text_before_share":"","sfsi_plus_gutenberg_icon_type":"","sfsi_plus_gutenberg_icon_alignemt":"","sfsi_plus_gutenburg_max_per_row":"","footnotes":""},"categories":[5,1],"tags":[7265,7268,7266,7001,7264,7263,7267],"class_list":["post-19166","post","type-post","status-publish","format-standard","has-post-thumbnail","hentry","category-noticias","category-ultimas-noticias","tag-danielle-romani","tag-flavao","tag-greg","tag-joao-lin","tag-rafael-coelho","tag-serie-tracos-pernambucanos","tag-silvino"],"_links":{"self":[{"href":"https:\/\/kriocomics.com.br\/site\/wp-json\/wp\/v2\/posts\/19166","targetHints":{"allow":["GET"]}}],"collection":[{"href":"https:\/\/kriocomics.com.br\/site\/wp-json\/wp\/v2\/posts"}],"about":[{"href":"https:\/\/kriocomics.com.br\/site\/wp-json\/wp\/v2\/types\/post"}],"author":[{"embeddable":true,"href":"https:\/\/kriocomics.com.br\/site\/wp-json\/wp\/v2\/users\/2"}],"replies":[{"embeddable":true,"href":"https:\/\/kriocomics.com.br\/site\/wp-json\/wp\/v2\/comments?post=19166"}],"version-history":[{"count":2,"href":"https:\/\/kriocomics.com.br\/site\/wp-json\/wp\/v2\/posts\/19166\/revisions"}],"predecessor-version":[{"id":19168,"href":"https:\/\/kriocomics.com.br\/site\/wp-json\/wp\/v2\/posts\/19166\/revisions\/19168"}],"wp:featuredmedia":[{"embeddable":true,"href":"https:\/\/kriocomics.com.br\/site\/wp-json\/wp\/v2\/media\/19169"}],"wp:attachment":[{"href":"https:\/\/kriocomics.com.br\/site\/wp-json\/wp\/v2\/media?parent=19166"}],"wp:term":[{"taxonomy":"category","embeddable":true,"href":"https:\/\/kriocomics.com.br\/site\/wp-json\/wp\/v2\/categories?post=19166"},{"taxonomy":"post_tag","embeddable":true,"href":"https:\/\/kriocomics.com.br\/site\/wp-json\/wp\/v2\/tags?post=19166"}],"curies":[{"name":"wp","href":"https:\/\/api.w.org\/{rel}","templated":true}]}}