{"id":19467,"date":"2023-12-12T02:33:06","date_gmt":"2023-12-12T05:33:06","guid":{"rendered":"https:\/\/kriocomics.com.br\/site\/?p=19467"},"modified":"2024-01-19T21:59:27","modified_gmt":"2024-01-20T00:59:27","slug":"editora-krio-comics-leva-seus-quadrinhos-para-a-feira-de-natal-da-radio-e-tv-cultura","status":"publish","type":"post","link":"https:\/\/kriocomics.com.br\/site\/editora-krio-comics-leva-seus-quadrinhos-para-a-feira-de-natal-da-radio-e-tv-cultura\/","title":{"rendered":"Editora Kri\u00f4 Comics leva seus quadrinhos para a Feira de Natal da R\u00e1dio e TV Cultura"},"content":{"rendered":"<div class=\"xdj266r x11i5rnm xat24cr x1mh8g0r x1vvkbs x126k92a\">\n<div dir=\"auto\" style=\"text-align: justify;\">A <strong>Editora Kri\u00f4 Comics<\/strong>, teve o imenso prazer e satisfa\u00e7\u00e3o, de apresentar seus quadrinhos para os funcion\u00e1rios da <strong>R\u00e1dio e TV Cultura<\/strong>.<\/div>\n<\/div>\n<div dir=\"auto\"><\/div>\n<div dir=\"auto\"><span style=\"text-align: justify;\">Revistas em quadrinhos estimulam a leitura. Quadrinho \u00e9 arte. Quadrinho \u00e9 cultura. E tamb\u00e9m, um \u00f3timo presente!<\/span><\/div>\n<div dir=\"auto\" style=\"text-align: justify;\"><\/div>\n<div dir=\"auto\"><img loading=\"lazy\" decoding=\"async\" class=\"size-full wp-image-19470 aligncenter\" src=\"https:\/\/kriocomics.com.br\/site\/wp-content\/uploads\/2023\/12\/editora-krio-comics.jpg\" alt=\"\" width=\"375\" height=\"500\" srcset=\"https:\/\/kriocomics.com.br\/site\/wp-content\/uploads\/2023\/12\/editora-krio-comics.jpg 375w, https:\/\/kriocomics.com.br\/site\/wp-content\/uploads\/2023\/12\/editora-krio-comics-225x300.jpg 225w\" sizes=\"auto, (max-width: 375px) 100vw, 375px\" \/><\/div>\n<div dir=\"auto\"><\/div>\n<div class=\"x11i5rnm xat24cr x1mh8g0r x1vvkbs xtlvy1s x126k92a\">\n<div dir=\"auto\" style=\"text-align: justify;\">Durante a participa\u00e7\u00e3o da <strong>Kri\u00f4 Comics<\/strong>, a <strong>Celeste<\/strong>, personagem do programa infantil <strong>Castelo R\u00e1 Tim Bum<\/strong>, foi at\u00e9 a mesa da Editora para fazer uma visita, e conhecer seus quadrinhos.<\/div>\n<\/div>\n<div dir=\"auto\"><\/div>\n<div dir=\"auto\"><\/div>\n<div dir=\"auto\"><\/div>\n<div dir=\"auto\"><em>Da Reda\u00e7\u00e3o<\/em><\/div>\n","protected":false},"excerpt":{"rendered":"<p>A Editora Kri\u00f4 Comics, teve o imenso prazer e satisfa\u00e7\u00e3o, de apresentar seus quadrinhos para os funcion\u00e1rios da R\u00e1dio e<\/p>\n","protected":false},"author":2,"featured_media":19468,"comment_status":"open","ping_status":"closed","sticky":false,"template":"","format":"standard","meta":{"sfsi_plus_gutenberg_text_before_share":"","sfsi_plus_gutenberg_show_text_before_share":"","sfsi_plus_gutenberg_icon_type":"","sfsi_plus_gutenberg_icon_alignemt":"","sfsi_plus_gutenburg_max_per_row":"","footnotes":""},"categories":[5,6820,1],"tags":[6602,7328],"class_list":["post-19467","post","type-post","status-publish","format-standard","has-post-thumbnail","hentry","category-noticias","category-novidades-da-krio","category-ultimas-noticias","tag-editora-krio-comics","tag-radio-e-tv-cultura"],"_links":{"self":[{"href":"https:\/\/kriocomics.com.br\/site\/wp-json\/wp\/v2\/posts\/19467","targetHints":{"allow":["GET"]}}],"collection":[{"href":"https:\/\/kriocomics.com.br\/site\/wp-json\/wp\/v2\/posts"}],"about":[{"href":"https:\/\/kriocomics.com.br\/site\/wp-json\/wp\/v2\/types\/post"}],"author":[{"embeddable":true,"href":"https:\/\/kriocomics.com.br\/site\/wp-json\/wp\/v2\/users\/2"}],"replies":[{"embeddable":true,"href":"https:\/\/kriocomics.com.br\/site\/wp-json\/wp\/v2\/comments?post=19467"}],"version-history":[{"count":3,"href":"https:\/\/kriocomics.com.br\/site\/wp-json\/wp\/v2\/posts\/19467\/revisions"}],"predecessor-version":[{"id":19477,"href":"https:\/\/kriocomics.com.br\/site\/wp-json\/wp\/v2\/posts\/19467\/revisions\/19477"}],"wp:featuredmedia":[{"embeddable":true,"href":"https:\/\/kriocomics.com.br\/site\/wp-json\/wp\/v2\/media\/19468"}],"wp:attachment":[{"href":"https:\/\/kriocomics.com.br\/site\/wp-json\/wp\/v2\/media?parent=19467"}],"wp:term":[{"taxonomy":"category","embeddable":true,"href":"https:\/\/kriocomics.com.br\/site\/wp-json\/wp\/v2\/categories?post=19467"},{"taxonomy":"post_tag","embeddable":true,"href":"https:\/\/kriocomics.com.br\/site\/wp-json\/wp\/v2\/tags?post=19467"}],"curies":[{"name":"wp","href":"https:\/\/api.w.org\/{rel}","templated":true}]}}