{"id":19680,"date":"2024-03-17T01:06:00","date_gmt":"2024-03-17T04:06:00","guid":{"rendered":"https:\/\/kriocomics.com.br\/site\/?p=19680"},"modified":"2024-03-27T23:03:36","modified_gmt":"2024-03-28T02:03:36","slug":"inscricoes-para-a-8as-jornadas-internacionais-de-historias-em-quadrinhos-terminam-dia-24-de-marco","status":"publish","type":"post","link":"https:\/\/kriocomics.com.br\/site\/inscricoes-para-a-8as-jornadas-internacionais-de-historias-em-quadrinhos-terminam-dia-24-de-marco\/","title":{"rendered":"Inscri\u00e7\u00f5es para a 8\u00aas Jornadas Internacionais de Hist\u00f3rias em Quadrinhos terminam dia 24 de mar\u00e7o"},"content":{"rendered":"<p style=\"text-align: center;\"><em>As <strong>8\u00aas Jornadas Internacionais de Hist\u00f3rias em Quadrinhos<\/strong>, que ocorrer\u00e3o na <strong>Escola de Comunica\u00e7\u00f5es e Artes da Universidade de S\u00e3o Paulo<\/strong>, em S\u00e3o Paulo &#8211; Brasil, de 20 a 23 de agosto de 2024<\/em><\/p>\n<p><strong>As normas para participa\u00e7\u00e3o e o modelo do resumo expandido podem ser encontrados no<\/strong>\u00a0<span style=\"color: #000080;\"><a style=\"color: #000080;\" href=\"https:\/\/www.jornadasinternacionais.com.br\/conteudo\/view?ID_CONTEUDO=631\" target=\"_blank\" rel=\"noopener\"><strong>EDITAL<\/strong><\/a><\/span><\/p>\n<div style=\"text-align: justify;\">\n<div class=\"flex flex-grow flex-col max-w-full\">\n<div class=\"min-h-[20px] text-message flex flex-col items-start gap-3 whitespace-pre-wrap break-words [.text-message+&amp;]:mt-5 overflow-x-auto\" data-message-author-role=\"assistant\" data-message-id=\"1aaed84d-727e-4bff-9cdd-c9a5236e023d\">\n<div class=\"markdown prose w-full break-words dark:prose-invert light\">\n<p>As <strong>Jornadas Internacionais de Hist\u00f3rias em Quadrinhos<\/strong> s\u00e3o o congresso acad\u00eamico mais importante sobre quadrinhos no Brasil, reunindo de duzentos a trezentos pesquisadores e estudantes de todo o Brasil e pa\u00edses sul-americanos em eventos passados.<\/p>\n<p>O Professor John Lent, o acad\u00eamico brit\u00e2nico Paul Gravett, Dr. Randy Duncan, Dr. Nick Sousanis, Dr. Barbara Postema, Dr. Carol Tilley e a Vice-C\u00f4nsul do Jap\u00e3o Akiko Kikuchi foram nossos palestrantes principais em 2013, 2015, 2017, 2018, 2019 e 2023, respectivamente. Trina Robbins, Dr. Daniele Barbieri, Dr. Jes\u00fas Jimenez Varea, Dr. Manuel Barrero, Dr. Laura V\u00e1zquez e Juan Saturain (Argentina), Dr. Jos\u00e9 Campoh (Col\u00f4mbia), Dr. Jorge Montealegre (Chile) e Maria Victoria Saibene (Uruguai) j\u00e1 estiveram conosco.<\/p>\n<p>As inscri\u00e7\u00f5es de resumos ocorrem entre 19 de fevereiro e 24 de mar\u00e7o de 2024. O congresso tem como proposta servir de ponto focal para as pesquisas sobre quadrinhos produzidas no pa\u00eds e no exterior. Al\u00e9m de dar visibilidade a tais estudos, o encontro acad\u00eamico contribui para promover interc\u00e2mbio de conhecimento entre os temas abordados e seus autores. Os resumos expandidos podem ser inscritos apenas na modalidade presencial.<\/p>\n<p><em>Da Reda\u00e7\u00e3o<\/em><\/p>\n<\/div>\n<\/div>\n<\/div>\n<\/div>\n<div><\/div>\n","protected":false},"excerpt":{"rendered":"<p>As 8\u00aas Jornadas Internacionais de Hist\u00f3rias em Quadrinhos, que ocorrer\u00e3o na Escola de Comunica\u00e7\u00f5es e Artes da Universidade de S\u00e3o<\/p>\n","protected":false},"author":2,"featured_media":19681,"comment_status":"open","ping_status":"closed","sticky":false,"template":"","format":"standard","meta":{"sfsi_plus_gutenberg_text_before_share":"","sfsi_plus_gutenberg_show_text_before_share":"","sfsi_plus_gutenberg_icon_type":"","sfsi_plus_gutenberg_icon_alignemt":"","sfsi_plus_gutenburg_max_per_row":"","footnotes":""},"categories":[5,1],"tags":[7400,7401],"class_list":["post-19680","post","type-post","status-publish","format-standard","has-post-thumbnail","hentry","category-noticias","category-ultimas-noticias","tag-8as-jornadas-internacionais-de-historias-em-quadrinhos","tag-escola-de-comunicacoes-e-artes-da-universidade-de-sao-paulo"],"_links":{"self":[{"href":"https:\/\/kriocomics.com.br\/site\/wp-json\/wp\/v2\/posts\/19680","targetHints":{"allow":["GET"]}}],"collection":[{"href":"https:\/\/kriocomics.com.br\/site\/wp-json\/wp\/v2\/posts"}],"about":[{"href":"https:\/\/kriocomics.com.br\/site\/wp-json\/wp\/v2\/types\/post"}],"author":[{"embeddable":true,"href":"https:\/\/kriocomics.com.br\/site\/wp-json\/wp\/v2\/users\/2"}],"replies":[{"embeddable":true,"href":"https:\/\/kriocomics.com.br\/site\/wp-json\/wp\/v2\/comments?post=19680"}],"version-history":[{"count":2,"href":"https:\/\/kriocomics.com.br\/site\/wp-json\/wp\/v2\/posts\/19680\/revisions"}],"predecessor-version":[{"id":19683,"href":"https:\/\/kriocomics.com.br\/site\/wp-json\/wp\/v2\/posts\/19680\/revisions\/19683"}],"wp:featuredmedia":[{"embeddable":true,"href":"https:\/\/kriocomics.com.br\/site\/wp-json\/wp\/v2\/media\/19681"}],"wp:attachment":[{"href":"https:\/\/kriocomics.com.br\/site\/wp-json\/wp\/v2\/media?parent=19680"}],"wp:term":[{"taxonomy":"category","embeddable":true,"href":"https:\/\/kriocomics.com.br\/site\/wp-json\/wp\/v2\/categories?post=19680"},{"taxonomy":"post_tag","embeddable":true,"href":"https:\/\/kriocomics.com.br\/site\/wp-json\/wp\/v2\/tags?post=19680"}],"curies":[{"name":"wp","href":"https:\/\/api.w.org\/{rel}","templated":true}]}}