{"id":19786,"date":"2024-04-14T19:52:34","date_gmt":"2024-04-14T22:52:34","guid":{"rendered":"https:\/\/kriocomics.com.br\/site\/?p=19786"},"modified":"2024-04-15T01:09:51","modified_gmt":"2024-04-15T04:09:51","slug":"diretora-da-editora-krio-comics-e-convidada-para-celebracao-do-dia-internacional-da-luta-pela-eliminacao-da-discriminacao-racial","status":"publish","type":"post","link":"https:\/\/kriocomics.com.br\/site\/diretora-da-editora-krio-comics-e-convidada-para-celebracao-do-dia-internacional-da-luta-pela-eliminacao-da-discriminacao-racial\/","title":{"rendered":"Diretora da Editora Kri\u00f4 Comics, \u00e9 convidada para celebra\u00e7\u00e3o do Dia Internacional da Luta Pela Elimina\u00e7\u00e3o da Discrimina\u00e7\u00e3o Racial"},"content":{"rendered":"<p><img loading=\"lazy\" decoding=\"async\" class=\"alignnone size-full wp-image-19823\" src=\"https:\/\/kriocomics.com.br\/site\/wp-content\/uploads\/2024\/04\/Editora-Krio-Comics-Edna-Pessanha.jpg\" alt=\"\" width=\"331\" height=\"623\" srcset=\"https:\/\/kriocomics.com.br\/site\/wp-content\/uploads\/2024\/04\/Editora-Krio-Comics-Edna-Pessanha.jpg 331w, https:\/\/kriocomics.com.br\/site\/wp-content\/uploads\/2024\/04\/Editora-Krio-Comics-Edna-Pessanha-159x300.jpg 159w\" sizes=\"auto, (max-width: 331px) 100vw, 331px\" \/> <img loading=\"lazy\" decoding=\"async\" class=\"alignnone wp-image-19790\" src=\"https:\/\/kriocomics.com.br\/site\/wp-content\/uploads\/2024\/04\/Edna-Pessanha-Editora-Krio-Comics-2.jpg\" alt=\"\" width=\"345\" height=\"622\" \/><\/p>\n<p style=\"text-align: justify;\">No dia 21 de mar\u00e7o, data em que se comemora o <strong>Dia Internacional da Luta Pela Elimina\u00e7\u00e3o da Discrimina\u00e7\u00e3o Racial<\/strong>, a jornalista e diretora da <strong>Editora Kri\u00f4 Comics<\/strong>, <strong>Edna Pessanha<\/strong>, foi convidada pelo Conselho Municipal de Liberdade Religiosa, (COMPLIR), e pela Secretaria Municipal de Direitos Humanos e Cidadania, (SMDHC), \u00e0 participar do Semin\u00e1rio Tem\u00e1tico, que aconteceu no Sal\u00e3o Nobre da C\u00e2mara dos Vereadores da cidade de S\u00e3o Paulo, onde p\u00f4de entre outros convidados, apresentar a <strong>Kri\u00f4 Comics<\/strong> e seus projetos, para a Secret\u00e1ria Executiva Adjunta de Promo\u00e7\u00e3o da Igualdade Racial, Elisa Rodrigues, que na foto em quest\u00e3o, est\u00e1 trajando vestido com detalhes em azul.<\/p>\n<p><em>\u00a0Da Reda\u00e7\u00e3o<\/em><\/p>\n","protected":false},"excerpt":{"rendered":"<p>No dia 21 de mar\u00e7o, data em que se comemora o Dia Internacional da Luta Pela Elimina\u00e7\u00e3o da Discrimina\u00e7\u00e3o Racial,<\/p>\n","protected":false},"author":2,"featured_media":19829,"comment_status":"open","ping_status":"closed","sticky":false,"template":"","format":"standard","meta":{"sfsi_plus_gutenberg_text_before_share":"","sfsi_plus_gutenberg_show_text_before_share":"","sfsi_plus_gutenberg_icon_type":"","sfsi_plus_gutenberg_icon_alignemt":"","sfsi_plus_gutenburg_max_per_row":"","footnotes":""},"categories":[6,5,6820],"tags":[6602,162],"class_list":["post-19786","post","type-post","status-publish","format-standard","has-post-thumbnail","hentry","category-hqs","category-noticias","category-novidades-da-krio","tag-editora-krio-comics","tag-edna-pessanha"],"_links":{"self":[{"href":"https:\/\/kriocomics.com.br\/site\/wp-json\/wp\/v2\/posts\/19786","targetHints":{"allow":["GET"]}}],"collection":[{"href":"https:\/\/kriocomics.com.br\/site\/wp-json\/wp\/v2\/posts"}],"about":[{"href":"https:\/\/kriocomics.com.br\/site\/wp-json\/wp\/v2\/types\/post"}],"author":[{"embeddable":true,"href":"https:\/\/kriocomics.com.br\/site\/wp-json\/wp\/v2\/users\/2"}],"replies":[{"embeddable":true,"href":"https:\/\/kriocomics.com.br\/site\/wp-json\/wp\/v2\/comments?post=19786"}],"version-history":[{"count":13,"href":"https:\/\/kriocomics.com.br\/site\/wp-json\/wp\/v2\/posts\/19786\/revisions"}],"predecessor-version":[{"id":19830,"href":"https:\/\/kriocomics.com.br\/site\/wp-json\/wp\/v2\/posts\/19786\/revisions\/19830"}],"wp:featuredmedia":[{"embeddable":true,"href":"https:\/\/kriocomics.com.br\/site\/wp-json\/wp\/v2\/media\/19829"}],"wp:attachment":[{"href":"https:\/\/kriocomics.com.br\/site\/wp-json\/wp\/v2\/media?parent=19786"}],"wp:term":[{"taxonomy":"category","embeddable":true,"href":"https:\/\/kriocomics.com.br\/site\/wp-json\/wp\/v2\/categories?post=19786"},{"taxonomy":"post_tag","embeddable":true,"href":"https:\/\/kriocomics.com.br\/site\/wp-json\/wp\/v2\/tags?post=19786"}],"curies":[{"name":"wp","href":"https:\/\/api.w.org\/{rel}","templated":true}]}}