{"id":19883,"date":"2024-05-14T23:34:32","date_gmt":"2024-05-15T02:34:32","guid":{"rendered":"https:\/\/kriocomics.com.br\/site\/?p=19883"},"modified":"2024-06-19T22:56:54","modified_gmt":"2024-06-20T01:56:54","slug":"cidadao-incomum-o-sexto-poder-amplia-o-universo-do-super-heroi-paulistano","status":"publish","type":"post","link":"https:\/\/kriocomics.com.br\/site\/cidadao-incomum-o-sexto-poder-amplia-o-universo-do-super-heroi-paulistano\/","title":{"rendered":"\u201cCidad\u00e3o Incomum \u2013 O Sexto Poder\u201d amplia o universo do super-her\u00f3i paulistano"},"content":{"rendered":"<p style=\"text-align: center;\"><em>Novo quadrinho de Pedro Ivo explora dilemas \u00e9ticos e sociais<\/em><\/p>\n<p style=\"text-align: justify;\">A Conrad Editora anuncia o lan\u00e7amento de <strong>Cidad\u00e3o Incomum \u2013 O Sexto Poder<\/strong>, o mais recente cap\u00edtulo na saga do super-her\u00f3i brasileiro criado por Pedro Ivo. Com dois livros j\u00e1 publicados, a s\u00e9rie agora se expande para o mundo dos quadrinhos, oferecendo aos f\u00e3s uma nova vis\u00e3o das aventuras de Caliel, o Cidad\u00e3o Incomum.<\/p>\n<p style=\"text-align: justify;\">Nesta nova edi\u00e7\u00e3o, Caliel enfrenta os desafios de sua recente aquisi\u00e7\u00e3o de poderes misteriosos, enquanto tenta assumir o papel de protetor de S\u00e3o Paulo. No entanto, suas a\u00e7\u00f5es heroicas t\u00eam consequ\u00eancias inesperadas, desencadeando uma onda de medo, viol\u00eancia e questionamentos \u00e9ticos que o colocam no centro de uma controv\u00e9rsia crescente.<\/p>\n<p><img loading=\"lazy\" decoding=\"async\" class=\"size-full wp-image-19885 aligncenter\" src=\"https:\/\/kriocomics.com.br\/site\/wp-content\/uploads\/2024\/05\/Cidadao-Incomum-\u2013-O-Sexto-Poder-1.jpg\" alt=\"\" width=\"568\" height=\"408\" srcset=\"https:\/\/kriocomics.com.br\/site\/wp-content\/uploads\/2024\/05\/Cidadao-Incomum-\u2013-O-Sexto-Poder-1.jpg 568w, https:\/\/kriocomics.com.br\/site\/wp-content\/uploads\/2024\/05\/Cidadao-Incomum-\u2013-O-Sexto-Poder-1-300x215.jpg 300w\" sizes=\"auto, (max-width: 568px) 100vw, 568px\" \/><\/p>\n<p style=\"text-align: justify;\"><em>\u201cEm Cidad\u00e3o Incomum \u2013 O Sexto Poder, explorei n\u00e3o apenas as fa\u00e7anhas heroicas de Caliel, mas tamb\u00e9m os dilemas morais e sociais que ele enfrenta\u201d<\/em>, diz Pedro Ivo, autor da s\u00e9rie. <em>\u201cA narrativa tradicional de super-her\u00f3is se entrela\u00e7a com quest\u00f5es pertinentes \u00e0 nossa sociedade, criando uma hist\u00f3ria eletrizante e necess\u00e1ria.\u201d<\/em><\/p>\n<p style=\"text-align: justify;\">Al\u00e9m disso, o autor destaca que a s\u00e9rie est\u00e1 em processo de adapta\u00e7\u00e3o para um filme pela O2 Filmes, com dire\u00e7\u00e3o de Marcus Alqueres, conhecido por seu trabalho em 300 e O Planeta dos Macacos, e produ\u00e7\u00e3o de Fernando Meirelles, diretor de Cidade de Deus.<\/p>\n<p style=\"text-align: justify;\"><strong>Cidad\u00e3o Incomum \u2013 O Sexto Poder<\/strong> j\u00e1 est\u00e1 dispon\u00edvel em uma edi\u00e7\u00e3o \u00fanica, com 240 p\u00e1ginas coloridas e dimens\u00f5es de 17 x 24 cm. A vers\u00e3o f\u00edsica pode ser adquirida por R$99,00, enquanto o e-book est\u00e1 dispon\u00edvel por R$69,90.<\/p>\n<p>&nbsp;<\/p>\n<p><em>Por: Isabela Ferro<\/em><br \/>\n<em>Fonte: <strong><span style=\"color: #000080;\"><a style=\"color: #000080;\" href=\"https:\/\/revistaogrito.com\/quadrinhos\/\" target=\"_blank\" rel=\"noopener\">Revista O Grito<\/a><\/span><\/strong><\/em><\/p>\n","protected":false},"excerpt":{"rendered":"<p>Novo quadrinho de Pedro Ivo explora dilemas \u00e9ticos e sociais A Conrad Editora anuncia o lan\u00e7amento de Cidad\u00e3o Incomum \u2013<\/p>\n","protected":false},"author":2,"featured_media":19884,"comment_status":"open","ping_status":"closed","sticky":false,"template":"","format":"standard","meta":{"sfsi_plus_gutenberg_text_before_share":"","sfsi_plus_gutenberg_show_text_before_share":"","sfsi_plus_gutenberg_icon_type":"","sfsi_plus_gutenberg_icon_alignemt":"","sfsi_plus_gutenburg_max_per_row":"","footnotes":""},"categories":[5,1],"tags":[7455,5552],"class_list":["post-19883","post","type-post","status-publish","format-standard","has-post-thumbnail","hentry","category-noticias","category-ultimas-noticias","tag-cidadao-incomum-o-sexto-poder","tag-conrad-editora"],"_links":{"self":[{"href":"https:\/\/kriocomics.com.br\/site\/wp-json\/wp\/v2\/posts\/19883","targetHints":{"allow":["GET"]}}],"collection":[{"href":"https:\/\/kriocomics.com.br\/site\/wp-json\/wp\/v2\/posts"}],"about":[{"href":"https:\/\/kriocomics.com.br\/site\/wp-json\/wp\/v2\/types\/post"}],"author":[{"embeddable":true,"href":"https:\/\/kriocomics.com.br\/site\/wp-json\/wp\/v2\/users\/2"}],"replies":[{"embeddable":true,"href":"https:\/\/kriocomics.com.br\/site\/wp-json\/wp\/v2\/comments?post=19883"}],"version-history":[{"count":2,"href":"https:\/\/kriocomics.com.br\/site\/wp-json\/wp\/v2\/posts\/19883\/revisions"}],"predecessor-version":[{"id":19943,"href":"https:\/\/kriocomics.com.br\/site\/wp-json\/wp\/v2\/posts\/19883\/revisions\/19943"}],"wp:featuredmedia":[{"embeddable":true,"href":"https:\/\/kriocomics.com.br\/site\/wp-json\/wp\/v2\/media\/19884"}],"wp:attachment":[{"href":"https:\/\/kriocomics.com.br\/site\/wp-json\/wp\/v2\/media?parent=19883"}],"wp:term":[{"taxonomy":"category","embeddable":true,"href":"https:\/\/kriocomics.com.br\/site\/wp-json\/wp\/v2\/categories?post=19883"},{"taxonomy":"post_tag","embeddable":true,"href":"https:\/\/kriocomics.com.br\/site\/wp-json\/wp\/v2\/tags?post=19883"}],"curies":[{"name":"wp","href":"https:\/\/api.w.org\/{rel}","templated":true}]}}