{"id":19985,"date":"2024-07-09T20:46:22","date_gmt":"2024-07-09T23:46:22","guid":{"rendered":"https:\/\/kriocomics.com.br\/site\/?p=19985"},"modified":"2024-08-16T01:26:19","modified_gmt":"2024-08-16T04:26:19","slug":"quadrinhos-marcam-presenca-no-festival-do-japao-em-sao-paulo","status":"publish","type":"post","link":"https:\/\/kriocomics.com.br\/site\/quadrinhos-marcam-presenca-no-festival-do-japao-em-sao-paulo\/","title":{"rendered":"Quadrinhos marcam presen\u00e7a no Festival do Jap\u00e3o, em S\u00e3o Paulo"},"content":{"rendered":"<p style=\"text-align: justify;\">O\u00a0<strong>Festival do Jap\u00e3o<\/strong>\u00a0acontece nos dias 12, 13 e 14 de julho no\u00a0<strong>S\u00e3o Paulo Expo Exhibition &amp; Convention Center\u00a0<\/strong>(Rodovia dos Imigrantes, km 1,5, \u00c1gua Funda, S\u00e3o Paulo\/SP).<\/p>\n<p style=\"text-align: justify;\">O evento mant\u00e9m o objetivo de preservar e divulgar a cultura japonesa e transmitir as tradi\u00e7\u00f5es para as novas gera\u00e7\u00f5es, representando as 47 prov\u00edncias que comp\u00f5em o Jap\u00e3o. O tema deste ano \u00e9\u00a0<em>Ikigai \u2013 Viva com Prop\u00f3sito<\/em>, al\u00e9m do evento celebrar sua 25\u00ba edi\u00e7\u00e3o, com o Jubileu de Prata.<\/p>\n<p style=\"text-align: justify;\">Pela primeira vez, a tradicional\u00a0<strong>\u00c1rea Cultural<\/strong>\u00a0ter\u00e1 uma\u00a0<strong>Alameda Liter\u00e1ria<\/strong>, que contar\u00e1 com 36 mesas ocupadas por escritores, quadrinhistas e editoras que possuem trabalhos relacionados \u00e0 cultura japonesa.<\/p>\n<p style=\"text-align: justify;\">Dentre alguns dos artistas confirmados, nomes como Cah Poszar. Cinthia Saty, Cris Eiko, Paulo Crumbim, Daniel Bretas, Hiro Kawahara, Jun Sugiyama, Edu Capelo, Majory Yokomizo, Max Andrade, Orlandeli, Talessak. Yoshi Itice e Yuri Andrey.<\/p>\n<p>&nbsp;<\/p>\n<p><em>Por: Marcelo Naranjo<\/em><br \/>\n<em>Fonte:\u00a0<span style=\"color: #000080;\"><strong><a style=\"color: #000080;\" href=\"https:\/\/universohq.com\/\" target=\"_blank\" rel=\"noopener\">Universo HQ<\/a><\/strong><\/span><\/em><\/p>\n","protected":false},"excerpt":{"rendered":"<p>O\u00a0Festival do Jap\u00e3o\u00a0acontece nos dias 12, 13 e 14 de julho no\u00a0S\u00e3o Paulo Expo Exhibition &amp; Convention Center\u00a0(Rodovia dos Imigrantes,<\/p>\n","protected":false},"author":2,"featured_media":19988,"comment_status":"open","ping_status":"closed","sticky":false,"template":"","format":"standard","meta":{"sfsi_plus_gutenberg_text_before_share":"","sfsi_plus_gutenberg_show_text_before_share":"","sfsi_plus_gutenberg_icon_type":"","sfsi_plus_gutenberg_icon_alignemt":"","sfsi_plus_gutenburg_max_per_row":"","footnotes":""},"categories":[5,1],"tags":[7483,7484],"class_list":["post-19985","post","type-post","status-publish","format-standard","has-post-thumbnail","hentry","category-noticias","category-ultimas-noticias","tag-festival-do-japao","tag-sao-paulo-expo-exhibition-convention-center"],"_links":{"self":[{"href":"https:\/\/kriocomics.com.br\/site\/wp-json\/wp\/v2\/posts\/19985","targetHints":{"allow":["GET"]}}],"collection":[{"href":"https:\/\/kriocomics.com.br\/site\/wp-json\/wp\/v2\/posts"}],"about":[{"href":"https:\/\/kriocomics.com.br\/site\/wp-json\/wp\/v2\/types\/post"}],"author":[{"embeddable":true,"href":"https:\/\/kriocomics.com.br\/site\/wp-json\/wp\/v2\/users\/2"}],"replies":[{"embeddable":true,"href":"https:\/\/kriocomics.com.br\/site\/wp-json\/wp\/v2\/comments?post=19985"}],"version-history":[{"count":1,"href":"https:\/\/kriocomics.com.br\/site\/wp-json\/wp\/v2\/posts\/19985\/revisions"}],"predecessor-version":[{"id":19987,"href":"https:\/\/kriocomics.com.br\/site\/wp-json\/wp\/v2\/posts\/19985\/revisions\/19987"}],"wp:featuredmedia":[{"embeddable":true,"href":"https:\/\/kriocomics.com.br\/site\/wp-json\/wp\/v2\/media\/19988"}],"wp:attachment":[{"href":"https:\/\/kriocomics.com.br\/site\/wp-json\/wp\/v2\/media?parent=19985"}],"wp:term":[{"taxonomy":"category","embeddable":true,"href":"https:\/\/kriocomics.com.br\/site\/wp-json\/wp\/v2\/categories?post=19985"},{"taxonomy":"post_tag","embeddable":true,"href":"https:\/\/kriocomics.com.br\/site\/wp-json\/wp\/v2\/tags?post=19985"}],"curies":[{"name":"wp","href":"https:\/\/api.w.org\/{rel}","templated":true}]}}