{"id":19989,"date":"2024-07-09T21:15:10","date_gmt":"2024-07-10T00:15:10","guid":{"rendered":"https:\/\/kriocomics.com.br\/site\/?p=19989"},"modified":"2024-08-16T01:26:55","modified_gmt":"2024-08-16T04:26:55","slug":"lancado-edital-para-selecionar-historias-em-quadrinhos-para-a-quinta-edicao-da-revista-non-sequitur","status":"publish","type":"post","link":"https:\/\/kriocomics.com.br\/site\/lancado-edital-para-selecionar-historias-em-quadrinhos-para-a-quinta-edicao-da-revista-non-sequitur\/","title":{"rendered":"Lan\u00e7ado edital para selecionar Hist\u00f3rias em Quadrinhos para a quinta edi\u00e7\u00e3o da revista Non Sequitur"},"content":{"rendered":"<p style=\"text-align: center;\"><em>Podem participar estudantes de qualquer campus do IFRS e das escolas localizadas nos munic\u00edpios de Canoas e Cachoeirinha, al\u00e9m de quadrinistas de Canoas<\/em><\/p>\n<p style=\"text-align: justify;\">O Edital de Chamada P\u00fablica para sele\u00e7\u00e3o de Hist\u00f3rias em Quadrinhos para a quinta edi\u00e7\u00e3o da revista <strong>Non Sequitur<\/strong> \u00e9 uma atividade do Projeto de Extens\u00e3o \u201cHist\u00f3ria em Quadrinhos e Cinema em processos pedag\u00f3gicos\u201d, em sua terceira edi\u00e7\u00e3o. Partindo do entendimento que a comunica\u00e7\u00e3o entre os indiv\u00edduos e a constru\u00e7\u00e3o e transmiss\u00e3o de informa\u00e7\u00f5es e conhecimentos t\u00eam se caracterizado por ocorrer por meios imag\u00e9ticos, o Projeto tem como objetivo desenvolver habilidades e compet\u00eancias para interpretar e produzir conte\u00fado por meio de imagens em pr\u00e1ticas educativas.<\/p>\n<p style=\"text-align: justify;\">Ancorado em uma experi\u00eancia de mais de uma d\u00e9cada, entre as iniciativas promovidas destaca-se a produ\u00e7\u00e3o de quatro edi\u00e7\u00f5es da revista em quadrinhos <strong>Non Sequitur<\/strong> (2013, 2020, 2021 e 2022), registrando obras de estudantes do IFRS, das escolas municipais, artistas locais e quadrinistas convidados. Seguindo o processo realizado com sucesso nas edi\u00e7\u00f5es anteriores, o edital elaborado em conjunto com Coordena\u00e7\u00e3o de Extens\u00e3o do <strong>IFRS-Campus Canoas<\/strong>, tem como premissas b\u00e1sicas: defini\u00e7\u00e3o de linhas tem\u00e1ticas para as HQ, limite do n\u00famero de p\u00e1ginas de cada hist\u00f3ria e a constitui\u00e7\u00e3o de uma banca com profissionais da \u00e1rea para a sele\u00e7\u00e3o do material.<\/p>\n<p style=\"text-align: justify;\"><strong>Nesta quinta edi\u00e7\u00e3o, as linhas tem\u00e1ticas s\u00e3o:<\/strong><\/p>\n<p style=\"text-align: justify;\"><strong>Verde em cena:<\/strong> eco-narrativas em quadrinhos \u2013 HQs que destacam iniciativas verdes e exploram os impactos ambientais da atividade humana e promovem a conscientiza\u00e7\u00e3o sobre a sustentabilidade e conserva\u00e7\u00e3o;<\/p>\n<p style=\"text-align: justify;\"><strong>Caleidosc\u00f3pio:<\/strong>\u00a0HQs com tem\u00e1tica livre.<\/p>\n<p style=\"text-align: justify;\">As inscri\u00e7\u00f5es se encerram dia 31 de agosto de 2024.<\/p>\n<p style=\"text-align: justify;\">Formul\u00e1rio eletr\u00f4nico para inscri\u00e7\u00e3o: <strong><span style=\"color: #000080;\"><a style=\"color: #000080;\" href=\"https:\/\/forms.gle\/MhqQER6nqFnmewpe8\" target=\"_blank\" rel=\"noopener\">https:\/\/forms.gle\/MhqQER6nqFnmewpe8<\/a><\/span><\/strong><\/p>\n<p style=\"text-align: justify;\">A revista <strong>Non Sequitur<\/strong> \u00e9 uma produ\u00e7\u00e3o do Projeto de Extens\u00e3o \u201cHist\u00f3ria em Quadrinhos e Cinema em processos pedag\u00f3gicos\u201d implementada com recursos do Aux\u00edlio Institucional \u00e0 Extens\u00e3o (PAIEX). O lan\u00e7amento desta terceira edi\u00e7\u00e3o est\u00e1 previsto para ocorrer em novembro de 2024.<\/p>\n<p style=\"text-align: justify;\">A linguagem dos quadrinhos, ao articular texto, imagens e s\u00edmbolos, se constitui em uma forma espec\u00edfica de contar hist\u00f3rias e desenvolver narrativas com grande potencial art\u00edstico e pedag\u00f3gico. Neste sentido, a revista objetiva ser um instrumento de valoriza\u00e7\u00e3o da linguagem das hist\u00f3rias em quadrinhos no meio acad\u00eamico, tornando-se uma plataforma para divulga\u00e7\u00e3o de trabalhos de estudantes do IF, das redes p\u00fablicas e artistas locais e para o reconhecendo da import\u00e2ncia desta forma de arte em nossa cultura.<\/p>\n<p><strong>O edital, com\u00a0 todas as informa\u00e7\u00f5es est\u00e1 dispon\u00edvel\u00a0<span style=\"color: #000080;\"><a style=\"color: #000080;\" href=\"https:\/\/ifrs.edu.br\/canoas\/editais\/edital-no-31-2024-gab-can-chamada-publica-para-selecao-de-historia-em-quadrinhos-para-publicacao-na-quinta-edicao-da-revista-nonsequitur\/\" target=\"_blank\" rel=\"noopener\">AQUI<\/a><\/span><\/strong><\/p>\n<p>Qualquer d\u00favida utilizar o e-mail: <strong><span style=\"color: #000080;\"><em><a style=\"color: #000080;\" href=\"mailto:projeto.hq.cinema@canoas.ifrs.edu.br\" target=\"_blank\" rel=\"noopener\">projeto.hq.cinema@canoas.ifrs.edu.br<\/a><\/em><\/span><\/strong><\/p>\n<p>&nbsp;<\/p>\n<p><em>Da Reda\u00e7\u00e3o<\/em><\/p>\n","protected":false},"excerpt":{"rendered":"<p>Podem participar estudantes de qualquer campus do IFRS e das escolas localizadas nos munic\u00edpios de Canoas e Cachoeirinha, al\u00e9m de<\/p>\n","protected":false},"author":2,"featured_media":19990,"comment_status":"open","ping_status":"closed","sticky":false,"template":"","format":"standard","meta":{"sfsi_plus_gutenberg_text_before_share":"","sfsi_plus_gutenberg_show_text_before_share":"","sfsi_plus_gutenberg_icon_type":"","sfsi_plus_gutenberg_icon_alignemt":"","sfsi_plus_gutenburg_max_per_row":"","footnotes":""},"categories":[5,6820],"tags":[7485],"class_list":["post-19989","post","type-post","status-publish","format-standard","has-post-thumbnail","hentry","category-noticias","category-novidades-da-krio","tag-non-sequitur"],"_links":{"self":[{"href":"https:\/\/kriocomics.com.br\/site\/wp-json\/wp\/v2\/posts\/19989","targetHints":{"allow":["GET"]}}],"collection":[{"href":"https:\/\/kriocomics.com.br\/site\/wp-json\/wp\/v2\/posts"}],"about":[{"href":"https:\/\/kriocomics.com.br\/site\/wp-json\/wp\/v2\/types\/post"}],"author":[{"embeddable":true,"href":"https:\/\/kriocomics.com.br\/site\/wp-json\/wp\/v2\/users\/2"}],"replies":[{"embeddable":true,"href":"https:\/\/kriocomics.com.br\/site\/wp-json\/wp\/v2\/comments?post=19989"}],"version-history":[{"count":1,"href":"https:\/\/kriocomics.com.br\/site\/wp-json\/wp\/v2\/posts\/19989\/revisions"}],"predecessor-version":[{"id":19991,"href":"https:\/\/kriocomics.com.br\/site\/wp-json\/wp\/v2\/posts\/19989\/revisions\/19991"}],"wp:featuredmedia":[{"embeddable":true,"href":"https:\/\/kriocomics.com.br\/site\/wp-json\/wp\/v2\/media\/19990"}],"wp:attachment":[{"href":"https:\/\/kriocomics.com.br\/site\/wp-json\/wp\/v2\/media?parent=19989"}],"wp:term":[{"taxonomy":"category","embeddable":true,"href":"https:\/\/kriocomics.com.br\/site\/wp-json\/wp\/v2\/categories?post=19989"},{"taxonomy":"post_tag","embeddable":true,"href":"https:\/\/kriocomics.com.br\/site\/wp-json\/wp\/v2\/tags?post=19989"}],"curies":[{"name":"wp","href":"https:\/\/api.w.org\/{rel}","templated":true}]}}