{"id":20025,"date":"2024-08-15T22:48:22","date_gmt":"2024-08-16T01:48:22","guid":{"rendered":"https:\/\/kriocomics.com.br\/site\/?p=20025"},"modified":"2024-09-20T20:32:05","modified_gmt":"2024-09-20T23:32:05","slug":"cria-do-grajau-mirtes-santana-lanca-sua-primeira-historia-em-quadrinhos","status":"publish","type":"post","link":"https:\/\/kriocomics.com.br\/site\/cria-do-grajau-mirtes-santana-lanca-sua-primeira-historia-em-quadrinhos\/","title":{"rendered":"Cria do Graja\u00fa, Mirtes Santana lan\u00e7a sua primeira hist\u00f3ria em quadrinhos"},"content":{"rendered":"<p style=\"text-align: center;\"><em>Mirtes Santana \u00e9 roteirista e desde pequena tem amor pela literatura<\/em><\/p>\n<p style=\"text-align: justify;\">Desde que aprendeu a ler, aos seis anos de idade, <strong>Mirtes Santana<\/strong> tem amor pela literatura e hist\u00f3ria em quadrinhos. Ainda na inf\u00e2ncia, come\u00e7ou a desenhar suas pr\u00f3prias hist\u00f3rias, usando como refer\u00eancia o Bairro do Limoeiro, da Turma da M\u00f4nica. Hoje, j\u00e1 adulta, lan\u00e7a seu primeiro trabalho em quadrinhos: a <strong>HQ Super Punk<\/strong>.<\/p>\n<p style=\"text-align: justify;\">Produzida em parceria com o quadrinista <strong>Guilherme Petreca<\/strong>, a HQ conta a hist\u00f3ria de Violeta, uma pr\u00e9-adolescente que ganha poderes e se torna a hero\u00edna <strong>Superpunk<\/strong>.<\/p>\n<p style=\"text-align: justify;\"><em>\u201cTive muito espa\u00e7o de troca com o <strong>Guilherme Petreca<\/strong>, j\u00e1 que temos bastante em comum \u2013 tanto sobre sermos de regi\u00f5es marginalizadas, quanto pelas nossas refer\u00eancias e gostos pessoais. No fim, nossas discuss\u00f5es sempre se envolviam naquilo que gostar\u00edamos de ter lido e visto quando crian\u00e7as. Acho que <strong>Superpunk<\/strong> agrega muito desse conceito de cultura pop e nostalgia dos anos 2000\u201d<\/em>, diz.<\/p>\n<p style=\"text-align: justify;\">A roteirista explica que a HQ busca despertar mem\u00f3rias afetivas e cotidianas nos leitores. E tem dado certo: <em>\u201cmuitas pessoas que j\u00e1 leram o quadrinho j\u00e1 conversam com a gente, mencionando o qu\u00e3o divertida \u00e9 essa hist\u00f3ria e o quanto as faz lembrar de suas pr\u00f3prias\u201d<\/em>.<\/p>\n<p style=\"text-align: justify;\">Cria do Graja\u00fa, zona sul de S\u00e3o Paulo (SP), Mirtes conta que seus pais sempre a incentivaram a estudar e a ler. <em>\u201cJunto com minhas irm\u00e3s mais novas, cresci sob o lema de que era importante que estud\u00e1ssemos, que aprend\u00eassemos um novo idioma e que nos form\u00e1ssemos no ensino superior para eliminar o \u2018marcador social de pobreza\u2019, que carregamos ao nascermos em lares mais humildes\u201d<\/em>, conta.<\/p>\n<p style=\"text-align: justify;\">A viv\u00eancia perif\u00e9rica \u00e9 um fator essencial na constru\u00e7\u00e3o de suas narrativas. <em>\u201cCom o tempo, passei a entender e valorizar que a periferia tem a sua pr\u00f3pria cultura e valores importantes e decidi me apropriar disso para contar as minhas hist\u00f3rias<\/em>\u201d, diz.<\/p>\n<p style=\"text-align: justify;\">Durante a adolesc\u00eancia, <strong>Mirtes Santana<\/strong> se aproximou de outro formato de hist\u00f3ria: os mang\u00e1s e animes, especialmente do g\u00eanero \u201cshojo\u201d, que prioriza o protagonismo feminino. \u201cHist\u00f3rias como as de Sakura Card Captors, Nana e Sailor Moon passaram a fazer parte da minha leitura de cabeceira. Lia e relia at\u00e9 as p\u00e1ginas ficarem bem gastas, e acabei me tornando otaku de carteirinha\u201d, relata.<\/p>\n<p style=\"text-align: justify;\">Mas o h\u00e1bito da leitura n\u00e3o se restringe a esse g\u00eanero: a paulista tem um gosto ecl\u00e9tico, \u201cgosto de ler Frankenstein, da Mary Shelley, a Dom Casmurro, de Machado de Assis\u201d, explica e resume: <em>\u201cler sempre foi um ato cotidiano, um h\u00e1bito que cultivo at\u00e9 hoje\u201d.<\/em><\/p>\n<p style=\"text-align: justify;\">Guiada pelo gosto por hist\u00f3rias diversas, Mirtes se formou no Bacharelado em Audiovisual em 2018, como bolsista do Programa Universidade para Todos (Prouni). Entre seus primeiros trabalhos no ramo, est\u00e1 a atua\u00e7\u00e3o como assistente de sala de roteiro na s\u00e9rie \u201cEscola de G\u00eanios\u201d, para o canal Gloob. Tamb\u00e9m foi co-autora em alguns epis\u00f3dios de \u201cTurma Da M\u00f4nica: a S\u00e9rie\u201d, da Globoplay, e assistente criativa em \u201cO Menino Maluquinho\u201d, da Netflix.<\/p>\n<p style=\"text-align: justify;\">Mirtes pretende continuar trabalhando no mundo dos quadrinhos e acredita que as imagens s\u00e3o uma boa forma de atingir o p\u00fablico. Al\u00e9m disso, destaca a import\u00e2ncia da presen\u00e7a de mulheres negras nesse meio, que ainda \u00e9 bastante branco e masculino.<\/p>\n<p style=\"text-align: justify;\"><em>\u201cApesar de amar a Sakura e Sailor Moon, eu nunca fui parecida com elas. Foi dif\u00edcil crescer e n\u00e3o encontrar quase nenhum quadrinho com uma protagonista negra. Acredito muito na for\u00e7a desse modelo, dessa iconografia, para nos estimular a imaginarmos o que podemos ser ao crescer. Tamb\u00e9m acredito que devemos dar nuances a essas narrativas, al\u00e9m de explorar pontos de vista fora dos estere\u00f3tipos\u201d<\/em>, pontua.<\/p>\n<p>&nbsp;<\/p>\n<p style=\"text-align: justify;\"><em>Por: Matheus Henrique<\/em><br \/>\n<em>Fonte: <span style=\"color: #000080;\"><strong><a style=\"color: #000080;\" href=\"http:\/\/www.boletimnerd.com.br\" target=\"_blank\" rel=\"noopener\">Boletim Nerd<\/a><\/strong><\/span><\/em><\/p>\n","protected":false},"excerpt":{"rendered":"<p>Mirtes Santana \u00e9 roteirista e desde pequena tem amor pela literatura Desde que aprendeu a ler, aos seis anos de<\/p>\n","protected":false},"author":2,"featured_media":20135,"comment_status":"open","ping_status":"closed","sticky":false,"template":"","format":"standard","meta":{"sfsi_plus_gutenberg_text_before_share":"","sfsi_plus_gutenberg_show_text_before_share":"","sfsi_plus_gutenberg_icon_type":"","sfsi_plus_gutenberg_icon_alignemt":"","sfsi_plus_gutenburg_max_per_row":"","footnotes":""},"categories":[5],"tags":[3660,7512,7496],"class_list":["post-20025","post","type-post","status-publish","format-standard","has-post-thumbnail","hentry","category-noticias","tag-guilherme-petreca","tag-mirtes-santana","tag-superpunk"],"_links":{"self":[{"href":"https:\/\/kriocomics.com.br\/site\/wp-json\/wp\/v2\/posts\/20025","targetHints":{"allow":["GET"]}}],"collection":[{"href":"https:\/\/kriocomics.com.br\/site\/wp-json\/wp\/v2\/posts"}],"about":[{"href":"https:\/\/kriocomics.com.br\/site\/wp-json\/wp\/v2\/types\/post"}],"author":[{"embeddable":true,"href":"https:\/\/kriocomics.com.br\/site\/wp-json\/wp\/v2\/users\/2"}],"replies":[{"embeddable":true,"href":"https:\/\/kriocomics.com.br\/site\/wp-json\/wp\/v2\/comments?post=20025"}],"version-history":[{"count":5,"href":"https:\/\/kriocomics.com.br\/site\/wp-json\/wp\/v2\/posts\/20025\/revisions"}],"predecessor-version":[{"id":20136,"href":"https:\/\/kriocomics.com.br\/site\/wp-json\/wp\/v2\/posts\/20025\/revisions\/20136"}],"wp:featuredmedia":[{"embeddable":true,"href":"https:\/\/kriocomics.com.br\/site\/wp-json\/wp\/v2\/media\/20135"}],"wp:attachment":[{"href":"https:\/\/kriocomics.com.br\/site\/wp-json\/wp\/v2\/media?parent=20025"}],"wp:term":[{"taxonomy":"category","embeddable":true,"href":"https:\/\/kriocomics.com.br\/site\/wp-json\/wp\/v2\/categories?post=20025"},{"taxonomy":"post_tag","embeddable":true,"href":"https:\/\/kriocomics.com.br\/site\/wp-json\/wp\/v2\/tags?post=20025"}],"curies":[{"name":"wp","href":"https:\/\/api.w.org\/{rel}","templated":true}]}}