{"id":20051,"date":"2024-08-16T01:30:50","date_gmt":"2024-08-16T04:30:50","guid":{"rendered":"https:\/\/kriocomics.com.br\/site\/?p=20051"},"modified":"2024-09-22T15:02:23","modified_gmt":"2024-09-22T18:02:23","slug":"lancamento-nacional-da-hq-da-dininha-e-sua-turma-acontece-dia-17-de-agosto-no-rio-de-janeiro-2","status":"publish","type":"post","link":"https:\/\/kriocomics.com.br\/site\/lancamento-nacional-da-hq-da-dininha-e-sua-turma-acontece-dia-17-de-agosto-no-rio-de-janeiro-2\/","title":{"rendered":"Lan\u00e7amento nacional da HQ da Dininha e Sua Turma, acontece dia 17 de agosto no Rio de Janeiro"},"content":{"rendered":"<p style=\"text-align: justify;\"><img loading=\"lazy\" decoding=\"async\" class=\"wp-image-20055 alignleft\" src=\"https:\/\/kriocomics.com.br\/site\/wp-content\/uploads\/2024\/08\/Dininha-e-Sua-Turma-.jpg\" alt=\"\" width=\"317\" height=\"448\" srcset=\"https:\/\/kriocomics.com.br\/site\/wp-content\/uploads\/2024\/08\/Dininha-e-Sua-Turma-.jpg 1024w, https:\/\/kriocomics.com.br\/site\/wp-content\/uploads\/2024\/08\/Dininha-e-Sua-Turma--212x300.jpg 212w, https:\/\/kriocomics.com.br\/site\/wp-content\/uploads\/2024\/08\/Dininha-e-Sua-Turma--724x1024.jpg 724w, https:\/\/kriocomics.com.br\/site\/wp-content\/uploads\/2024\/08\/Dininha-e-Sua-Turma--768x1086.jpg 768w, https:\/\/kriocomics.com.br\/site\/wp-content\/uploads\/2024\/08\/Dininha-e-Sua-Turma--600x848.jpg 600w\" sizes=\"auto, (max-width: 317px) 100vw, 317px\" \/>Neste s\u00e1bado, 17 de agosto, a <strong>Editora Kri\u00f4 Comics<\/strong> ir\u00e1 lan\u00e7ar a HQ da <strong>Dininha e Sua Turma<\/strong>, seu primeiro projeto de quadrinhos para crian\u00e7as, na <strong>Casa de Cultura Volta do Mundo &amp; Conex\u00f5es<\/strong>, na cidade do Rio de Janeiro. \u00c0s 10h, acontecer\u00e1 uma roda de conversa com a jornalista, escritora, criadora dos personagens, e autora das hist\u00f3rias, <strong>Edna Pessanha<\/strong>, que tamb\u00e9m \u00e9 diretora da <strong>Kri\u00f4 Comics<\/strong>, \u00e0s 14h se dar\u00e1 in\u00edcio a tarde de aut\u00f3grafos com a escritora.<\/p>\n<p style=\"text-align: justify;\">A revistinha com as hist\u00f3rias da <strong>Dininha e Sua Turma<\/strong>, contar\u00e1 as aventuras de seis crian\u00e7as que se conhecem durante um mutir\u00e3o para a constru\u00e7\u00e3o da casa pr\u00f3pria em um bairro nobre. A chegada dos novos vizinhos incomoda os moradores, que por preconceito, imaginam que se formar\u00e1 uma favela no local, por\u00e9m, estes ir\u00e3o contribuir para que haja melhorias nos arredores. \u00c9 um quadrinho de espelho e inclus\u00e3o, as crian\u00e7as ir\u00e3o conhecer nesta publica\u00e7\u00e3o, al\u00e9m da Dininha, l\u00edder da Turma, que gosta de ler, escrever, e criar muitas hist\u00f3rias, tem a Luany, uma refugiada vinda de Angola, pa\u00eds que passou por uma guerra civil, e ainda hoje sofre com as minas terrestres. Luany pisou em uma dessas minas, tem a perna direita mec\u00e2nica, e mostrar\u00e1 que a defici\u00eancia n\u00e3o a impossibilita de fazer tudo o que gosta. Alile e Tonico, dois personagens levemente obesos, fora do que \u00e9 considerado padr\u00e3o de est\u00e9tica, o que n\u00e3o os impede de ter uma autoestima elevada. Alile gosta de desenho e pintura, Tonico monta e desmonta brinquedos, e inventa engenhocas. Tito, um cadeirante que agrega a turminha para n\u00e3o terem um olhar diferenciado sobre ele, auxiliando-o em suas limita\u00e7\u00f5es, n\u00e3o o excluindo das brincadeiras e atividades do grupo, gosta de tecnologia, inventar engenhocas eletr\u00f4nicas, e usa sua imagina\u00e7\u00e3o sem limites, e Zez\u00e9, um apreciador de m\u00fasica, literatura, teatro, cinema, etc, sempre consumindo conte\u00fados de qualidade. As crian\u00e7as negras, ou n\u00e3o, ir\u00e3o se reconhecer nestes personagens, que mostram como podemos aprender com as diferen\u00e7as, trazendo \u00e0 tona quest\u00f5es de representatividade, com protagonismo de personagens negros, e PCD.<\/p>\n<p>&nbsp;<\/p>\n<p><img loading=\"lazy\" decoding=\"async\" class=\" wp-image-20056 aligncenter\" src=\"https:\/\/kriocomics.com.br\/site\/wp-content\/uploads\/2024\/08\/Jogo-Educativo-Dininha-e-Sua-Turma.png\" alt=\"\" width=\"338\" height=\"460\" srcset=\"https:\/\/kriocomics.com.br\/site\/wp-content\/uploads\/2024\/08\/Jogo-Educativo-Dininha-e-Sua-Turma.png 567w, https:\/\/kriocomics.com.br\/site\/wp-content\/uploads\/2024\/08\/Jogo-Educativo-Dininha-e-Sua-Turma-221x300.png 221w\" sizes=\"auto, (max-width: 338px) 100vw, 338px\" \/><\/p>\n<p style=\"text-align: justify;\"><strong>RPG<\/strong><br \/>\nA revistinha com o Jogo Educativo Infantil de RPG da <strong>Dininha e Sua Turma<\/strong>, necessita apenas de um dado comum para brincar, n\u00e3o se usa equipamentos eletr\u00f4nicos, quem n\u00e3o os possui, n\u00e3o \u00e9 exclu\u00eddo e impedido de participar da brincadeira. \u00c9 uma atividade para se fazer em no m\u00ednimo duas pessoas, se faz necess\u00e1rio ler e pesquisar, para responder \u00e0s quest\u00f5es, e ganhar os pontos disputados, o que estimula a conviv\u00eancia, e a leitura, podendo ser utilizado infinitas vezes, a crian\u00e7a se diverte aprendendo, e aprende se divertindo. At\u00e9 os adultos est\u00e3o gostando. As revistas da <strong>Editora Kri\u00f4 Comics<\/strong> s\u00e3o totalmente coloridas, e t\u00eam fino acabamento, capa em papel couch\u00ea com verniz, com 150 de gramatura, e miolo em papel couch\u00ea brilho, com 115 de gramatura. Logo, n\u00e3o s\u00e3o danificadas pelo excesso de manuseio. Todas as HQs da Kri\u00f4 Comics vendidas por interm\u00e9dio da <strong>Casa de Cultura Volta do Mundo &amp; Conex\u00f5es<\/strong>, ter\u00e3o parte do seu valor de capa doado a para a Casa!<br \/>\nCompare\u00e7a, participe, apoie o quadrinho e o artista nacional.<\/p>\n<p><strong>Edna Pessanha<\/strong><br \/>\n@edna_pessanha<\/p>\n<p style=\"text-align: justify;\"><strong>Edna Pessanha<\/strong> \u00e9 jornalista h\u00e1 25 anos, sempre atuando no segmento de arte e cultura. \u00c9 escritora, roteirista, fundadora e diretora da Editora de revistas em quadrinhos, e revistas com jogos educativos de RPG para crian\u00e7as e adolescentes, <strong>Kri\u00f4 Comics<\/strong>, que est\u00e1 sediada na cidade de S\u00e3o Paulo, e tem por objetivo publicar unicamente, seus projetos autorais, contar hist\u00f3rias de representatividade, inclus\u00e3o, e de todas as minorias. Com o objetivo de fazer sua Editora uma empresa socialmente respons\u00e1vel, e por j\u00e1 realizar trabalho social na regi\u00e3o em que reside, a diretora da Editora Kri\u00f4 Comics, Edna Pessanha, idealizou o Kri\u00f4 Social, que \u00e9 o bra\u00e7o social da Kri\u00f4 Comics, por meio deste, \u00e9 destinado parte do valor de capa de cada uma de suas publica\u00e7\u00f5es, para um projeto, ou a\u00e7\u00e3o social.<\/p>\n<p><strong>Editora Kri\u00f4 Comics<\/strong><br \/>\n@editorakriocomicsoficial<br \/>\nwww.kriocomics.com.br<\/p>\n<p><strong>Casa de Cultura Volta do Mundo &amp; Conex\u00f5es<\/strong><br \/>\nRua do Ros\u00e1rio, 24 &#8211; Centro<br \/>\nRio de Janeiro &#8211; RJ<\/p>\n<p>&nbsp;<\/p>\n<p><em>Da Reda\u00e7\u00e3o<\/em><\/p>\n","protected":false},"excerpt":{"rendered":"<p>Neste s\u00e1bado, 17 de agosto, a Editora Kri\u00f4 Comics ir\u00e1 lan\u00e7ar a HQ da Dininha e Sua Turma, seu primeiro<\/p>\n","protected":false},"author":2,"featured_media":20023,"comment_status":"open","ping_status":"closed","sticky":false,"template":"","format":"standard","meta":{"sfsi_plus_gutenberg_text_before_share":"","sfsi_plus_gutenberg_show_text_before_share":"","sfsi_plus_gutenberg_icon_type":"","sfsi_plus_gutenberg_icon_alignemt":"","sfsi_plus_gutenburg_max_per_row":"","footnotes":""},"categories":[5,6820,1],"tags":[7495,6632,6602,162],"class_list":["post-20051","post","type-post","status-publish","format-standard","has-post-thumbnail","hentry","category-noticias","category-novidades-da-krio","category-ultimas-noticias","tag-casa-de-cultura-volta-do-mundo-conexoes","tag-dininha-e-sua-turma","tag-editora-krio-comics","tag-edna-pessanha"],"_links":{"self":[{"href":"https:\/\/kriocomics.com.br\/site\/wp-json\/wp\/v2\/posts\/20051","targetHints":{"allow":["GET"]}}],"collection":[{"href":"https:\/\/kriocomics.com.br\/site\/wp-json\/wp\/v2\/posts"}],"about":[{"href":"https:\/\/kriocomics.com.br\/site\/wp-json\/wp\/v2\/types\/post"}],"author":[{"embeddable":true,"href":"https:\/\/kriocomics.com.br\/site\/wp-json\/wp\/v2\/users\/2"}],"replies":[{"embeddable":true,"href":"https:\/\/kriocomics.com.br\/site\/wp-json\/wp\/v2\/comments?post=20051"}],"version-history":[{"count":4,"href":"https:\/\/kriocomics.com.br\/site\/wp-json\/wp\/v2\/posts\/20051\/revisions"}],"predecessor-version":[{"id":20058,"href":"https:\/\/kriocomics.com.br\/site\/wp-json\/wp\/v2\/posts\/20051\/revisions\/20058"}],"wp:featuredmedia":[{"embeddable":true,"href":"https:\/\/kriocomics.com.br\/site\/wp-json\/wp\/v2\/media\/20023"}],"wp:attachment":[{"href":"https:\/\/kriocomics.com.br\/site\/wp-json\/wp\/v2\/media?parent=20051"}],"wp:term":[{"taxonomy":"category","embeddable":true,"href":"https:\/\/kriocomics.com.br\/site\/wp-json\/wp\/v2\/categories?post=20051"},{"taxonomy":"post_tag","embeddable":true,"href":"https:\/\/kriocomics.com.br\/site\/wp-json\/wp\/v2\/tags?post=20051"}],"curies":[{"name":"wp","href":"https:\/\/api.w.org\/{rel}","templated":true}]}}