{"id":20072,"date":"2024-08-28T23:49:09","date_gmt":"2024-08-29T02:49:09","guid":{"rendered":"https:\/\/kriocomics.com.br\/site\/?p=20072"},"modified":"2024-09-22T15:04:26","modified_gmt":"2024-09-22T18:04:26","slug":"lancada-a-historia-em-quadrinhos-da-dininha-e-sua-turma-primeiro-projeto-infantil-da-editora-krio-comics","status":"publish","type":"post","link":"https:\/\/kriocomics.com.br\/site\/lancada-a-historia-em-quadrinhos-da-dininha-e-sua-turma-primeiro-projeto-infantil-da-editora-krio-comics\/","title":{"rendered":"Lan\u00e7ada a Hist\u00f3ria em Quadrinhos da Dininha e Sua Turma, primeiro projeto infantil da Editora Kri\u00f4 Comics"},"content":{"rendered":"<p style=\"text-align: center;\">Para comprar basta acessar o site da Editora, <span style=\"color: #000080;\"><strong><a style=\"color: #000080;\" href=\"https:\/\/kriocomics.com.br\/site\/produto\/hq-da-dininha-e-sua-turma-no-1\/\" target=\"_blank\" rel=\"noopener\">www.kriocomics.com.br<\/a><\/strong><\/span><\/p>\n<p><img loading=\"lazy\" decoding=\"async\" class=\"size-full wp-image-20073 aligncenter\" src=\"https:\/\/kriocomics.com.br\/site\/wp-content\/uploads\/2024\/08\/Dininha-e-Sua-Turma-3.jpg\" alt=\"\" width=\"600\" height=\"450\" srcset=\"https:\/\/kriocomics.com.br\/site\/wp-content\/uploads\/2024\/08\/Dininha-e-Sua-Turma-3.jpg 600w, https:\/\/kriocomics.com.br\/site\/wp-content\/uploads\/2024\/08\/Dininha-e-Sua-Turma-3-300x225.jpg 300w\" sizes=\"auto, (max-width: 600px) 100vw, 600px\" \/><\/p>\n<p style=\"text-align: justify;\">No dia 17 de agosto, a <strong>Editora Kri\u00f4 Comics<\/strong> lan\u00e7ou a Hist\u00f3ria em Quadrinhos da <strong>Dininha e Sua Turma<\/strong>, seu primeiro projeto infantil, na <strong>Casa de Cultura Volta do Mundo &amp; Conex\u00f5es<\/strong>, na cidade do Rio de Janeiro.<\/p>\n<p><img loading=\"lazy\" decoding=\"async\" class=\"alignnone wp-image-20074\" src=\"https:\/\/kriocomics.com.br\/site\/wp-content\/uploads\/2024\/08\/Dininha-e-Sua-Turma-9.jpg\" alt=\"\" width=\"343\" height=\"457\" srcset=\"https:\/\/kriocomics.com.br\/site\/wp-content\/uploads\/2024\/08\/Dininha-e-Sua-Turma-9.jpg 375w, https:\/\/kriocomics.com.br\/site\/wp-content\/uploads\/2024\/08\/Dininha-e-Sua-Turma-9-225x300.jpg 225w\" sizes=\"auto, (max-width: 343px) 100vw, 343px\" \/> <img loading=\"lazy\" decoding=\"async\" class=\"alignnone wp-image-20075\" src=\"https:\/\/kriocomics.com.br\/site\/wp-content\/uploads\/2024\/08\/Dininha-e-Sua-Turma-11.jpg\" alt=\"\" width=\"342\" height=\"456\" srcset=\"https:\/\/kriocomics.com.br\/site\/wp-content\/uploads\/2024\/08\/Dininha-e-Sua-Turma-11.jpg 375w, https:\/\/kriocomics.com.br\/site\/wp-content\/uploads\/2024\/08\/Dininha-e-Sua-Turma-11-225x300.jpg 225w\" sizes=\"auto, (max-width: 342px) 100vw, 342px\" \/><\/p>\n<p style=\"text-align: justify;\">Al\u00e9m de conquistar a crian\u00e7ada, v\u00e1rios pais, av\u00f3s, e tios, compareceram ao lan\u00e7amento para comprar um exemplar da revistinha da Dininha, e presentear suas crian\u00e7as.<\/p>\n<p><img loading=\"lazy\" decoding=\"async\" class=\"alignnone wp-image-20076\" src=\"https:\/\/kriocomics.com.br\/site\/wp-content\/uploads\/2024\/08\/Dininha-e-Sua-Turma.jpg\" alt=\"\" width=\"349\" height=\"465\" srcset=\"https:\/\/kriocomics.com.br\/site\/wp-content\/uploads\/2024\/08\/Dininha-e-Sua-Turma.jpg 375w, https:\/\/kriocomics.com.br\/site\/wp-content\/uploads\/2024\/08\/Dininha-e-Sua-Turma-225x300.jpg 225w\" sizes=\"auto, (max-width: 349px) 100vw, 349px\" \/> <img loading=\"lazy\" decoding=\"async\" class=\"alignnone wp-image-20077\" src=\"https:\/\/kriocomics.com.br\/site\/wp-content\/uploads\/2024\/08\/Dininha-e-Sua-Turma-15.jpg\" alt=\"\" width=\"361\" height=\"466\" srcset=\"https:\/\/kriocomics.com.br\/site\/wp-content\/uploads\/2024\/08\/Dininha-e-Sua-Turma-15.jpg 450w, https:\/\/kriocomics.com.br\/site\/wp-content\/uploads\/2024\/08\/Dininha-e-Sua-Turma-15-232x300.jpg 232w\" sizes=\"auto, (max-width: 361px) 100vw, 361px\" \/><\/p>\n<p style=\"text-align: justify;\">Criada e escrita pela jornalista e escritora, <strong>Edna Pessanha<\/strong>, e ilustrada por <strong>Rodrigo Rosa de Souza<\/strong>, as hist\u00f3rias da <strong>Dininha e Sua Turma<\/strong>, contar\u00e3o as aventuras de seis crian\u00e7as que se conhecem durante um mutir\u00e3o para a constru\u00e7\u00e3o da casa pr\u00f3pria em um bairro nobre. Os moradores n\u00e3o gostam da chegada dos novos vizinhos, e tentam impedir que o mutir\u00e3o fique pronto, por\u00e9m, as crian\u00e7as que residem no bairro, e a nova turminha, dar\u00e3o uma li\u00e7\u00e3o de respeito e conviv\u00eancia para os adultos. Este \u00e9 um quadrinho de espelho e inclus\u00e3o. As crian\u00e7as negras, ou n\u00e3o, ir\u00e3o se reconhecer nestes personagens, que mostram como podemos aprender com as diferen\u00e7as, trazendo \u00e0 tona quest\u00f5es de representatividade, com protagonismo de personagens negros, e PCD.<\/p>\n<p><img loading=\"lazy\" decoding=\"async\" class=\"alignnone wp-image-20078\" src=\"https:\/\/kriocomics.com.br\/site\/wp-content\/uploads\/2024\/08\/Dininha-e-Sua-Turma-17.jpg\" alt=\"\" width=\"344\" height=\"567\" srcset=\"https:\/\/kriocomics.com.br\/site\/wp-content\/uploads\/2024\/08\/Dininha-e-Sua-Turma-17.jpg 364w, https:\/\/kriocomics.com.br\/site\/wp-content\/uploads\/2024\/08\/Dininha-e-Sua-Turma-17-182x300.jpg 182w\" sizes=\"auto, (max-width: 344px) 100vw, 344px\" \/> <img loading=\"lazy\" decoding=\"async\" class=\"alignnone wp-image-20079\" src=\"https:\/\/kriocomics.com.br\/site\/wp-content\/uploads\/2024\/08\/Dininha-e-Sua-Turma-16.jpg\" alt=\"\" width=\"389\" height=\"569\" srcset=\"https:\/\/kriocomics.com.br\/site\/wp-content\/uploads\/2024\/08\/Dininha-e-Sua-Turma-16.jpg 410w, https:\/\/kriocomics.com.br\/site\/wp-content\/uploads\/2024\/08\/Dininha-e-Sua-Turma-16-205x300.jpg 205w\" sizes=\"auto, (max-width: 389px) 100vw, 389px\" \/><\/p>\n<p style=\"text-align: justify;\"><strong>Importante:<\/strong><\/p>\n<p style=\"text-align: justify;\">Para comprar basta acessar o site da Editora, <span style=\"color: #000080;\"><strong><a style=\"color: #000080;\" href=\"https:\/\/kriocomics.com.br\/site\/produto\/hq-da-dininha-e-sua-turma-no-1\/\" target=\"_blank\" rel=\"noopener\">www.kriocomics.com.br<\/a><\/strong><\/span>, para quem reside na cidade de S\u00e3o Paulo, ou regi\u00e3o metropolitana, \u00e9 poss\u00edvel fazer a entrega, mesmo que seja de um \u00fanico exemplar, nas esta\u00e7\u00f5es Tucuruvi, ou Parada Inglesa, do Metr\u00f4.<\/p>\n<p><img loading=\"lazy\" decoding=\"async\" class=\"wp-image-20080\" src=\"https:\/\/kriocomics.com.br\/site\/wp-content\/uploads\/2024\/08\/Dininha-e-Sua-Turma-18.jpg\" alt=\"\" width=\"359\" height=\"487\" srcset=\"https:\/\/kriocomics.com.br\/site\/wp-content\/uploads\/2024\/08\/Dininha-e-Sua-Turma-18.jpg 442w, https:\/\/kriocomics.com.br\/site\/wp-content\/uploads\/2024\/08\/Dininha-e-Sua-Turma-18-221x300.jpg 221w\" sizes=\"auto, (max-width: 359px) 100vw, 359px\" \/> <img loading=\"lazy\" decoding=\"async\" class=\"wp-image-20082\" src=\"https:\/\/kriocomics.com.br\/site\/wp-content\/uploads\/2024\/08\/Dininha-e-Sua-Turma-21.jpg\" alt=\"\" width=\"348\" height=\"464\" srcset=\"https:\/\/kriocomics.com.br\/site\/wp-content\/uploads\/2024\/08\/Dininha-e-Sua-Turma-21.jpg 450w, https:\/\/kriocomics.com.br\/site\/wp-content\/uploads\/2024\/08\/Dininha-e-Sua-Turma-21-225x300.jpg 225w\" sizes=\"auto, (max-width: 348px) 100vw, 348px\" \/><\/p>\n<p>A <strong>Editora Kri\u00f4 Comics<\/strong> \u00e9 uma empresa socialmente respons\u00e1vel, por meio do <strong>Kri\u00f4 Social<\/strong>, que \u00e9 o bra\u00e7o social da <strong>Kri\u00f4 Comics<\/strong>, parte do valor de capa de cada uma de suas publica\u00e7\u00f5es, \u00e9 doado para um projeto, ou a\u00e7\u00e3o social.<\/p>\n<p><img loading=\"lazy\" decoding=\"async\" class=\"size-full wp-image-20081 aligncenter\" src=\"https:\/\/kriocomics.com.br\/site\/wp-content\/uploads\/2024\/08\/Dininha-e-Sua-Turma-20.jpg\" alt=\"\" width=\"600\" height=\"450\" srcset=\"https:\/\/kriocomics.com.br\/site\/wp-content\/uploads\/2024\/08\/Dininha-e-Sua-Turma-20.jpg 600w, https:\/\/kriocomics.com.br\/site\/wp-content\/uploads\/2024\/08\/Dininha-e-Sua-Turma-20-300x225.jpg 300w\" sizes=\"auto, (max-width: 600px) 100vw, 600px\" \/><\/p>\n<p style=\"text-align: justify;\">Em est\u00edmulo e incentivo \u00e0 leitura, ao artista, e ao quadrinho nacional, as revistas da <strong>Editora Kri\u00f4 Comics<\/strong> podem fazer parte dos itens da cesta b\u00e1sica de uma empresa, ou projeto social, presenteadas para clientes que comprarem um determinado produto, ou a partir de um certo valor, para quem se matricular em um curso, clube, academia, etc., ou para alunos de escola p\u00fablica e particular.<\/p>\n<p><img loading=\"lazy\" decoding=\"async\" class=\"alignnone wp-image-20083\" src=\"https:\/\/kriocomics.com.br\/site\/wp-content\/uploads\/2024\/08\/Dininha-e-Sua-Turma-24.jpg\" alt=\"\" width=\"377\" height=\"503\" srcset=\"https:\/\/kriocomics.com.br\/site\/wp-content\/uploads\/2024\/08\/Dininha-e-Sua-Turma-24.jpg 450w, https:\/\/kriocomics.com.br\/site\/wp-content\/uploads\/2024\/08\/Dininha-e-Sua-Turma-24-225x300.jpg 225w\" sizes=\"auto, (max-width: 377px) 100vw, 377px\" \/> <img loading=\"lazy\" decoding=\"async\" class=\"alignnone wp-image-20084\" src=\"https:\/\/kriocomics.com.br\/site\/wp-content\/uploads\/2024\/08\/Dininha-e-Sua-Turma-23.jpg\" alt=\"\" width=\"319\" height=\"504\" srcset=\"https:\/\/kriocomics.com.br\/site\/wp-content\/uploads\/2024\/08\/Dininha-e-Sua-Turma-23.jpg 380w, https:\/\/kriocomics.com.br\/site\/wp-content\/uploads\/2024\/08\/Dininha-e-Sua-Turma-23-190x300.jpg 190w\" sizes=\"auto, (max-width: 319px) 100vw, 319px\" \/><\/p>\n<p>&nbsp;<\/p>\n<p><em>Da Reda\u00e7\u00e3o<\/em><\/p>\n","protected":false},"excerpt":{"rendered":"<p>Para comprar basta acessar o site da Editora, www.kriocomics.com.br No dia 17 de agosto, a Editora Kri\u00f4 Comics lan\u00e7ou a<\/p>\n","protected":false},"author":2,"featured_media":20092,"comment_status":"open","ping_status":"closed","sticky":false,"template":"","format":"standard","meta":{"sfsi_plus_gutenberg_text_before_share":"","sfsi_plus_gutenberg_show_text_before_share":"","sfsi_plus_gutenberg_icon_type":"","sfsi_plus_gutenberg_icon_alignemt":"","sfsi_plus_gutenburg_max_per_row":"","footnotes":""},"categories":[6,5,6820,1],"tags":[7495,6632,6602,162,6131],"class_list":["post-20072","post","type-post","status-publish","format-standard","has-post-thumbnail","hentry","category-hqs","category-noticias","category-novidades-da-krio","category-ultimas-noticias","tag-casa-de-cultura-volta-do-mundo-conexoes","tag-dininha-e-sua-turma","tag-editora-krio-comics","tag-edna-pessanha","tag-rodrigo-rosa-de-souza"],"_links":{"self":[{"href":"https:\/\/kriocomics.com.br\/site\/wp-json\/wp\/v2\/posts\/20072","targetHints":{"allow":["GET"]}}],"collection":[{"href":"https:\/\/kriocomics.com.br\/site\/wp-json\/wp\/v2\/posts"}],"about":[{"href":"https:\/\/kriocomics.com.br\/site\/wp-json\/wp\/v2\/types\/post"}],"author":[{"embeddable":true,"href":"https:\/\/kriocomics.com.br\/site\/wp-json\/wp\/v2\/users\/2"}],"replies":[{"embeddable":true,"href":"https:\/\/kriocomics.com.br\/site\/wp-json\/wp\/v2\/comments?post=20072"}],"version-history":[{"count":8,"href":"https:\/\/kriocomics.com.br\/site\/wp-json\/wp\/v2\/posts\/20072\/revisions"}],"predecessor-version":[{"id":20093,"href":"https:\/\/kriocomics.com.br\/site\/wp-json\/wp\/v2\/posts\/20072\/revisions\/20093"}],"wp:featuredmedia":[{"embeddable":true,"href":"https:\/\/kriocomics.com.br\/site\/wp-json\/wp\/v2\/media\/20092"}],"wp:attachment":[{"href":"https:\/\/kriocomics.com.br\/site\/wp-json\/wp\/v2\/media?parent=20072"}],"wp:term":[{"taxonomy":"category","embeddable":true,"href":"https:\/\/kriocomics.com.br\/site\/wp-json\/wp\/v2\/categories?post=20072"},{"taxonomy":"post_tag","embeddable":true,"href":"https:\/\/kriocomics.com.br\/site\/wp-json\/wp\/v2\/tags?post=20072"}],"curies":[{"name":"wp","href":"https:\/\/api.w.org\/{rel}","templated":true}]}}