{"id":20232,"date":"2024-10-05T10:46:03","date_gmt":"2024-10-05T13:46:03","guid":{"rendered":"https:\/\/kriocomics.com.br\/site\/?p=20232"},"modified":"2024-11-07T23:55:14","modified_gmt":"2024-11-08T02:55:14","slug":"lancada-na-cidade-de-sao-paulo-a-hq-da-dininha-e-sua-turma","status":"publish","type":"post","link":"https:\/\/kriocomics.com.br\/site\/lancada-na-cidade-de-sao-paulo-a-hq-da-dininha-e-sua-turma\/","title":{"rendered":"Lan\u00e7ada na cidade de S\u00e3o Paulo a HQ da Dininha e Sua Turma"},"content":{"rendered":"<p style=\"text-align: justify;\">Nos dias 28 e 29 de setembro durante o <strong>Gibi SP Festival 3.0<\/strong>, a <strong>Editora Kri\u00f4 Comics<\/strong> lan\u00e7ou na cidade de S\u00e3o Paulo com grande sucesso, seu primeiro projeto infantil, a HQ da <strong>Dininha e Sua Turma<\/strong>.<\/p>\n<p>Clique aqui para comprar <strong><span style=\"color: #000080;\"><a style=\"color: #000080;\" href=\"https:\/\/kriocomics.com.br\/site\/produto\/hq-da-dininha-e-sua-turma-no-1\/\" target=\"_blank\" rel=\"noopener\">https:\/\/kriocomics.com.br\/site\/produto\/hq-da-dininha-e-sua-turma-no-1\/<\/a><\/span><\/strong><\/p>\n<p><img loading=\"lazy\" decoding=\"async\" class=\" wp-image-20234 aligncenter\" src=\"https:\/\/kriocomics.com.br\/site\/wp-content\/uploads\/2024\/10\/Edna-Pessanha-GIBI-SP-Festival-1.jpg\" alt=\"\" width=\"428\" height=\"403\" srcset=\"https:\/\/kriocomics.com.br\/site\/wp-content\/uploads\/2024\/10\/Edna-Pessanha-GIBI-SP-Festival-1.jpg 573w, https:\/\/kriocomics.com.br\/site\/wp-content\/uploads\/2024\/10\/Edna-Pessanha-GIBI-SP-Festival-1-300x283.jpg 300w\" sizes=\"auto, (max-width: 428px) 100vw, 428px\" \/><\/p>\n<p style=\"text-align: justify;\">Ap\u00f3s as cidades do Rio de Janeiro, e Tabo\u00e3o da Serra, finalmente chegou a vez de S\u00e3o Paulo conhecer essa turminha super divertida. Tanto adultos quanto as crian\u00e7as que estiveram no evento, ficaram encantados e gostaram da tem\u00e1tica desta publica\u00e7\u00e3o de espelho, representatividade e inclus\u00e3o.<\/p>\n<p><img loading=\"lazy\" decoding=\"async\" class=\"alignnone wp-image-20235\" src=\"https:\/\/kriocomics.com.br\/site\/wp-content\/uploads\/2024\/10\/Edna-Pessanha-GIBI-SP-Festival-2.jpg\" alt=\"\" width=\"293\" height=\"294\" srcset=\"https:\/\/kriocomics.com.br\/site\/wp-content\/uploads\/2024\/10\/Edna-Pessanha-GIBI-SP-Festival-2.jpg 500w, https:\/\/kriocomics.com.br\/site\/wp-content\/uploads\/2024\/10\/Edna-Pessanha-GIBI-SP-Festival-2-300x300.jpg 300w, https:\/\/kriocomics.com.br\/site\/wp-content\/uploads\/2024\/10\/Edna-Pessanha-GIBI-SP-Festival-2-150x150.jpg 150w, https:\/\/kriocomics.com.br\/site\/wp-content\/uploads\/2024\/10\/Edna-Pessanha-GIBI-SP-Festival-2-100x100.jpg 100w\" sizes=\"auto, (max-width: 293px) 100vw, 293px\" \/> <img loading=\"lazy\" decoding=\"async\" class=\"alignnone wp-image-20236\" src=\"https:\/\/kriocomics.com.br\/site\/wp-content\/uploads\/2024\/10\/Edna-Pessanha-GIBI-SP-Festival-4.jpg\" alt=\"\" width=\"201\" height=\"357\" srcset=\"https:\/\/kriocomics.com.br\/site\/wp-content\/uploads\/2024\/10\/Edna-Pessanha-GIBI-SP-Festival-4.jpg 281w, https:\/\/kriocomics.com.br\/site\/wp-content\/uploads\/2024\/10\/Edna-Pessanha-GIBI-SP-Festival-4-169x300.jpg 169w\" sizes=\"auto, (max-width: 201px) 100vw, 201px\" \/><img loading=\"lazy\" decoding=\"async\" class=\"alignnone wp-image-20237\" src=\"https:\/\/kriocomics.com.br\/site\/wp-content\/uploads\/2024\/10\/Edna-Pessanha-GIBI-SP-Festival-7.jpg\" alt=\"\" width=\"208\" height=\"358\" srcset=\"https:\/\/kriocomics.com.br\/site\/wp-content\/uploads\/2024\/10\/Edna-Pessanha-GIBI-SP-Festival-7.jpg 290w, https:\/\/kriocomics.com.br\/site\/wp-content\/uploads\/2024\/10\/Edna-Pessanha-GIBI-SP-Festival-7-174x300.jpg 174w\" sizes=\"auto, (max-width: 208px) 100vw, 208px\" \/><\/p>\n<p style=\"text-align: justify;\">Criada e escrita pela jornalista e diretora da Kri\u00f4 Comics, <strong>Edna Pessanha<\/strong>, com ilustra\u00e7\u00e3o de <strong>Rodrigo Rosa de Souza<\/strong>, <strong>Dininha e Sua Turma<\/strong> tem protagonismo de personagens negros e PCDs, e ir\u00e1 mostrar que podemos aprender com as diferen\u00e7as.<\/p>\n<p><img loading=\"lazy\" decoding=\"async\" class=\"wp-image-20238 alignleft\" src=\"https:\/\/kriocomics.com.br\/site\/wp-content\/uploads\/2024\/10\/Edna-Pessanha-GIBI-SP-Festival-5.jpg\" alt=\"\" width=\"381\" height=\"286\" srcset=\"https:\/\/kriocomics.com.br\/site\/wp-content\/uploads\/2024\/10\/Edna-Pessanha-GIBI-SP-Festival-5.jpg 600w, https:\/\/kriocomics.com.br\/site\/wp-content\/uploads\/2024\/10\/Edna-Pessanha-GIBI-SP-Festival-5-300x225.jpg 300w\" sizes=\"auto, (max-width: 381px) 100vw, 381px\" \/><img loading=\"lazy\" decoding=\"async\" class=\"wp-image-20239 alignleft\" src=\"https:\/\/kriocomics.com.br\/site\/wp-content\/uploads\/2024\/10\/CARD-GIBI-SP-FESTIVAL.jpg\" alt=\"\" width=\"283\" height=\"282\" srcset=\"https:\/\/kriocomics.com.br\/site\/wp-content\/uploads\/2024\/10\/CARD-GIBI-SP-FESTIVAL.jpg 693w, https:\/\/kriocomics.com.br\/site\/wp-content\/uploads\/2024\/10\/CARD-GIBI-SP-FESTIVAL-300x300.jpg 300w, https:\/\/kriocomics.com.br\/site\/wp-content\/uploads\/2024\/10\/CARD-GIBI-SP-FESTIVAL-150x150.jpg 150w, https:\/\/kriocomics.com.br\/site\/wp-content\/uploads\/2024\/10\/CARD-GIBI-SP-FESTIVAL-600x597.jpg 600w, https:\/\/kriocomics.com.br\/site\/wp-content\/uploads\/2024\/10\/CARD-GIBI-SP-FESTIVAL-100x100.jpg 100w\" sizes=\"auto, (max-width: 283px) 100vw, 283px\" \/><\/p>\n<p>&nbsp;<\/p>\n<p>&nbsp;<\/p>\n<p>&nbsp;<\/p>\n<p>&nbsp;<\/p>\n<p>&nbsp;<\/p>\n<p>&nbsp;<\/p>\n<p>&nbsp;<\/p>\n<p>&nbsp;<\/p>\n<p><em>Da Reda\u00e7\u00e3o<\/em><\/p>\n","protected":false},"excerpt":{"rendered":"<p>Nos dias 28 e 29 de setembro durante o Gibi SP Festival 3.0, a Editora Kri\u00f4 Comics lan\u00e7ou na cidade<\/p>\n","protected":false},"author":2,"featured_media":20242,"comment_status":"open","ping_status":"closed","sticky":false,"template":"","format":"standard","meta":{"sfsi_plus_gutenberg_text_before_share":"","sfsi_plus_gutenberg_show_text_before_share":"","sfsi_plus_gutenberg_icon_type":"","sfsi_plus_gutenberg_icon_alignemt":"","sfsi_plus_gutenburg_max_per_row":"","footnotes":""},"categories":[5,6820,1],"tags":[6632,6602,162,7434],"class_list":["post-20232","post","type-post","status-publish","format-standard","has-post-thumbnail","hentry","category-noticias","category-novidades-da-krio","category-ultimas-noticias","tag-dininha-e-sua-turma","tag-editora-krio-comics","tag-edna-pessanha","tag-gibi-sp-festival-3-0"],"_links":{"self":[{"href":"https:\/\/kriocomics.com.br\/site\/wp-json\/wp\/v2\/posts\/20232","targetHints":{"allow":["GET"]}}],"collection":[{"href":"https:\/\/kriocomics.com.br\/site\/wp-json\/wp\/v2\/posts"}],"about":[{"href":"https:\/\/kriocomics.com.br\/site\/wp-json\/wp\/v2\/types\/post"}],"author":[{"embeddable":true,"href":"https:\/\/kriocomics.com.br\/site\/wp-json\/wp\/v2\/users\/2"}],"replies":[{"embeddable":true,"href":"https:\/\/kriocomics.com.br\/site\/wp-json\/wp\/v2\/comments?post=20232"}],"version-history":[{"count":7,"href":"https:\/\/kriocomics.com.br\/site\/wp-json\/wp\/v2\/posts\/20232\/revisions"}],"predecessor-version":[{"id":20247,"href":"https:\/\/kriocomics.com.br\/site\/wp-json\/wp\/v2\/posts\/20232\/revisions\/20247"}],"wp:featuredmedia":[{"embeddable":true,"href":"https:\/\/kriocomics.com.br\/site\/wp-json\/wp\/v2\/media\/20242"}],"wp:attachment":[{"href":"https:\/\/kriocomics.com.br\/site\/wp-json\/wp\/v2\/media?parent=20232"}],"wp:term":[{"taxonomy":"category","embeddable":true,"href":"https:\/\/kriocomics.com.br\/site\/wp-json\/wp\/v2\/categories?post=20232"},{"taxonomy":"post_tag","embeddable":true,"href":"https:\/\/kriocomics.com.br\/site\/wp-json\/wp\/v2\/tags?post=20232"}],"curies":[{"name":"wp","href":"https:\/\/api.w.org\/{rel}","templated":true}]}}