{"id":20323,"date":"2024-11-07T23:20:47","date_gmt":"2024-11-08T02:20:47","guid":{"rendered":"https:\/\/kriocomics.com.br\/site\/?p=20323"},"modified":"2024-11-07T23:21:26","modified_gmt":"2024-11-08T02:21:26","slug":"26a-festa-do-livro-da-usp-reune-editoras-com-descontos-incriveis-em-sao-paulo","status":"publish","type":"post","link":"https:\/\/kriocomics.com.br\/site\/26a-festa-do-livro-da-usp-reune-editoras-com-descontos-incriveis-em-sao-paulo\/","title":{"rendered":"26\u00aa Festa do Livro da USP re\u00fane editoras com descontos incr\u00edveis em S\u00e3o Paulo"},"content":{"rendered":"<p style=\"text-align: justify;\">A <strong>Festa do Livro da USP<\/strong> \u00e9 uma feira liter\u00e1ria realizada anualmente pela Universidade de S\u00e3o Paulo (USP) desde 1999, considerada o evento com sua pol\u00edtica de exigir m\u00ednimo de 50% para todos os livros vendidos, assim aproximando editoras e leitores. O evento idealizado por <strong>Professor Pl\u00ednio Martins Filho<\/strong> (ent\u00e3o presidente da Edusp), foi realizada na Faculdade de Filosofia, Letras e Ci\u00eancias Humanas da Universidade de S\u00e3o Paulo.<\/p>\n<p style=\"text-align: justify;\">A partir da d\u00e9cima terceira edi\u00e7\u00e3o o evento passou a ser realizado na Escola Polit\u00e9cnica da USP, apenas em 2015, a Festa foi realocada para um local pr\u00f3ximo ao Centro de Pr\u00e1ticas Esportivas da USP. Na sua vig\u00e9sima edi\u00e7\u00e3o, em 2018, mais de 200 editoras participaram do evento.<\/p>\n<p style=\"text-align: justify;\">Neste ano, a 26\u00aa edi\u00e7\u00e3o da Festa come\u00e7ou quarta-feira dia seis de novembro, e vai at\u00e9 domingo dia 10 de novembro, trazendo diversas novidades, em uma busca integrada no cat\u00e1logo de todas as editoras. Assim voc\u00ea poder\u00e1 encontrar mais facilmente o livro que procura.<\/p>\n<p style=\"text-align: justify;\">O evento ainda conta com algumas novidades, al\u00e9m das mais de 200 editoras, a feira tem como novo sistema de busca integrada no\u00a0<strong><span style=\"color: #000080;\"><a style=\"color: #000080;\" href=\"https:\/\/festadolivro.edusp.com.br\/\" target=\"_blank\" rel=\"noopener\">site da oficial<\/a><\/span><\/strong>\u00a0do evento. Al\u00e9m disso, a Festa receber\u00e1 uma delega\u00e7\u00e3o de editoras comerciais e universit\u00e1rias argentinas. Al\u00e9m da rela\u00e7\u00e3o das editoras participantes, que pode ser consultada as listas dos livros que est\u00e3o dispon\u00edveis e venha nos visitar novamente no campus Butant\u00e3 da USP.<\/p>\n<p><strong>Festa do Livro da USP<\/strong><br \/>\nData: 6 a 10 de novembro\/2024<br \/>\nHor\u00e1rios:<br \/>\n9h \u00e0s 21h (quarta a sexta-feira)<br \/>\n9h \u00e0s 19h (s\u00e1bado e domingo)<br \/>\nEndere\u00e7o: Av. Prof. Mello Moraes, travessa C<br \/>\nCidade Universit\u00e1ria \u2013 S\u00e3o Paulo\/SP<\/p>\n<p><em>Por: Priscila Visconti<\/em><br \/>\n<span style=\"color: #000080;\"><strong><a style=\"color: #000080;\" href=\"https:\/\/obarquinhocultural.com\/\" target=\"_blank\" rel=\"noopener\"><em>O Barquinho Cultural<\/em><\/a><\/strong><\/span><\/p>\n","protected":false},"excerpt":{"rendered":"<p>A Festa do Livro da USP \u00e9 uma feira liter\u00e1ria realizada anualmente pela Universidade de S\u00e3o Paulo (USP) desde 1999,<\/p>\n","protected":false},"author":2,"featured_media":20324,"comment_status":"open","ping_status":"closed","sticky":false,"template":"","format":"standard","meta":{"sfsi_plus_gutenberg_text_before_share":"","sfsi_plus_gutenberg_show_text_before_share":"","sfsi_plus_gutenberg_icon_type":"","sfsi_plus_gutenberg_icon_alignemt":"","sfsi_plus_gutenburg_max_per_row":"","footnotes":""},"categories":[15],"tags":[7566,7568,7567,7569],"class_list":["post-20323","post","type-post","status-publish","format-standard","has-post-thumbnail","hentry","category-eventos","tag-26a-festa-do-livro-da-usp","tag-escola-politecnica-da-usp","tag-festa-do-livro-da-usp","tag-professor-plinio-martins-filho"],"_links":{"self":[{"href":"https:\/\/kriocomics.com.br\/site\/wp-json\/wp\/v2\/posts\/20323","targetHints":{"allow":["GET"]}}],"collection":[{"href":"https:\/\/kriocomics.com.br\/site\/wp-json\/wp\/v2\/posts"}],"about":[{"href":"https:\/\/kriocomics.com.br\/site\/wp-json\/wp\/v2\/types\/post"}],"author":[{"embeddable":true,"href":"https:\/\/kriocomics.com.br\/site\/wp-json\/wp\/v2\/users\/2"}],"replies":[{"embeddable":true,"href":"https:\/\/kriocomics.com.br\/site\/wp-json\/wp\/v2\/comments?post=20323"}],"version-history":[{"count":2,"href":"https:\/\/kriocomics.com.br\/site\/wp-json\/wp\/v2\/posts\/20323\/revisions"}],"predecessor-version":[{"id":20326,"href":"https:\/\/kriocomics.com.br\/site\/wp-json\/wp\/v2\/posts\/20323\/revisions\/20326"}],"wp:featuredmedia":[{"embeddable":true,"href":"https:\/\/kriocomics.com.br\/site\/wp-json\/wp\/v2\/media\/20324"}],"wp:attachment":[{"href":"https:\/\/kriocomics.com.br\/site\/wp-json\/wp\/v2\/media?parent=20323"}],"wp:term":[{"taxonomy":"category","embeddable":true,"href":"https:\/\/kriocomics.com.br\/site\/wp-json\/wp\/v2\/categories?post=20323"},{"taxonomy":"post_tag","embeddable":true,"href":"https:\/\/kriocomics.com.br\/site\/wp-json\/wp\/v2\/tags?post=20323"}],"curies":[{"name":"wp","href":"https:\/\/api.w.org\/{rel}","templated":true}]}}