{"id":20361,"date":"2025-01-07T16:40:30","date_gmt":"2025-01-07T19:40:30","guid":{"rendered":"https:\/\/kriocomics.com.br\/site\/?p=20361"},"modified":"2025-01-07T17:10:28","modified_gmt":"2025-01-07T20:10:28","slug":"editora-krio-comics-participara-da-feira-de-arte-preta-que-acontecera-dias-11-e-12-de-janeiro","status":"publish","type":"post","link":"https:\/\/kriocomics.com.br\/site\/editora-krio-comics-participara-da-feira-de-arte-preta-que-acontecera-dias-11-e-12-de-janeiro\/","title":{"rendered":"Editora Kri\u00f4 Comics participar\u00e1 da Feira de Arte Preta que acontecer\u00e1 dias 11 e 12 de janeiro"},"content":{"rendered":"<p style=\"text-align: justify;\">Idealizada pelo <strong>Coletivo Hip Hop Sim, Drogas N\u00e3o<\/strong>, a <strong>Feira de Arte Preta<\/strong> tem como um dos seus principais objetivos, apresentar novos criadores e empreendedores pretos, al\u00e9m de resgatar a mem\u00f3ria, e informar sobre a import\u00e2ncia do Negro na sociedade por meio da arte e da cultura.<\/p>\n<p style=\"text-align: justify;\">Todas as edi\u00e7\u00f5es deste evento s\u00e3o realizadas ao ar livre, intencionalmente nos locais cuja participa\u00e7\u00e3o dos ancestrais foi fundamental para sua constru\u00e7\u00e3o e desenvolvimento, tais como: Largo do Paissandu, bairro da Liberdade, bairro do Bixiga, e Largo S\u00e3o Bento, entre outros, que j\u00e1 est\u00e3o no roteiro da <strong>Feira de Arte Preta<\/strong> que acontecer\u00e1 ao longo do ano de 2025.<\/p>\n<p><strong>Feira de Arte Preta<\/strong><br \/>\nDias 11 e 12 de janeiro<br \/>\nDas 9h \u00e0s 18h<br \/>\nRua dos Aflitos (ao ar livre)<br \/>\nBairro da Liberdade<br \/>\nS\u00e3o Paulo &#8211; SP<\/p>\n<p><strong>Instagram:<\/strong> @hip_hop_sim_drogas_nao<\/p>\n<p><em>Por: Andr\u00e9 Luiz Souza<\/em><\/p>\n<p>&nbsp;<\/p>\n","protected":false},"excerpt":{"rendered":"<p>Idealizada pelo Coletivo Hip Hop Sim, Drogas N\u00e3o, a Feira de Arte Preta tem como um dos seus principais objetivos,<\/p>\n","protected":false},"author":2,"featured_media":20367,"comment_status":"open","ping_status":"closed","sticky":false,"template":"","format":"standard","meta":{"sfsi_plus_gutenberg_text_before_share":"","sfsi_plus_gutenberg_show_text_before_share":"","sfsi_plus_gutenberg_icon_type":"","sfsi_plus_gutenberg_icon_alignemt":"","sfsi_plus_gutenburg_max_per_row":"","footnotes":""},"categories":[15],"tags":[7584,7583],"class_list":["post-20361","post","type-post","status-publish","format-standard","has-post-thumbnail","hentry","category-eventos","tag-coletivo-hip-hop-sim-drogas-nao","tag-feira-de-arte-preta"],"_links":{"self":[{"href":"https:\/\/kriocomics.com.br\/site\/wp-json\/wp\/v2\/posts\/20361","targetHints":{"allow":["GET"]}}],"collection":[{"href":"https:\/\/kriocomics.com.br\/site\/wp-json\/wp\/v2\/posts"}],"about":[{"href":"https:\/\/kriocomics.com.br\/site\/wp-json\/wp\/v2\/types\/post"}],"author":[{"embeddable":true,"href":"https:\/\/kriocomics.com.br\/site\/wp-json\/wp\/v2\/users\/2"}],"replies":[{"embeddable":true,"href":"https:\/\/kriocomics.com.br\/site\/wp-json\/wp\/v2\/comments?post=20361"}],"version-history":[{"count":8,"href":"https:\/\/kriocomics.com.br\/site\/wp-json\/wp\/v2\/posts\/20361\/revisions"}],"predecessor-version":[{"id":20371,"href":"https:\/\/kriocomics.com.br\/site\/wp-json\/wp\/v2\/posts\/20361\/revisions\/20371"}],"wp:featuredmedia":[{"embeddable":true,"href":"https:\/\/kriocomics.com.br\/site\/wp-json\/wp\/v2\/media\/20367"}],"wp:attachment":[{"href":"https:\/\/kriocomics.com.br\/site\/wp-json\/wp\/v2\/media?parent=20361"}],"wp:term":[{"taxonomy":"category","embeddable":true,"href":"https:\/\/kriocomics.com.br\/site\/wp-json\/wp\/v2\/categories?post=20361"},{"taxonomy":"post_tag","embeddable":true,"href":"https:\/\/kriocomics.com.br\/site\/wp-json\/wp\/v2\/tags?post=20361"}],"curies":[{"name":"wp","href":"https:\/\/api.w.org\/{rel}","templated":true}]}}