{"id":20434,"date":"2025-01-19T02:03:08","date_gmt":"2025-01-19T05:03:08","guid":{"rendered":"https:\/\/kriocomics.com.br\/site\/?p=20434"},"modified":"2025-02-12T23:58:17","modified_gmt":"2025-02-13T02:58:17","slug":"painel-sobre-adaptacoes-literarias-para-quadrinhos-na-escola-mediado-pela-jornalista-edna-pessanha-foi-um-dos-destaques-do-educahq-de-2024","status":"publish","type":"post","link":"https:\/\/kriocomics.com.br\/site\/painel-sobre-adaptacoes-literarias-para-quadrinhos-na-escola-mediado-pela-jornalista-edna-pessanha-foi-um-dos-destaques-do-educahq-de-2024\/","title":{"rendered":"Painel sobre Adapta\u00e7\u00f5es Liter\u00e1rias para Quadrinhos na Escola, mediado pela jornalista Edna Pessanha, foi um dos destaques do EducaHQ de 2024"},"content":{"rendered":"<p style=\"text-align: justify;\"><img loading=\"lazy\" decoding=\"async\" class=\" wp-image-20440 alignleft\" src=\"https:\/\/kriocomics.com.br\/site\/wp-content\/uploads\/2025\/01\/Educa-HQ.jpg\" alt=\"\" width=\"506\" height=\"337\" srcset=\"https:\/\/kriocomics.com.br\/site\/wp-content\/uploads\/2025\/01\/Educa-HQ.jpg 600w, https:\/\/kriocomics.com.br\/site\/wp-content\/uploads\/2025\/01\/Educa-HQ-300x200.jpg 300w\" sizes=\"auto, (max-width: 506px) 100vw, 506px\" \/>Convidada pela organiza\u00e7\u00e3o do <strong>EducaHQ<\/strong>, que aconteceu entre os dias 17 e 19 de outubro de 2024, a jornalista <strong>Edna Pessanha<\/strong>, diretora da <strong>Editora Kri\u00f4 Comics<\/strong>, mediou o primeiro painel do evento, cujo tema tratou das <strong>Adapta\u00e7\u00f5es Liter\u00e1rias para Quadrinhos na Escola<\/strong>, e contou com grande participa\u00e7\u00e3o do p\u00fablico presente, e foi transmitido ao vivo pelo canal do <strong>EducaHQ<\/strong>.<\/p>\n<p style=\"text-align: justify;\"><strong>Edna Pessanha<\/strong> entrevistou o roteirista, professor, e editor de HQs, <strong>Daniel Esteves<\/strong>, e a quadrinista <strong>Larissa Palmieri<\/strong>, autora de v\u00e1rias adapta\u00e7\u00f5es liter\u00e1rias de cl\u00e1ssicos para quadrinhos, e vencedora do <strong>Trof\u00e9u HQMIX 2024<\/strong> pela obra, <strong>O Fantasma da \u00d3pera em S\u00e3o Paulo<\/strong>.<\/p>\n<p style=\"text-align: justify;\">A <strong>Editora Kri\u00f4 Comics<\/strong> tamb\u00e9m foi selecionada para expor seus quadrinhos no mesmo evento, cujo p\u00fablico alvo principal \u00e9 formado por professores e alunos de escolas p\u00fablicas.<\/p>\n<p><img loading=\"lazy\" decoding=\"async\" class=\"wp-image-20436 aligncenter\" src=\"https:\/\/kriocomics.com.br\/site\/wp-content\/uploads\/2025\/01\/EducaHQ-1.jpg\" alt=\"\" width=\"599\" height=\"337\" srcset=\"https:\/\/kriocomics.com.br\/site\/wp-content\/uploads\/2025\/01\/EducaHQ-1.jpg 600w, https:\/\/kriocomics.com.br\/site\/wp-content\/uploads\/2025\/01\/EducaHQ-1-300x169.jpg 300w\" sizes=\"auto, (max-width: 599px) 100vw, 599px\" \/><\/p>\n<p style=\"text-align: justify;\">O <strong>EducaHQ<\/strong> \u00e9 um evento pioneiro que une educa\u00e7\u00e3o e hist\u00f3rias em quadrinhos, promovendo um espa\u00e7o din\u00e2mico e interativo voltado para estudantes do ensino fundamental, m\u00e9dio, EJA, e superior, al\u00e9m de educadores e entusiastas das HQs. O evento foi realizado na <strong>Casa de Cultura do Butant\u00e3<\/strong>, totalmente gratuito tanto para os artistas, quanto para o p\u00fablico.<\/p>\n<p><img loading=\"lazy\" decoding=\"async\" class=\" wp-image-20443 aligncenter\" src=\"https:\/\/kriocomics.com.br\/site\/wp-content\/uploads\/2025\/01\/EducaHQ-9.jpg\" alt=\"\" width=\"614\" height=\"409\" srcset=\"https:\/\/kriocomics.com.br\/site\/wp-content\/uploads\/2025\/01\/EducaHQ-9.jpg 600w, https:\/\/kriocomics.com.br\/site\/wp-content\/uploads\/2025\/01\/EducaHQ-9-300x200.jpg 300w\" sizes=\"auto, (max-width: 614px) 100vw, 614px\" \/><\/p>\n<p style=\"text-align: justify;\">Organizado pela equipe promotora do aclamado <strong>Butant\u00e3 Gibicon<\/strong>, o <strong>EducaHQ<\/strong> visa incentivar a leitura entre os jovens, divulgar o talento de artistas brasileiros de quadrinhos, e explorar o potencial educativo das HQs em sala de aula.<\/p>\n<p><img loading=\"lazy\" decoding=\"async\" class=\"wp-image-20442 aligncenter\" src=\"https:\/\/kriocomics.com.br\/site\/wp-content\/uploads\/2025\/01\/EducaHQ-8.jpg\" alt=\"\" width=\"638\" height=\"426\" srcset=\"https:\/\/kriocomics.com.br\/site\/wp-content\/uploads\/2025\/01\/EducaHQ-8.jpg 600w, https:\/\/kriocomics.com.br\/site\/wp-content\/uploads\/2025\/01\/EducaHQ-8-300x200.jpg 300w\" sizes=\"auto, (max-width: 638px) 100vw, 638px\" \/><\/p>\n<p style=\"text-align: justify;\">A programa\u00e7\u00e3o incluiu palestras, oficinas, e o famoso Beco dos Artistas, onde os quadrinistas tiveram a oportunidade de expor, e vender suas obras, al\u00e9m de interagir diretamente com o p\u00fablico.<\/p>\n<p><img loading=\"lazy\" decoding=\"async\" class=\" wp-image-20444 aligncenter\" src=\"https:\/\/kriocomics.com.br\/site\/wp-content\/uploads\/2025\/01\/EducaHQ-7.jpg\" alt=\"\" width=\"307\" height=\"546\" srcset=\"https:\/\/kriocomics.com.br\/site\/wp-content\/uploads\/2025\/01\/EducaHQ-7.jpg 405w, https:\/\/kriocomics.com.br\/site\/wp-content\/uploads\/2025\/01\/EducaHQ-7-169x300.jpg 169w\" sizes=\"auto, (max-width: 307px) 100vw, 307px\" \/><\/p>\n<p>&nbsp;<\/p>\n<p><em>Da Reda\u00e7\u00e3o<\/em><\/p>\n","protected":false},"excerpt":{"rendered":"<p>Convidada pela organiza\u00e7\u00e3o do EducaHQ, que aconteceu entre os dias 17 e 19 de outubro de 2024, a jornalista Edna<\/p>\n","protected":false},"author":2,"featured_media":20435,"comment_status":"open","ping_status":"closed","sticky":false,"template":"","format":"standard","meta":{"sfsi_plus_gutenberg_text_before_share":"","sfsi_plus_gutenberg_show_text_before_share":"","sfsi_plus_gutenberg_icon_type":"","sfsi_plus_gutenberg_icon_alignemt":"","sfsi_plus_gutenburg_max_per_row":"","footnotes":""},"categories":[5,6820,1],"tags":[3389,2994,7607,6602,162,7606,6733,7609,7608],"class_list":["post-20434","post","type-post","status-publish","format-standard","has-post-thumbnail","hentry","category-noticias","category-novidades-da-krio","category-ultimas-noticias","tag-butanta-gibicon","tag-casa-de-cultura-do-butanta","tag-daniel-esteves","tag-editora-krio-comics","tag-edna-pessanha","tag-educahq","tag-larissa-palmieri","tag-o-fantasma-da-opera-em-sao-paulo","tag-trofeu-hqmix-2024"],"_links":{"self":[{"href":"https:\/\/kriocomics.com.br\/site\/wp-json\/wp\/v2\/posts\/20434","targetHints":{"allow":["GET"]}}],"collection":[{"href":"https:\/\/kriocomics.com.br\/site\/wp-json\/wp\/v2\/posts"}],"about":[{"href":"https:\/\/kriocomics.com.br\/site\/wp-json\/wp\/v2\/types\/post"}],"author":[{"embeddable":true,"href":"https:\/\/kriocomics.com.br\/site\/wp-json\/wp\/v2\/users\/2"}],"replies":[{"embeddable":true,"href":"https:\/\/kriocomics.com.br\/site\/wp-json\/wp\/v2\/comments?post=20434"}],"version-history":[{"count":10,"href":"https:\/\/kriocomics.com.br\/site\/wp-json\/wp\/v2\/posts\/20434\/revisions"}],"predecessor-version":[{"id":20454,"href":"https:\/\/kriocomics.com.br\/site\/wp-json\/wp\/v2\/posts\/20434\/revisions\/20454"}],"wp:featuredmedia":[{"embeddable":true,"href":"https:\/\/kriocomics.com.br\/site\/wp-json\/wp\/v2\/media\/20435"}],"wp:attachment":[{"href":"https:\/\/kriocomics.com.br\/site\/wp-json\/wp\/v2\/media?parent=20434"}],"wp:term":[{"taxonomy":"category","embeddable":true,"href":"https:\/\/kriocomics.com.br\/site\/wp-json\/wp\/v2\/categories?post=20434"},{"taxonomy":"post_tag","embeddable":true,"href":"https:\/\/kriocomics.com.br\/site\/wp-json\/wp\/v2\/tags?post=20434"}],"curies":[{"name":"wp","href":"https:\/\/api.w.org\/{rel}","templated":true}]}}